{"id":82,"date":"2008-05-21T11:34:06","date_gmt":"2008-05-21T16:34:06","guid":{"rendered":"https:\/\/eloficiodehistoriar.com.mx\/?p=82"},"modified":"2008-05-21T11:34:06","modified_gmt":"2008-05-21T16:34:06","slug":"epigmenio-gonzalez-padre-de-la-patria","status":"publish","type":"post","link":"http:\/\/eloficiodehistoriar.com.mx\/?p=82","title":{"rendered":"Epigmenio Gonz\u00e1lez, Padre de la patria"},"content":{"rendered":"<p><span style=\"font-size: 18pt; color: black; font-family: Arial\">Padre de <st1:personname ProductID=\"la Patria\" w:st=\"on\">la Patria<\/st1:personname><o:p><\/o:p><\/span><strong><span style=\"color: black; font-family: Arial\"><o:p>\u00a0<\/o:p><\/span><\/strong><strong><span style=\"color: black; font-family: Arial\">La lista de los padres de la patria est\u00e1 incompleta.<o:p><\/o:p><\/span><\/strong><strong><span style=\"color: black; font-family: Arial\">Un olvido imperdonable de la historia regional:<o:p><\/o:p><\/span><\/strong><\/p>\n<p style=\"margin: 0cm 0cm 0pt; text-align: justify\" class=\"MsoNormal\"><strong><span style=\"color: black; font-family: Arial\">El<\/span><\/strong><span style=\"font-size: 20pt; color: black; font-family: Arial\"> <\/span><strong><span style=\"color: black; font-family: Arial\">Queretano, Epigmenio Gonz\u00e1lez, es tambi\u00e9n<\/span><\/strong><\/p>\n<p><strong><span style=\"color: black; font-family: Arial\"><o:p><\/o:p><\/span><\/strong>\u00a0<span style=\"color: black; font-family: Arial\"><o:p>\u00a0<\/o:p><\/span><\/p>\n<p style=\"margin: 0cm 0cm 0pt; text-align: justify\" class=\"MsoNormal\"><span style=\"color: black; font-family: Arial\">Los restos de Epigmenio Gonz\u00e1lez fueron exhumados de <st1:personname ProductID=\"La Rotonda\" w:st=\"on\">La Rotonda<\/st1:personname> de los Hombres Ilustres en <st1:personname ProductID=\"la Ciudad\" w:st=\"on\">la Ciudad<\/st1:personname> de Guadalajara, y colocados en el Pante\u00f3n de los Queretanos Ilustres, hasta hace muy poco tiempo, pero nunca se le ha reconocido local, ni nacionalmente, el m\u00e9rito de ser uno de los padres de la patria. <\/span><\/p>\n<p><span style=\"color: black; font-family: Arial\"><o:p><\/o:p><\/span>\u00a0<strong><span style=\"color: black; font-family: Arial\"><o:p>\u00a0<\/o:p><\/span><\/strong><\/p>\n<p style=\"margin: 0cm 0cm 0pt; text-align: justify\" class=\"MsoNormal\"><em><span style=\"color: black; font-family: Arial\">Endurecida alma, escol\u00e1stico sombr\u00edo, monstruo, taimado, rencoroso, padre de gentes feroces, entra\u00f1a sin entra\u00f1as, villano, hip\u00f3crita refinado, tirano de tu tierra, impudent\u00edsimo bachiller, caco, malo, mal\u00edsimo, pervers\u00edsimo, ignorant\u00edsimo, excelent\u00edsimo p\u00edcaro, homicida, execrable majadero, primog\u00e9nito de Satan\u00e1s, maldit\u00edsimo ladr\u00f3n, insecto venenoso, energ\u00fameno, archiloco americano<\/span><\/em><span style=\"color: black; font-family: Arial\">. Ep\u00edtetos que la imprudencia europea le asest\u00f3 al Cura Hidalgo, anotados en este texto para los incr\u00e9dulos, que a\u00fan<em> <\/em>dudan del valor de la palabra escrita.<\/span><\/p>\n<p><span style=\"color: black; font-family: Arial\"><o:p><\/o:p><\/span>\u00a0<span style=\"color: black; font-family: Arial\"><o:p>\u00a0<\/o:p><\/span><\/p>\n<p style=\"margin: 0cm 0cm 0pt; text-align: justify\" class=\"MsoNormal\"><span style=\"color: black; font-family: Arial\">Pero con todo y esos decires, Epigmenio Gonz\u00e1lez, Miguel Hidalgo, Ignacio Allende, Aldama, Josefa Ortiz, ser\u00e1n los amigos y magos que deshacen el encanto de tres siglos de genocidios.<\/span><\/p>\n<p><span style=\"color: black; font-family: Arial\"><o:p><\/o:p><\/span>\u00a0<span style=\"color: black; font-family: Arial\"><o:p>\u00a0<\/o:p><\/span><\/p>\n<p style=\"margin: 0cm 0cm 0pt; text-align: justify\" class=\"MsoNormal\"><span style=\"color: black; font-family: Arial\">Epigmenio Gonz\u00e1lez en 1810 ten\u00eda 32 a\u00f1os y un peque\u00f1o comercio o taller en <st1:personname ProductID=\"la Calle\" w:st=\"on\">la Calle<\/st1:personname> de San Francisco, cuando la conspiraci\u00f3n de Quer\u00e9taro fue denunciada y su nombre uno de los primeros en salir a la luz, fue<span>\u00a0 <\/span>encarcelado, pero antes de ser detenido tuvo tiempo de enviar un mensajero a los conspiradores vecinos de San Miguel y Dolores.<\/span><\/p>\n<p><span style=\"color: black; font-family: Arial\"><o:p><\/o:p><\/span>\u00a0<span style=\"color: black; font-family: Arial\"><o:p>\u00a0<\/o:p><\/span><\/p>\n<p style=\"margin: 0cm 0cm 0pt; text-align: justify\" class=\"MsoNormal\"><span style=\"color: black; font-family: Arial\">\u201c<st1:personname ProductID=\"La Conspiraci?n\" w:st=\"on\">La Conspiraci\u00f3n<\/st1:personname> de Chocolate\u201d fue el nombre que los queretanos participantes le dar\u00edan a estas juntas independentistas, baste nombrar a los muy poco conocidos: Galv\u00e1n, Ochoa, Luis Fr\u00edas, Luis Guti\u00e9rrez, el Alcalde de Quer\u00e9taro, el cura Gil de Le\u00f3n.<\/span><\/p>\n<p><span style=\"color: black; font-family: Arial\"><o:p><\/o:p><\/span>\u00a0<span style=\"color: black; font-family: Arial\"><o:p>\u00a0<\/o:p><\/span><\/p>\n<p style=\"margin: 0cm 0cm 0pt; text-align: justify\" class=\"MsoNormal\"><span style=\"color: black; font-family: Arial\">Mientras sus paisanos queretanos cayeron en lamentables debilidades y peticiones de perd\u00f3n, \u00e9l conserv\u00f3 la dignidad y no denunci\u00f3 a nadie, m\u00e9rito y hechos poco estimados en nuestra historia regional y patria.<\/span><\/p>\n<p><span style=\"color: black; font-family: Arial\"><o:p><\/o:p><\/span>\u00a0<span style=\"color: black; font-family: Arial\"><o:p>\u00a0<\/o:p><\/span><\/p>\n<p style=\"margin: 0cm 0cm 0pt; text-align: justify\" class=\"MsoNormal\"><span style=\"color: black; font-family: Arial\">El 15 de septiembre de 1810 fue registrado el taller, lo mismo que el domicilio de Epigmenio Gonz\u00e1lez, pero m\u00e1s fueron sus convicciones insurgentes las que llevaron a sus perseguidores a darle un tormento superior a la muerte, por m\u00e1s de 27 a\u00f1os, siendo mudo, maniatado y espectador impotente de la revoluci\u00f3n de independencia.<\/span><\/p>\n<p><span style=\"color: black; font-family: Arial\"><o:p><\/o:p><\/span>\u00a0<span style=\"color: black; font-family: Arial\"><o:p>\u00a0<\/o:p><\/span><\/p>\n<p style=\"margin: 0cm 0cm 0pt; text-align: justify\" class=\"MsoNormal\"><span style=\"color: black; font-family: Arial\">El queretano Epigmenio Gonz\u00e1lez, desde la c\u00e1rcel de <st1:personname ProductID=\"la Ciudad\" w:st=\"on\">la Ciudad<\/st1:personname> de M\u00e9xico particip\u00f3 en otra conspiraci\u00f3n, llamada la de Ferrer, vali\u00e9ndole cadena perpetua en el fuerte de San Diego y luego muy enfermo, la deportaci\u00f3n a Manila, Filipinas.<\/span><\/p>\n<p><span style=\"color: black; font-family: Arial\"><o:p><\/o:p><\/span>\u00a0<span style=\"color: black; font-family: Arial\"><o:p>\u00a0<\/o:p><\/span><\/p>\n<p style=\"margin: 0cm 0cm 0pt; text-align: justify\" class=\"MsoNormal\"><span style=\"color: black; font-family: Arial\">Fue hasta 1836 cuando fue liberado, tras 27 a\u00f1os de prisi\u00f3n y otro de peregrinaci\u00f3n para llegar a su Quer\u00e9taro que le neg\u00f3 la gloria, cuando orgulloso dijo \u201c<strong>Yo soy uno de los padres de la patria, el primer armero de la revoluci\u00f3n\u201d<\/strong> y la contestaci\u00f3n de nuestros paisanos, nuevos bur\u00f3cratas, despu\u00e9s de revisar el listado, fue: \u201c<strong>Usted no est\u00e1 en la<\/strong> <strong>lista\u201d.<\/strong> Lo sabr\u00edamos esto por la publicaci\u00f3n que en 1855 hace de este acontecimiento el Diario <st1:personname ProductID=\"La Revoluci?n.\" w:st=\"on\">La Revoluci\u00f3n.<\/st1:personname><\/span><\/p>\n<p><span style=\"color: black; font-family: Arial\"><st1:personname ProductID=\"La Revoluci?n.\" w:st=\"on\"><\/st1:personname><o:p><\/o:p><\/span>\u00a0<span style=\"color: black; font-family: Arial\"><o:p>\u00a0<\/o:p><\/span><\/p>\n<p style=\"margin: 0cm 0cm 0pt; text-align: justify\" class=\"MsoNormal\"><span style=\"color: black; font-family: Arial\">En la noche del grito debiera de o\u00edrse \u00a1Viva Epigmenio Gonz\u00e1lez y los H\u00e9roes Que Nos Dieron Patria! En el Balc\u00f3n Central del Palacio Nacional, en el de Gobierno y de las 18 presidencias municipales y las m\u00e1s de 2000 restantes en el pa\u00eds.<\/span><\/p>\n<p><span style=\"color: black; font-family: Arial\"><o:p><\/o:p><\/span>\u00a0<span style=\"color: black; font-family: Arial\"><o:p>\u00a0<\/o:p><\/span><\/p>\n<p style=\"margin: 0cm 0cm 0pt; text-align: justify\" class=\"MsoNormal\"><span style=\"color: black; font-family: Arial\">En Quer\u00e9taro, \u201cUna goma de borrar gigantesca atenta contra nuestra memoria\u201d, como dijera paco Ignacio Taibo ll. Le tememos al grito de \u201cMuera el Mal Gobierno\u201d, le tememos a decir que el Cura Hidalgo no le ten\u00eda demasiado respeto a las Instituciones Universitarias, a que ten\u00eda una gran capacidad de leer, escribir y entender el Otom\u00ed, el N\u00e1huatl y el Tarasco, que llamaba a <st1:personname ProductID=\"la Inquisici?n\" w:st=\"on\">la Inquisici\u00f3n<\/st1:personname> indecorosa.<\/span><\/p>\n<p><span style=\"color: black; font-family: Arial\"><o:p><\/o:p><\/span>\u00a0<span style=\"color: black; font-family: Arial\"><o:p>\u00a0<\/o:p><\/span><\/p>\n<p style=\"margin: 0cm 0cm 0pt; text-align: justify\" class=\"MsoNormal\"><span style=\"color: black; font-family: Arial\">Con<span>\u00a0 <\/span>excepci\u00f3n de Epigmenio Gonz\u00e1lez, que a empujones y jalones fue llevado a la c\u00e1rcel, los queretanos participantes en las juntas literarias de Quer\u00e9taro, cayeron en lamentables, debilidades, vacilaciones y entregas, de las que no resistimos hablar.<\/span><\/p>\n<p><span style=\"color: black; font-family: Arial\"><o:p><\/o:p><\/span>\u00a0<span style=\"color: black; font-family: Arial\"><o:p>\u00a0<\/o:p><\/span><\/p>\n<p style=\"margin: 0cm 0cm 0pt; text-align: justify\" class=\"MsoNormal\"><span style=\"color: black; font-family: Arial\">Los queretanos no queremos reconocer que la lujuriosa prosa de las juntas literarias y<span>\u00a0 <\/span>chocolateras, estaban llena de soplones y traidores, donde al primer grito se deslindaron, s\u00f3lo Epigmenio Gonz\u00e1lez se mantuvo firme a sus ideales de independencia, en contraposici\u00f3n a otros queretanos como Luis Fr\u00edas, que fuera un sopl\u00f3n.<\/span><\/p>\n<p><span style=\"color: black; font-family: Arial\"><o:p><\/o:p><\/span>\u00a0<span style=\"color: black; font-family: Arial\"><o:p>\u00a0<\/o:p><\/span><\/p>\n<p style=\"margin: 0cm 0cm 0pt; text-align: justify\" class=\"MsoNormal\"><span style=\"color: black; font-family: Arial\">En horas, el grupo de queretanos que se reun\u00eda con Hidalgo, Allende y Aldama qued\u00f3 desarticulado.<\/span><\/p>\n<p><span style=\"color: black; font-family: Arial\"><o:p><\/o:p><\/span>\u00a0<span style=\"color: black; font-family: Arial\"><o:p>\u00a0<\/o:p><\/span><\/p>\n<p style=\"margin: 0cm 0cm 0pt; text-align: justify\" class=\"MsoNormal\"><span style=\"color: black; font-family: Arial\">Quer\u00e9taro necesita reconocer, que a pesar de que el mensaje de Do\u00f1a Josefa, fue sin duda verbal, al alcaide de la c\u00e1rcel Ignacio P\u00e9rez, sin duda era una dama de letras y basta recordar tres cartas facsimilares, escritas y firmadas por ella, junto con Epigmenio Gonz\u00e1lez, sobrevivientes \u00fanicos al proceso revolucionario de Independencia, los dos insurgentes, la una conservadora no nacida en Quer\u00e9taro y el otro liberal queretano.<\/span><\/p>\n<p><span style=\"color: black; font-family: Arial\"><o:p><\/o:p><\/span>\u00a0<span style=\"color: black; font-family: Arial\"><o:p>\u00a0<\/o:p><\/span><\/p>\n<p style=\"margin: 0cm 0cm 0pt; text-align: justify\" class=\"MsoNormal\"><span style=\"color: black; font-family: Arial\">Epigmenio Gonz\u00e1lez, naci\u00f3 en la ciudad de Quer\u00e9taro en 1778, de joven se dedic\u00f3 al comercio, casado con Anastasia Ju\u00e1rez, con quien procre\u00f3 tres hijos. De ideas libertarias e independentistas dijo: \u201cEstoy dispuesto a sacrificarlo todo en bien de mi patria\u201d.<\/span><\/p>\n<p><span style=\"color: black; font-family: Arial\"><o:p><\/o:p><\/span>\u00a0<span style=\"color: black; font-family: Arial\"><o:p>\u00a0<\/o:p><\/span><\/p>\n<p style=\"margin: 0cm 0cm 0pt; text-align: justify\" class=\"MsoNormal\"><span style=\"color: black; font-family: Arial\">Particip\u00f3 en las llamadas \u201cjuntas literarias\u201d o al tiempo \u201cChocolateras\u201d, en las casas de Dr. S\u00e1nchez y del Lic. Parra, asumiendo el compromiso de proveer armas y municiones al ej\u00e9rcito que se estaba formando. Araujo y otros participantes denunciaron el movimiento y se\u00f1alaron a los hermanos Emeterio y Epigmenio Gonz\u00e1lez, por acopio de armas. <\/span><\/p>\n<p><span style=\"color: black; font-family: Arial\"><o:p><\/o:p><\/span>\u00a0<span style=\"color: black; font-family: Arial\"><o:p>\u00a0<\/o:p><\/span><\/p>\n<p style=\"margin: 0cm 0cm 0pt; text-align: justify\" class=\"MsoNormal\"><span style=\"color: black; font-family: Arial\">Epigmenio Gonz\u00e1lez fue arrestado primeramente en una celda del Convento de <st1:personname ProductID=\"La Cruz. Los\" w:st=\"on\"><st1:personname ProductID=\"La Cruz.\" w:st=\"on\">La Cruz.<\/st1:personname> Los<\/st1:personname> documentos encontrados en la casa y tienda de los hermanos Gonz\u00e1lez, fueron suficientes para seguir arrestados y la orgullosa presencia de Epigmenio Gonz\u00e1lez fue suficiente para tomarla como agravio a las autoridades, quienes se ensa\u00f1aron con \u00e9l y lo vejaron en su dignidad, traslad\u00e1ndolo a <st1:personname ProductID=\"la Ciudad\" w:st=\"on\">la Ciudad<\/st1:personname> de M\u00e9xico montado en una mula con la cara vuelta a la grapa.<\/span><\/p>\n<p><span style=\"color: black; font-family: Arial\"><o:p><\/o:p><\/span>\u00a0<span style=\"color: black; font-family: Arial\"><o:p>\u00a0<\/o:p><\/span><\/p>\n<p style=\"margin: 0cm 0cm 0pt; text-align: justify\" class=\"MsoNormal\"><span style=\"color: black; font-family: Arial\">Fue acusado de fomentar una conspiraci\u00f3n en la misma c\u00e1rcel, siendo el motivo un follet\u00edn subversivo llamado \u201cAurora Queretana\u201d.<\/span><\/p>\n<p><span style=\"color: black; font-family: Arial\"><o:p><\/o:p><\/span>\u00a0<span style=\"color: black; font-family: Arial\"><o:p>\u00a0<\/o:p><\/span><\/p>\n<p style=\"margin: 0cm 0cm 0pt; text-align: justify\" class=\"MsoNormal\"><span style=\"color: black; font-family: Arial\">Mientras las hordas que comandaba Hidalgo, vaciaban las c\u00e1rceles a su paso, pero no se trataba de engrosar al ej\u00e9rcito, sino de transmitir el nuevo mensaje, el de la insurgencia, en palabras y hechos de Hidalgo, \u201cSu Justicia no es Nuestra Justicia\u201d.<\/span><\/p>\n<p><span style=\"color: black; font-family: Arial\"><o:p><\/o:p><\/span>\u00a0<span style=\"color: black; font-family: Arial\"><o:p>\u00a0<\/o:p><\/span><\/p>\n<p style=\"margin: 0cm 0cm 0pt; text-align: justify\" class=\"MsoNormal\"><span style=\"color: black; font-family: Arial\">Esas leyes que hab\u00edan metido presos a los mexicanos por pobres, no comulgaban con los principios de <st1:personname ProductID=\"la Insurrecci?n\" w:st=\"on\">la Insurrecci\u00f3n<\/st1:personname>, que nacen no de un golpe militar, sino desde abajo, desde la ra\u00edz de una sociedad llena de agravios que para el 19 de Septiembre de 1810 eran ya 6 000 y el lienzo de <st1:personname ProductID=\"la Virgen\" w:st=\"on\">la Virgen<\/st1:personname> de Guadalupe, la bandera.<\/span><\/p>\n<p><span style=\"color: black; font-family: Arial\"><o:p><\/o:p><\/span>\u00a0<span style=\"color: black; font-family: Arial\"><o:p>\u00a0<\/o:p><\/span><strong><span style=\"color: black; font-family: Arial\">\u00bfQui\u00e9n al gachup\u00edn humilla?<o:p><\/o:p><\/span><\/strong><strong><span style=\"color: black; font-family: Arial\">Costilla<o:p><\/o:p><\/span><\/strong><strong><span style=\"color: black; font-family: Arial\">\u00bfQui\u00e9n al pobr\u00edsimo defiende?<o:p><\/o:p><\/span><\/strong><strong><span style=\"color: black; font-family: Arial\">Allende<o:p><\/o:p><\/span><\/strong><strong><span style=\"color: black; font-family: Arial\">\u00bfQui\u00e9n su libertad aclama?<o:p><\/o:p><\/span><\/strong><\/p>\n<p style=\"margin: 0cm 0cm 0pt; text-align: justify\" class=\"MsoNormal\"><strong><span style=\"color: black; font-family: Arial\">Aldama<\/span><\/strong><\/p>\n<p><strong><span style=\"color: black; font-family: Arial\"><o:p><\/o:p><\/span><\/strong>\u00a0<em><span style=\"color: black; font-family: Arial\"><o:p>\u00a0<\/o:p><\/span><\/em><\/p>\n<p style=\"margin: 0cm 0cm 0pt; text-align: justify\" class=\"MsoNormal\"><span style=\"color: black; font-family: Arial\">En Ixtlahuaca se muestran los edictos de excomuni\u00f3n y las \u00f3rdenes del Santo Oficio contra Hidalgo, pero la respuesta de las hordas ser\u00e1 \u201cViene entre nosotros quien absuelve de las excomuniones del Santo Oficio\u201d No m\u00e1s \u00a1Ni inquisidor gachup\u00edn, ni arzobispo gachup\u00edn, ni virrey gachup\u00edn! <\/span><\/p>\n<p><span style=\"color: black; font-family: Arial\"><o:p><\/o:p><\/span>\u00a0<span style=\"color: black; font-family: Arial\"><o:p>\u00a0<\/o:p><\/span><\/p>\n<p style=\"margin: 0cm 0cm 0pt; text-align: justify\" class=\"MsoNormal\"><span style=\"color: black; font-family: Arial\">No hay duda de que Allende fue el gran conspirador, que el movimiento de Quer\u00e9taro tuvo una red enorme de simpatizantes, pero tampoco hay duda de que el alzamiento se produjo la noche del 15 de Septiembre gracias a la voluntad del Cura Hidalgo.<\/span><\/p>\n<p><span style=\"color: black; font-family: Arial\"><o:p><\/o:p><\/span>\u00a0<span style=\"color: black; font-family: Arial\"><o:p>\u00a0<\/o:p><\/span><\/p>\n<p style=\"margin: 0cm 0cm 0pt; text-align: justify\" class=\"MsoNormal\"><span style=\"color: black; font-family: Arial\">Miguel Hidalgo despreciador de las ense\u00f1anzas universitarias, cura contestatario, contendiente y amigo del Capit\u00e1n Allende. Compa\u00f1eros en la ejecuci\u00f3n.<\/span><\/p>\n<p><span style=\"color: black; font-family: Arial\"><o:p><\/o:p><\/span>\u00a0<span style=\"color: black; font-family: Arial\"><o:p>\u00a0<\/o:p><\/span><\/p>\n<p style=\"margin: 0cm 0cm 0pt; text-align: justify\" class=\"MsoNormal\"><span style=\"color: black; font-family: Arial\">La lectura de la obra de Luis Villoro nos har\u00e1 tener una mejor valoraci\u00f3n ideol\u00f3gica de <st1:personname ProductID=\"la Revoluci?n\" w:st=\"on\">la Revoluci\u00f3n<\/st1:personname> de Independencia, y nuestro queretano Heriberto Fr\u00edas, con mucho color nos narrar\u00e1 las batallas de su primera etapa, pero nunca superar\u00e1 a las lecciones de Historia Patria de Guillermo Prieto, nuestro visitante ilustre. <\/span><\/p>\n<p><span style=\"color: black; font-family: Arial\"><o:p><\/o:p><\/span>\u00a0<span style=\"color: black; font-family: Arial\"><o:p>\u00a0<\/o:p><\/span><\/p>\n<p style=\"margin: 0cm 0cm 0pt; text-align: justify\" class=\"MsoNormal\"><span style=\"color: black; font-family: Arial\">Manuel Septi\u00e9n y Septi\u00e9n, biografi\u00f3 a Epigmenio Gonz\u00e1lez, con motivo de su regreso a Quer\u00e9taro al Pante\u00f3n de los Hombres Ilustres, pero se olvid\u00f3 de que es, al igual que Hidalgo, Morelos, Allende, Aldama, Josefa Ortiz, Padre de <st1:personname ProductID=\"la Patria.\" w:st=\"on\">la Patria.<\/st1:personname><\/span><\/p>\n<p><span style=\"color: black; font-family: Arial\"><st1:personname ProductID=\"la Patria.\" w:st=\"on\"><\/st1:personname><o:p><\/o:p><\/span>\u00a0<span style=\"color: black; font-family: Arial\"><o:p>\u00a0<\/o:p><\/span><span style=\"color: black; font-family: Arial\"><o:p>\u00a0<\/o:p><\/span><\/p>\n","protected":false},"excerpt":{"rendered":"<p>Padre de la Patria\u00a0La lista de los padres de la patria est\u00e1 incompleta.Un olvido imperdonable de la historia regional: El Queretano, Epigmenio Gonz\u00e1lez, es tambi\u00e9n \u00a0\u00a0 Los restos de Epigmenio Gonz\u00e1lez fueron exhumados de La Rotonda de los Hombres Ilustres en la Ciudad de Guadalajara, y colocados en el Pante\u00f3n de los Queretanos Ilustres, hasta [&hellip;]<\/p>\n","protected":false},"author":249,"featured_media":0,"comment_status":"open","ping_status":"closed","sticky":false,"template":"","format":"standard","meta":{"footnotes":""},"categories":[8],"tags":[],"class_list":["post-82","post","type-post","status-publish","format-standard","hentry","category-ciudad-de-queretaro"],"_links":{"self":[{"href":"http:\/\/eloficiodehistoriar.com.mx\/index.php?rest_route=\/wp\/v2\/posts\/82","targetHints":{"allow":["GET"]}}],"collection":[{"href":"http:\/\/eloficiodehistoriar.com.mx\/index.php?rest_route=\/wp\/v2\/posts"}],"about":[{"href":"http:\/\/eloficiodehistoriar.com.mx\/index.php?rest_route=\/wp\/v2\/types\/post"}],"author":[{"embeddable":true,"href":"http:\/\/eloficiodehistoriar.com.mx\/index.php?rest_route=\/wp\/v2\/users\/249"}],"replies":[{"embeddable":true,"href":"http:\/\/eloficiodehistoriar.com.mx\/index.php?rest_route=%2Fwp%2Fv2%2Fcomments&post=82"}],"version-history":[{"count":0,"href":"http:\/\/eloficiodehistoriar.com.mx\/index.php?rest_route=\/wp\/v2\/posts\/82\/revisions"}],"wp:attachment":[{"href":"http:\/\/eloficiodehistoriar.com.mx\/index.php?rest_route=%2Fwp%2Fv2%2Fmedia&parent=82"}],"wp:term":[{"taxonomy":"category","embeddable":true,"href":"http:\/\/eloficiodehistoriar.com.mx\/index.php?rest_route=%2Fwp%2Fv2%2Fcategories&post=82"},{"taxonomy":"post_tag","embeddable":true,"href":"http:\/\/eloficiodehistoriar.com.mx\/index.php?rest_route=%2Fwp%2Fv2%2Ftags&post=82"}],"curies":[{"name":"wp","href":"https:\/\/api.w.org\/{rel}","templated":true}]}}