{"id":8223,"date":"2011-04-11T07:19:46","date_gmt":"2011-04-11T13:19:46","guid":{"rendered":"https:\/\/eloficiodehistoriar.com.mx\/?p=8223"},"modified":"2011-04-11T07:19:46","modified_gmt":"2011-04-11T13:19:46","slug":"la-gran-biblioteca-de-mario-rodriguez","status":"publish","type":"post","link":"http:\/\/eloficiodehistoriar.com.mx\/?p=8223","title":{"rendered":"La gran biblioteca de Mario Rodr\u00edguez"},"content":{"rendered":"<p>\u201cAQUELLOS TIEMPOS\u201d.<\/p>\n<p>Mario Rodr\u00edguez Estrada.-(Mario RE).-<\/p>\n<p>\u201cLA EXPERIENCIA ME HA ENSE\u00d1ADO QUE NO EXISTE ORGANISMO TAN PODEROSO PARA EL BIEN, NI QUE DISPENSE TANTOS BENEFICIOS A UNA SOCIEDAD, COMO EL QUE PONE AL ALCANCE DE TODOS, EN LAS PAGINAS DE UN LIBRO, LOS TESOROS DE LA TIERRA\u201d.- Dale Carnegie.<\/p>\n<p>Mis hijos, familiares y amigos, se extra\u00f1an que guarde con tanto celo las diarias ediciones de la \u201cJornada\u201d, las semanarias de \u201cTribuna de Quer\u00e9taro\u201d, \u201cLibertad en palabra\u201d y las mensuales de \u201dHoja x Hoja\u201d, ahora \u201cP\u00e1gina tras p\u00e1gina\u201d, llenando voluminosamente los pocos espacios libres, que a\u00fan quedan en mi casa, y m\u00e1s se extra\u00f1an que pacientemente los clasifique por fechas, los alinee, los planche y proceda a coserlos, para finalmente encuadernarlos, usando como tapas, los cartones de las pocas cajas de \u201cpizzas\u201d y cajones que perge\u00f1o en el mes, tras de nuestras visitas a las tiendas y almacenes  de v\u00edveres\u2026y que despu\u00e9s me pase horas enteras volviendo a releer , casi amorosamente, sus ya vistas y viejas p\u00e1ginas\u2026y lo que no saben, es que, lo mismo que Dale Carnegie, descubr\u00ed  en sus reunidas hojas, un inmenso tesoro, que no contiene ning\u00fan otro libro.<\/p>\n<p> Desde muy ni\u00f1o, los peri\u00f3dicos me llamaron mucho la atenci\u00f3n, tanto que ah\u00ed aprend\u00ed a visualizar aquellos danzarines signos, que los mayores le\u00edan y que significaban sonidos, mis primeros amigos fueron los concernientes a lo que luego supe, se llamaban vocales, la gordita y redonda correspond\u00eda a la \u201cO\u201d; la flaquita, flaquita con un puntito arriba quer\u00eda decir \u201ci\u201d; las ondas parecidas a los arcos, quer\u00edan decir \u201cU\u201d: la firmemente parada con separados pies, era la \u201cA\u201d,  y aquella con tres piquitos amenazantes quer\u00eda decir \u201cE\u201d\u2026las otras me costaron conocerlas un poco m\u00e1s de trabajo, pero siguiendo el m\u00e9todo de Don PIPIRULANDO ( CRI-CRI), uniendo unas con otras se forman palabras\u2026claro que la primera fue con la \u201cm\u201d, mam\u00e1, y la segunda con la \u201cp\u201d fue pap\u00e1, y as\u00ed me fui\u2026Ya mucho m\u00e1s viejo empec\u00e9 a coleccionar \u201cSelecciones\u201d la que tengo es desde los a\u00f1os de 1942, despu\u00e9s \u201cContenido\u201d, luego descubr\u00ed \u201cPROCESO\u201d, la que tengo desde el n\u00famero 27\u2026por mis primos de M\u00e9xico, los Estrada Reyes, me top\u00e9 con \u201cLa Jornada\u201d y fue un amor a primera vista, cuando no la leo, siento que desperdici\u00e9 un d\u00eda\u2026algunos veces no la consigo, pues estoy de viaje u otro motivo, y la suplo con alg\u00fan otro parecido, pero no le llegan ni a los talones\u2026casi de cabo a rabo leo \u201cTribuna de Quer\u00e9taro\u201d\u2026su contenido vale su peso en oro\u2026muchos n\u00fameros se me escapan, pues se termina pronto, algunos puestos lo regalan y otros lo venden\u2026as\u00ed que mis \u201ctomos\u201d no contienen m\u00e1s que los que pude conseguir\u2026\u201dP\u00e1gina tras p\u00e1gina\u201d, lo mismo, es una publicaci\u00f3n de los libreros queretanos y no tiene abuelita, pues a muchos de sus articulistas les conozco, como el Magister Alejandro  E. Obreg\u00f3n \u00c1lvarez  (\u00bfCu\u00e1l es mi libro preferido?), o el joven Maestro Jos\u00e9 Mart\u00edn Hurtado G\u00e1lvez (Lectura en voz alta), Edgardo Moreno P\u00e9rez y todos los que ah\u00ed escriben completan un excelente cuadro .<\/p>\n<p> Poco a poco mi hemeroteca trata de igualar a mi biblioteca, pero el espacio f\u00edsico, ya pronto me impedir\u00e1 seguir coleccion\u00e1ndolos y pronto, muy pronto, dejar\u00e9 de hacerlo y me tendr\u00e9 que conformar con leer lo que ya poseo\u2026ojal\u00e1 la vida me permita darle a todo una segunda vuelta\u2026cuando yo ya no est\u00e9, no s\u00e9 que vaya a pasar con tanto material, se lo dejar\u00e9 al albedr\u00edo de mis herederos, principalmente de mi albacea\u2026mi sufrido (por su aguante) hijo Jorge Mario\u2026y lo que \u00e9l haga estar\u00e1 bien\u2026por lo pronto, el placer que ellos, mis libros, peri\u00f3dicos, revistas y discos, me ofrecen, mis queridos amigos oyentes y leyentes, es  inenarrable\u2026se los recomiendo\u2026les abraza su amigo de \u201cAquellos tiempos\u201d\u2026Mario RE.<\/p>\n","protected":false},"excerpt":{"rendered":"<p>\u201cAQUELLOS TIEMPOS\u201d. Mario Rodr\u00edguez Estrada.-(Mario RE).- \u201cLA EXPERIENCIA ME HA ENSE\u00d1ADO QUE NO EXISTE ORGANISMO TAN PODEROSO PARA EL BIEN, NI QUE DISPENSE TANTOS BENEFICIOS A UNA SOCIEDAD, COMO EL QUE PONE AL ALCANCE DE TODOS, EN LAS PAGINAS DE UN LIBRO, LOS TESOROS DE LA TIERRA\u201d.- Dale Carnegie. Mis hijos, familiares y amigos, se [&hellip;]<\/p>\n","protected":false},"author":249,"featured_media":0,"comment_status":"open","ping_status":"closed","sticky":false,"template":"","format":"standard","meta":{"footnotes":""},"categories":[8,10,6],"tags":[],"class_list":["post-8223","post","type-post","status-publish","format-standard","hentry","category-ciudad-de-queretaro","category-historia","category-valles-centrales"],"_links":{"self":[{"href":"http:\/\/eloficiodehistoriar.com.mx\/index.php?rest_route=\/wp\/v2\/posts\/8223","targetHints":{"allow":["GET"]}}],"collection":[{"href":"http:\/\/eloficiodehistoriar.com.mx\/index.php?rest_route=\/wp\/v2\/posts"}],"about":[{"href":"http:\/\/eloficiodehistoriar.com.mx\/index.php?rest_route=\/wp\/v2\/types\/post"}],"author":[{"embeddable":true,"href":"http:\/\/eloficiodehistoriar.com.mx\/index.php?rest_route=\/wp\/v2\/users\/249"}],"replies":[{"embeddable":true,"href":"http:\/\/eloficiodehistoriar.com.mx\/index.php?rest_route=%2Fwp%2Fv2%2Fcomments&post=8223"}],"version-history":[{"count":1,"href":"http:\/\/eloficiodehistoriar.com.mx\/index.php?rest_route=\/wp\/v2\/posts\/8223\/revisions"}],"predecessor-version":[{"id":8224,"href":"http:\/\/eloficiodehistoriar.com.mx\/index.php?rest_route=\/wp\/v2\/posts\/8223\/revisions\/8224"}],"wp:attachment":[{"href":"http:\/\/eloficiodehistoriar.com.mx\/index.php?rest_route=%2Fwp%2Fv2%2Fmedia&parent=8223"}],"wp:term":[{"taxonomy":"category","embeddable":true,"href":"http:\/\/eloficiodehistoriar.com.mx\/index.php?rest_route=%2Fwp%2Fv2%2Fcategories&post=8223"},{"taxonomy":"post_tag","embeddable":true,"href":"http:\/\/eloficiodehistoriar.com.mx\/index.php?rest_route=%2Fwp%2Fv2%2Ftags&post=8223"}],"curies":[{"name":"wp","href":"https:\/\/api.w.org\/{rel}","templated":true}]}}