{"id":8225,"date":"2011-04-11T07:28:19","date_gmt":"2011-04-11T13:28:19","guid":{"rendered":"https:\/\/eloficiodehistoriar.com.mx\/?p=8225"},"modified":"2011-04-11T07:28:19","modified_gmt":"2011-04-11T13:28:19","slug":"un-razonamiento-de-un-estudiante-de-sociologia-de-la-u-a-q","status":"publish","type":"post","link":"http:\/\/eloficiodehistoriar.com.mx\/?p=8225","title":{"rendered":"Un razonamiento de un estudiante de sociolog\u00eda de la U A Q"},"content":{"rendered":"<p>Un razonamiento de estudiante de sociolog\u00eda de la U A Q&#8230;<\/p>\n<p>Que tal, mi nombre es Jos\u00e9 Luis Rodr\u00edguez y soy estudiante de Sociolog\u00eda de la Universidad Aut\u00f3noma de Quer\u00e9taro. Pocas veces reenv\u00edo mails a mis contactos, sobre todo aquellas cadenas que hablan sobre los supuestos milagros de la vida y que pretenden dar soluci\u00f3n a todos nuestros males. Esta vez, es diferente, muy diferente&#8230; <\/p>\n<p>En primera instancia, me he tomado el tiempo de escribir \u00e9ste mail para tratar de informarte a ti sobre lo que est\u00e1 sucediendo mientras descansas, duermes, r\u00edes, y, efectivamente, mientras te tomas el tiempo de leerme.<\/p>\n<p>Ya estoy harto de tanta ingenuidad, ignorancia, &#8216;vale madrismo&#8217;, motejamiento, discriminaci\u00f3n, crimen, falsedad, etc, etc, etc,. Am\u00e9n.<\/p>\n<p>CONSIDERO QUE ESTO \u00a1\u00a1\u00a1\u00a1\u00a1NOS INVOLUCRA A TODOS!!!!! TANTO INDIRECTAMENTE COMO DE FORMA MANIFIESTA:<\/p>\n<p>LEE ATENTAMENTE:<\/p>\n<p>La iniciativa de reforma laboral presentada por el PRI el 10 de Marzo del 2011, propone:<\/p>\n<p>* ANULAR los principios de &#8216;ESTABILIDAD LABORAL&#8217;, es decir, se LEGITIMA crear CONTRATOS TEMPORALES por el tiempo que el patr\u00f3n decida (as\u00ed puedan ser, por s\u00f3lo HORAS o MINUTOS), obvio para EVITAR que todo individuo genere ANTIG\u00dcEDAD. Pero detr\u00e1s de \u00e9sto se LEGITIMA EL LIBRE DESPIDO BAJO CONTRATOS TEMPORALES  &#8216;SIN DERECHO A INDEMNIZACI\u00d3N&#8217; no importando el tiempo que se haya rentado la fuerza de trabajo.<\/p>\n<p>*PULVERIZAR EL SALARIO M\u00cdNIMO FRACCIONADO ENTRE LAS HORAS REALES PRODUCTIVAS, es decir, tu hora laboral &#8216;productiva&#8217; ser\u00e1 pagada aproximadamente por alrededor de $7.47 pesos.<\/p>\n<p>*SE LEGITIMA EL DESPIDO CONTRA FALTAS A LOS CLIENTES DEL PATR\u00d3N (pueden ser morales, \u00e9ticas o simples juicios de valor) \u00a1Ojo para aquellos que trabajen, principalmente, para el sector de servicios &#8216;al cliente&#8217;!<\/p>\n<p>*SE LEGITIMA EL CONTROL EXHAUSTIVO, LA CORRUPCI\u00d3N Y LA REPRESI\u00d3N contra los trabajadores. (principalmente aquellos que deseen luchar y organizarse para defender sus derechos)<\/p>\n<p>* SE LEGITIMA EL &#8216;ABARATAMIENTO&#8217; DE LA MANO DE OBRA, SE INCREMENTAN LOS ACCIDENTES DE TRABAJO &#8216;NO RESPONSABILIZADOS&#8217;, RID\u00cdCULAS SANCIONES POR &#8216;INCUMPLIMIENTO LABORAL, SE EXALTA LA INEQUIDAD DE G\u00c9NERO Y EL HOSTIGAMIENTO SEXUAL LABORAL.<\/p>\n<p>* SE LEGITIMA QUE LAS HORAS DE TRABAJO SE AJUSTEN EN FUNCI\u00d3N DE LAS NECESIDADES DE LA PRODUCCI\u00d3N, osea, los horarios de trabajo se fijar\u00e1n en el momento en que el patr\u00f3n desee de tu trabajo, sin que por ello puedas influir. <\/p>\n<p>* SE LEGALIZA LA SUBCONTRATACI\u00d3N V\u00cdA OUTSORCING, A TRAV\u00c9S DE LA CUAL LAS EMPRESAS EVADEN SUS RESPONSABILIDADES LABORALES CON RESPECTO A T\u00cd. Por lo tanto, &#8216;SE LEGITIMAN FRAUDES LEGALES CONTRA TODOS LOS TRABAJADORES&#8217;.<\/p>\n<p>NO NECESITO DECIRTE M\u00c1S, ES SUFICIENTE LO QUE ANTERIORMENTE HE MANIFESTADO PUESTO QUE &#8216;AFECTA A TODO &#8216;INDIVIDUO ECON\u00d3MICAMENTE ACTIVO&#8217; NO IMPORTANTO CLASE SOCIAL, STATUS, SEXO, IDEOLOG\u00cdA, NI NADA POR EL ESTILO&#8230;<\/p>\n<p>Como estudiante me preocupo por mi futuro. Como otros muchos &#8216;Estudio para Trabajar&#8217; y NO DEJAR\u00c9 QUE VIOLEN MIS DERECHOS LABORALES 238 DIPUTADOS DEL GRUPO PARLAMENTARIO DEL PRI. \u00bfY T\u00da?<\/p>\n<p>\u00a1YA BASTA! SEAS AMA DE CASA, DESEMPLEADO, ESTUDIANTE, EN BUSCA DE EMPLEO, EMPLEADO, DE OTRA RELIGI\u00d3N O PREFERENCIA SEXUAL, DEL SUR-CENTRO-NORTE DEL PA\u00cdS. \u00a1\u00a1\u00a1\u00a1\u00a1\u00a1ACT\u00daA!!!!!<\/p>\n<p>\u00bfPor que? POR SI NO TE ES SUFICIENTE.<br \/>\nDATE CUENTA QUE, MIENTRAS DISFRUTAS TU DOMINGO SANTO, ESTAS DE VACACIONES, EN LA PLAYA, VIENDO LA TELEVISI\u00d3N O TAN S\u00d3LO MIENTRAS DUERMES &#8216;TE EST\u00c1N HEREDANDO UN PATRIMONIO DE LA VIDA DONDE REINA LA EXPLOTACI\u00d3N Y GLORIA LA POBREZA! <\/p>\n<p>T\u00da DIR\u00c1S&#8230;..<\/p>\n<p>CONOCE, INF\u00d3RMATE, MOVILIZATE, PASA LA VOZ, MANIFIESTATE, ACERCATE A LOS FOROS, A LAS UNIVERSIDADES, A LOS SINDICATOS EN PRO DE LA HUMANIDAD&#8230;<\/p>\n<p>APOYANOS A QUE ESTO NO SUCEDA!!!!<\/p>\n<p>El d\u00eda 13 de Abril del 2011, el descontento estudiantil de la UAQ en cohesi\u00f3n con la SOCIEDAD CIVIL marchar\u00e1 con el orgullo de demostrar a quienes aplique que no somos ignorantes, y que nuestra fuerza es mayor. Que nuestro dirigentes son nuestros empleados y que no pueden decidir por nosotros. <\/p>\n<p>\u00a1\u00a1DEMOSTREMOS QUE NUESTRA &#8216;INDIVIDUALIDAD&#8217; NO ES NUESTRA PEOR DEBILIDAD, SINO NUESTRA MEJOR DEFENSA!!<\/p>\n<p>PUNTO DE ENCUENTRO: RECTOR\u00cdA UAQ (Circuito Universitario, Cerro de las campanas)<\/p>\n<p>Recuerda: 13 de abril a las 13:00 hrs. (Recorrido de rector\u00eda de la UAQ al palacio de gobierno en plaza de armas) &#8211;REENVIALO&#8211;<\/p>\n<p>Jos\u00e9 Luis Rodr\u00edguez<\/p>\n","protected":false},"excerpt":{"rendered":"<p>Un razonamiento de estudiante de sociolog\u00eda de la U A Q&#8230; Que tal, mi nombre es Jos\u00e9 Luis Rodr\u00edguez y soy estudiante de Sociolog\u00eda de la Universidad Aut\u00f3noma de Quer\u00e9taro. Pocas veces reenv\u00edo mails a mis contactos, sobre todo aquellas cadenas que hablan sobre los supuestos milagros de la vida y que pretenden dar soluci\u00f3n [&hellip;]<\/p>\n","protected":false},"author":249,"featured_media":0,"comment_status":"open","ping_status":"closed","sticky":false,"template":"","format":"standard","meta":{"footnotes":""},"categories":[26],"tags":[],"class_list":["post-8225","post","type-post","status-publish","format-standard","hentry","category-mundo"],"_links":{"self":[{"href":"http:\/\/eloficiodehistoriar.com.mx\/index.php?rest_route=\/wp\/v2\/posts\/8225","targetHints":{"allow":["GET"]}}],"collection":[{"href":"http:\/\/eloficiodehistoriar.com.mx\/index.php?rest_route=\/wp\/v2\/posts"}],"about":[{"href":"http:\/\/eloficiodehistoriar.com.mx\/index.php?rest_route=\/wp\/v2\/types\/post"}],"author":[{"embeddable":true,"href":"http:\/\/eloficiodehistoriar.com.mx\/index.php?rest_route=\/wp\/v2\/users\/249"}],"replies":[{"embeddable":true,"href":"http:\/\/eloficiodehistoriar.com.mx\/index.php?rest_route=%2Fwp%2Fv2%2Fcomments&post=8225"}],"version-history":[{"count":2,"href":"http:\/\/eloficiodehistoriar.com.mx\/index.php?rest_route=\/wp\/v2\/posts\/8225\/revisions"}],"predecessor-version":[{"id":8227,"href":"http:\/\/eloficiodehistoriar.com.mx\/index.php?rest_route=\/wp\/v2\/posts\/8225\/revisions\/8227"}],"wp:attachment":[{"href":"http:\/\/eloficiodehistoriar.com.mx\/index.php?rest_route=%2Fwp%2Fv2%2Fmedia&parent=8225"}],"wp:term":[{"taxonomy":"category","embeddable":true,"href":"http:\/\/eloficiodehistoriar.com.mx\/index.php?rest_route=%2Fwp%2Fv2%2Fcategories&post=8225"},{"taxonomy":"post_tag","embeddable":true,"href":"http:\/\/eloficiodehistoriar.com.mx\/index.php?rest_route=%2Fwp%2Fv2%2Ftags&post=8225"}],"curies":[{"name":"wp","href":"https:\/\/api.w.org\/{rel}","templated":true}]}}