{"id":827,"date":"2008-07-30T08:34:14","date_gmt":"2008-07-30T13:34:14","guid":{"rendered":"https:\/\/eloficiodehistoriar.com.mx\/?p=827"},"modified":"2008-07-30T08:34:14","modified_gmt":"2008-07-30T13:34:14","slug":"algunos-servicio-culturales-que-ofrece-queretaro","status":"publish","type":"post","link":"http:\/\/eloficiodehistoriar.com.mx\/?p=827","title":{"rendered":"Algunos servicio culturales que ofrece Quer\u00e9taro&#8230;"},"content":{"rendered":"<p><strong><span style=\"font-size: 14pt\"><font face=\"Times New Roman\">Lista de instituciones culturales en Quer\u00e9taro:<o:p><\/o:p><\/font><\/span><\/strong><o:p><font face=\"Times New Roman\">\u00a0<\/font><\/o:p><\/p>\n<p style=\"margin: 0cm 0cm 0pt\" class=\"MsoNormal\"><font face=\"Times New Roman\">Conservatorio de M\u00fasica<\/font><\/p>\n<p><o:p><font face=\"Times New Roman\">\u00a0<\/font><\/o:p><\/p>\n<p style=\"margin: 0cm 0cm 0pt\" class=\"MsoNormal\"><font face=\"Times New Roman\">Escuela de Lauder\u00eda<\/font><\/p>\n<p><o:p><font face=\"Times New Roman\">\u00a0<\/font><\/o:p><\/p>\n<p style=\"margin: 0cm 0cm 0pt\" class=\"MsoNormal\"><font face=\"Times New Roman\">Culturas populares, investigaci\u00f3n.<\/font><\/p>\n<p><o:p><font face=\"Times New Roman\">\u00a0<\/font><\/o:p><\/p>\n<p style=\"margin: 0cm 0cm 0pt\" class=\"MsoNormal\"><font face=\"Times New Roman\">Ecuela de artes y oficios<\/font><\/p>\n<p><o:p><font face=\"Times New Roman\">\u00a0<\/font><\/o:p><\/p>\n<p style=\"margin: 0cm 0cm 0pt\" class=\"MsoNormal\"><font face=\"Times New Roman\">El CEDART. Centro de estudios de arte<\/font><\/p>\n<p><o:p><font face=\"Times New Roman\">\u00a0<\/font><\/o:p><\/p>\n<p style=\"margin: 0cm 0cm 0pt\" class=\"MsoNormal\"><font face=\"Times New Roman\"><st1:personname ProductID=\"La Sinf?ica\" w:st=\"on\">La Sinf\u00f3ica<\/st1:personname> de Quer\u00e9taro<\/font><\/p>\n<p><o:p><font face=\"Times New Roman\">\u00a0<\/font><\/o:p><\/p>\n<p style=\"margin: 0cm 0cm 0pt\" class=\"MsoNormal\"><font face=\"Times New Roman\">Voces queretanas, coro<\/font><\/p>\n<p><o:p><font face=\"Times New Roman\">\u00a0<\/font><\/o:p><\/p>\n<p style=\"margin: 0cm 0cm 0pt\" class=\"MsoNormal\"><st1:personname ProductID=\"La Banda Juvenil\" w:st=\"on\"><font face=\"Times New Roman\">La Banda Juvenil<\/font><\/st1:personname><\/p>\n<p><o:p><font face=\"Times New Roman\">\u00a0<\/font><\/o:p><\/p>\n<p style=\"margin: 0cm 0cm 0pt\" class=\"MsoNormal\"><font face=\"Times New Roman\">Facultad de Bellas artes<\/font><\/p>\n<p><o:p><font face=\"Times New Roman\">\u00a0<\/font><\/o:p><\/p>\n<p style=\"margin: 0cm 0cm 0pt\" class=\"MsoNormal\"><font face=\"Times New Roman\">El INAH, Antropolog\u00eda, historia y arqueolog\u00eda<\/font><\/p>\n<p><o:p><font face=\"Times New Roman\">\u00a0<\/font><\/o:p><\/p>\n<p style=\"margin: 0cm 0cm 0pt\" class=\"MsoNormal\"><font face=\"Times New Roman\">El Cefac. Centro de estudios art\u00edsticos<\/font><\/p>\n<p><o:p><font face=\"Times New Roman\">\u00a0<\/font><\/o:p><\/p>\n<p style=\"margin: 0cm 0cm 0pt\" class=\"MsoNormal\"><st1:personname ProductID=\"La Estaci?n\" w:st=\"on\"><font face=\"Times New Roman\">La Estaci\u00f3n, Centro cultural<\/font><\/st1:personname><\/p>\n<p><o:p><font face=\"Times New Roman\">\u00a0<\/font><\/o:p><\/p>\n<p style=\"margin: 0cm 0cm 0pt\" class=\"MsoNormal\"><font face=\"Times New Roman\">Centro Educativo y Cultural \u00abManuel G\u00f3mez Mor\u00edn\u00bb<\/font><\/p>\n<p><span lang=\"PT-BR\"><o:p><font face=\"Times New Roman\">\u00a0<\/font><\/o:p><\/span><span lang=\"PT-BR\"><font face=\"Times New Roman\">Auditorio Josefa Ort\u00edz de Dom\u00ednguez<o:p><\/o:p><\/font><\/span><span lang=\"PT-BR\"><o:p><font face=\"Times New Roman\">\u00a0<\/font><\/o:p><\/span><span lang=\"PT-BR\"><font face=\"Times New Roman\">Colegio Nacional de Danza<o:p><\/o:p><\/font><\/span><span lang=\"PT-BR\"><o:p><font face=\"Times New Roman\">\u00a0<\/font><\/o:p><\/span><span lang=\"PT-BR\"><font face=\"Times New Roman\">Museo de <st1:personname ProductID=\"la Ciudad\" w:st=\"on\">la Ciudad<\/st1:personname><o:p><\/o:p><\/font><\/span><span lang=\"PT-BR\"><o:p><font face=\"Times New Roman\">\u00a0<\/font><\/o:p><\/span><span lang=\"PT-BR\"><font face=\"Times New Roman\">Casas de Cultura<o:p><\/o:p><\/font><\/span><span lang=\"PT-BR\"><o:p><font face=\"Times New Roman\">\u00a0<\/font><\/o:p><\/span><span lang=\"PT-BR\"><font face=\"Times New Roman\">Las Cr\u00f3nicas municipales<o:p><\/o:p><\/font><\/span><span lang=\"PT-BR\"><o:p><font face=\"Times New Roman\">\u00a0<\/font><\/o:p><\/span><span lang=\"PT-BR\"><font face=\"Times New Roman\">Los festivales de primavera y las fiestas de Julio<o:p><\/o:p><\/font><\/span><span lang=\"PT-BR\"><o:p><font face=\"Times New Roman\">\u00a0<\/font><\/o:p><\/span><span lang=\"PT-BR\"><font face=\"Times New Roman\">El Teatro De La Rep\u00fablica<o:p><\/o:p><\/font><\/span><span lang=\"PT-BR\"><o:p><font face=\"Times New Roman\">\u00a0<\/font><\/o:p><\/span><\/p>\n<p style=\"margin: 0cm 0cm 0pt\" class=\"MsoNormal\"><font face=\"Times New Roman\">El Patronato de l\u00e3s fiestas de Quer\u00e9taro. Trasdiciones y las fiestas de diciembre<\/font><\/p>\n<p><o:p><font face=\"Times New Roman\">\u00a0<\/font><\/o:p><\/p>\n<p style=\"margin: 0cm 0cm 0pt\" class=\"MsoNormal\"><font face=\"Times New Roman\">El Archivo Hist\u00f3rico del estado y del Municipio de Quer\u00e9taro. Investigaci\u00f3n.<\/font><\/p>\n<p><o:p><font face=\"Times New Roman\">\u00a0<\/font><\/o:p><\/p>\n<p style=\"margin: 0cm 0cm 0pt\" class=\"MsoNormal\"><font face=\"Times New Roman\">La edici\u00f3n de libros a traves del Instituto Queretano de Cultura y Arte<\/font><\/p>\n<p><o:p><font face=\"Times New Roman\">\u00a0<\/font><\/o:p><\/p>\n<p style=\"margin: 0cm 0cm 0pt\" class=\"MsoNormal\"><font face=\"Times New Roman\">Pante\u00f3n de los Hobres Ilustres<\/font><\/p>\n<p style=\"margin: 0cm 0cm 0pt\" class=\"MsoNormal\">&nbsp;<\/p>\n<p style=\"margin: 0cm 0cm 0pt\" class=\"MsoNormal\"><font face=\"Times New Roman\">Museo de Arte<\/font><\/p>\n<p style=\"margin: 0cm 0cm 0pt\" class=\"MsoNormal\">&nbsp;<\/p>\n<p style=\"margin: 0cm 0cm 0pt\" class=\"MsoNormal\"><font face=\"Times New Roman\">Museo de La Restauraci\u00f3n de La Rep\u00fablica<\/font><\/p>\n<p style=\"margin: 0cm 0cm 0pt\" class=\"MsoNormal\">&nbsp;<\/p>\n<p style=\"margin: 0cm 0cm 0pt\" class=\"MsoNormal\">&nbsp;<\/p>\n<p style=\"margin: 0cm 0cm 0pt\" class=\"MsoNormal\"><font face=\"Times New Roman\">Los Museos locales<\/font><\/p>\n<p><o:p><font face=\"Times New Roman\">\u00a0<\/font><\/o:p><\/p>\n<p style=\"margin: 0cm 0cm 0pt\" class=\"MsoNormal\"><font face=\"Times New Roman\">El Cerro de las Campanas<\/font><\/p>\n<p><o:p><font face=\"Times New Roman\">\u00a0<\/font><\/o:p><\/p>\n<p style=\"margin: 0cm 0cm 0pt\" class=\"MsoNormal\"><font face=\"Times New Roman\">El Archivo hist\u00f3rico dominico<\/font><\/p>\n<p><o:p><font face=\"Times New Roman\">\u00a0<\/font><\/o:p><\/p>\n<p style=\"margin: 0cm 0cm 0pt\" class=\"MsoNormal\"><font face=\"Times New Roman\">Las Misiones de La Sierra Gorda<\/font><\/p>\n<p><o:p><font face=\"Times New Roman\">\u00a0<\/font><\/o:p><\/p>\n<p style=\"margin: 0cm 0cm 0pt\" class=\"MsoNormal\"><font face=\"Times New Roman\"><st1:personname ProductID=\"La Fiestas\" w:st=\"on\">La Fiestas<\/st1:personname> de Los Concheros en septiembre<\/font><\/p>\n<p><o:p><font face=\"Times New Roman\">\u00a0<\/font><\/o:p><\/p>\n<p style=\"margin: 0cm 0cm 0pt\" class=\"MsoNormal\"><font face=\"Times New Roman\">Las Fiestas del Pueblito, en febrero<\/font><\/p>\n<p><o:p><font face=\"Times New Roman\">\u00a0<\/font><\/o:p><\/p>\n<p style=\"margin: 0cm 0cm 0pt\" class=\"MsoNormal\"><font face=\"Times New Roman\">H\u00e9rcules, el pueblo obrero por excelencia<\/font><\/p>\n<p><o:p><font face=\"Times New Roman\">\u00a0<\/font><\/o:p><\/p>\n<p style=\"margin: 0cm 0cm 0pt\" class=\"MsoNormal\"><font face=\"Times New Roman\">Santa Mar\u00eda Magdalena, el pueblo ind\u00edgena<\/font><\/p>\n<p><o:p><font face=\"Times New Roman\">\u00a0<\/font><\/o:p><\/p>\n<p style=\"margin: 0cm 0cm 0pt\" class=\"MsoNormal\"><font face=\"Times New Roman\">Carrillo, el pueblo ind\u00edgena que exporta m\u00fasicos al pa\u00eds entero<\/font><\/p>\n<p><o:p><font face=\"Times New Roman\">\u00a0<\/font><\/o:p><\/p>\n<p style=\"margin: 0cm 0cm 0pt\" class=\"MsoNormal\"><font face=\"Times New Roman\">San Sebasti\u00e1n, la Parroquia de indios<\/font><\/p>\n<p><o:p><font face=\"Times New Roman\">\u00a0<\/font><\/o:p><\/p>\n<p style=\"margin: 0cm 0cm 0pt\" class=\"MsoNormal\"><font face=\"Times New Roman\">El R\u00edo y <st1:personname ProductID=\"La Alameda\" w:st=\"on\">La Alameda, los lugares en los que se encierra el centro de la ciudad de Quer\u00e9taro.<\/st1:personname><\/font><\/p>\n<p><o:p><font face=\"Times New Roman\">\u00a0<\/font><\/o:p><\/p>\n<p style=\"margin: 0cm 0cm 0pt\" class=\"MsoNormal\"><font face=\"Times New Roman\"><st1:personname ProductID=\"la Ciudad\" w:st=\"on\">La Ciudad<\/st1:personname> de Las Artes. en construcci\u00f3n<\/font><\/p>\n<p><o:p><font face=\"Times New Roman\">\u00a0<\/font><\/o:p><\/p>\n<p style=\"margin: 0cm 0cm 0pt\" class=\"MsoNormal\"><font face=\"Times New Roman\">El ex Convento de Santa Rosa<\/font><\/p>\n<p><o:p><font face=\"Times New Roman\">\u00a0<\/font><\/o:p><\/p>\n<p style=\"margin: 0cm 0cm 0pt\" class=\"MsoNormal\"><font face=\"Times New Roman\">Las Fiestas Patronales de Santiago<\/font><\/p>\n<p><o:p><font face=\"Times New Roman\">\u00a0<\/font><\/o:p><\/p>\n<p style=\"margin: 0cm 0cm 0pt\" class=\"MsoNormal\"><font face=\"Times New Roman\">Templos, Palacios y Casonas<\/font><\/p>\n<p><o:p><font face=\"Times New Roman\">\u00a0<\/font><\/o:p><\/p>\n<p style=\"margin: 0cm 0cm 0pt\" class=\"MsoNormal\"><font face=\"Times New Roman\">Francisco Cervantes, Nuestro poeta por excelencia<\/font><\/p>\n<p><o:p><font face=\"Times New Roman\">\u00a0<\/font><\/o:p><\/p>\n<p style=\"margin: 0cm 0cm 0pt\" class=\"MsoNormal\"><font face=\"Times New Roman\">Ricardo Pozas, nuestro literato y soci\u00f3logo \u00abJuan P\u00e9rez Jolote\u00bb<\/font><\/p>\n<p><o:p><font face=\"Times New Roman\">\u00a0<\/font><\/o:p><o:p><font face=\"Times New Roman\">\u00a0<\/font><\/o:p><o:p><font face=\"Times New Roman\">\u00a0<\/font><\/o:p><\/p>\n","protected":false},"excerpt":{"rendered":"<p>Lista de instituciones culturales en Quer\u00e9taro:\u00a0 Conservatorio de M\u00fasica \u00a0 Escuela de Lauder\u00eda \u00a0 Culturas populares, investigaci\u00f3n. \u00a0 Ecuela de artes y oficios \u00a0 El CEDART. Centro de estudios de arte \u00a0 La Sinf\u00f3ica de Quer\u00e9taro \u00a0 Voces queretanas, coro \u00a0 La Banda Juvenil \u00a0 Facultad de Bellas artes \u00a0 El INAH, Antropolog\u00eda, historia y [&hellip;]<\/p>\n","protected":false},"author":249,"featured_media":0,"comment_status":"open","ping_status":"closed","sticky":false,"template":"","format":"standard","meta":{"footnotes":""},"categories":[8],"tags":[],"class_list":["post-827","post","type-post","status-publish","format-standard","hentry","category-ciudad-de-queretaro"],"_links":{"self":[{"href":"http:\/\/eloficiodehistoriar.com.mx\/index.php?rest_route=\/wp\/v2\/posts\/827","targetHints":{"allow":["GET"]}}],"collection":[{"href":"http:\/\/eloficiodehistoriar.com.mx\/index.php?rest_route=\/wp\/v2\/posts"}],"about":[{"href":"http:\/\/eloficiodehistoriar.com.mx\/index.php?rest_route=\/wp\/v2\/types\/post"}],"author":[{"embeddable":true,"href":"http:\/\/eloficiodehistoriar.com.mx\/index.php?rest_route=\/wp\/v2\/users\/249"}],"replies":[{"embeddable":true,"href":"http:\/\/eloficiodehistoriar.com.mx\/index.php?rest_route=%2Fwp%2Fv2%2Fcomments&post=827"}],"version-history":[{"count":0,"href":"http:\/\/eloficiodehistoriar.com.mx\/index.php?rest_route=\/wp\/v2\/posts\/827\/revisions"}],"wp:attachment":[{"href":"http:\/\/eloficiodehistoriar.com.mx\/index.php?rest_route=%2Fwp%2Fv2%2Fmedia&parent=827"}],"wp:term":[{"taxonomy":"category","embeddable":true,"href":"http:\/\/eloficiodehistoriar.com.mx\/index.php?rest_route=%2Fwp%2Fv2%2Fcategories&post=827"},{"taxonomy":"post_tag","embeddable":true,"href":"http:\/\/eloficiodehistoriar.com.mx\/index.php?rest_route=%2Fwp%2Fv2%2Ftags&post=827"}],"curies":[{"name":"wp","href":"https:\/\/api.w.org\/{rel}","templated":true}]}}