{"id":83,"date":"2008-05-21T11:53:58","date_gmt":"2008-05-21T16:53:58","guid":{"rendered":"https:\/\/eloficiodehistoriar.com.mx\/?p=83"},"modified":"2008-05-21T11:53:58","modified_gmt":"2008-05-21T16:53:58","slug":"el-itsmo-de-tehuantepec","status":"publish","type":"post","link":"http:\/\/eloficiodehistoriar.com.mx\/?p=83","title":{"rendered":"El Itsmo de Tehuantepec"},"content":{"rendered":"<p class=\"Section1\">\n<p align=\"center\" style=\"margin: 0cm 0cm 0pt; text-align: center\" class=\"MsoNormal\"><strong><span style=\"font-size: 10pt; font-family: Arial\">En el Quer\u00e9taro del Cinabrio, veamos al Juchit\u00e1n de las mujeres<\/span><\/strong><\/p>\n<p align=\"center\" style=\"margin: 0cm 0cm 0pt; text-align: center\" class=\"MsoNormal\"><strong><span style=\"font-size: 10pt; font-family: Arial\"><\/span><\/strong><\/p>\n<p><strong><span style=\"font-size: 10pt; font-family: Arial\"><a href=\"http:\/\/www.jornada.unam.mx\/2007\/06\/03\/index.php?section=opinion&amp;article=a05a1cul##\" title=\"Mostrar la imagen ampliada\"><\/a><o:p>\u00a0<\/o:p><\/span><\/strong><span><font face=\"Times New Roman\">\u00a0<\/font><\/span><a href=\"http:\/\/www.jornada.unam.mx\/2007\/06\/03\/index.php?section=opinion&amp;article=a05a1cul##\" title=\"Mostrar la imagen ampliada\"><\/a><strong><span style=\"font-size: 16pt; font-family: Arial\">El Istmo de Tehuantepec tan ardientemente deseado<o:p><\/o:p><\/span><\/strong><\/p>\n<p><span style=\"font-size: 12pt; font-family: 'Times New Roman'\"><br clear=\"all\" style=\"page-break-before: auto\" \/><\/span><\/p>\n<p class=\"Section2\"><span style=\"font-family: Arial\"><o:p>\u00a0<\/o:p><\/span><span style=\"font-family: Arial\"><o:p>\u00a0<\/o:p><\/span><\/p>\n<p style=\"margin: auto 0cm; text-align: justify\" class=\"author\"><strong><em><span style=\"font-family: Arial\">Antes de entrar a las palabras de la inigualable Elena, quisiera pensar cu\u00e1ndo los queretanos podremos defender nuestra cultura y nuestra identidad como los juchitecos. Nosotros de tanto decir que conocemos lo nuestro, pensamos que somos un sue\u00f1o y nos queremos volver un Disneylandia.<\/span><\/em><\/strong><\/p>\n<p><strong><em><span style=\"font-family: Arial\"><o:p><\/o:p><\/span><\/em><\/strong>\u00a0<strong><em><span style=\"font-family: Arial\">Nadie recuerda las docenas de ciudades prehisp\u00e1nicas en nuestro territorio, nadie nuestras danzas, nadie nuestros dioses, nadie nuestros artistas, ni los m\u00e1s de ocho mil libros escritos sobre nosotros mismos en los \u00faltimos 475 a\u00f1os. Analicemos el hermoso texto de <st1:personname ProductID=\"la Princesa\" w:st=\"on\">la Princesa<\/st1:personname> de Polonia y reflexionemos sobre nosotros mismos. J.F.Z.<o:p><\/o:p><\/span><\/em><\/strong><\/p>\n<p><span style=\"font-size: 12pt; font-family: Arial\"><br clear=\"all\" style=\"page-break-before: auto\" \/><\/span><span style=\"z-index: 2; left: -281px; width: 256px; position: relative; top: 3px; height: 32px\"><\/p>\n<table cellPadding=\"0\" cellSpacing=\"0\">\n<tr>\n<td height=\"29\" bgColor=\"#ffffff\" width=\"256\" style=\"background: white; vertical-align: top; border: #f0f0f0\"><span style=\"z-index: 2; left: 0pt; position: absolute\"><\/p>\n<table width=\"100%\" cellPadding=\"0\" cellSpacing=\"0\">\n<tr>\n<td style=\"background-color: transparent; border: #f0f0f0\">\n<p v:shape=\"_x0000_s1027\" style=\"padding-right: 7.2pt; padding-left: 7.2pt; padding-bottom: 3.6pt; padding-top: 3.6pt\" class=\"shape\">\n<p align=\"center\" style=\"margin: auto 0cm; text-align: center\" class=\"author\"><strong><span style=\"font-size: 6pt; font-family: Arial\">Francisco Toledo. Por <strong><span style=\"font-family: Arial\">Ezequiel Leyva<\/span><\/strong><\/span><\/strong><strong><em><span style=\"font-family: Arial\"><o:p><\/o:p><\/span><\/em><\/strong><\/p>\n<p><o:p><font size=\"3\" face=\"Times New Roman\">\u00a0<\/font><\/o:p><\/td>\n<\/tr>\n<\/table>\n<p><\/span><font size=\"3\" face=\"Times New Roman\">\u00a0<\/font><\/td>\n<\/tr>\n<\/table>\n<p><\/span><span style=\"font-family: Arial\"><o:p>\u00a0<\/o:p><\/span><br clear=\"all\" \/><\/p>\n<p style=\"text-align: justify\"><span style=\"font-family: Arial\">A la sombra de los tamarindos, el municipio de Juchit\u00e1n se convirti\u00f3 en uno de los primeros en ser gobernados por un partido de izquierda desde <st1:personname ProductID=\"la Revoluci?n Mexicana\" w:st=\"on\">la Revoluci\u00f3n Mexicana<\/st1:personname>, pero a pesar del j\u00fabilo, dentro de Palacio Nacional era dif\u00edcil olvidar las veces en que la polic\u00eda entr\u00f3 y captur\u00f3 a los militantes para encarcelarlos, allanar sus casas y saquearlas, torturarlos y asesinarlos.<\/span><\/p>\n<p style=\"text-align: justify\"><span style=\"font-family: Arial\"><\/span><\/p>\n<p><span style=\"font-family: Arial\"><o:p>\u00a0<\/o:p><\/span><\/p>\n<p style=\"text-align: justify\"><span style=\"font-family: Arial\">Nadie defiende sus valores como Oaxaca, nadie su idioma, nadie su tesoro art\u00edstico. Y aqu\u00ed cabr\u00eda mencionar de nuevo a Francisco Toledo.<\/span><\/p>\n<p style=\"text-align: justify\"><span style=\"font-family: Arial\"><\/span><\/p>\n<p><span style=\"font-family: Arial\"><o:p>\u00a0<\/o:p><\/span><\/p>\n<p style=\"text-align: justify\"><span style=\"font-family: Arial\">La defensa de la propia cultura impuls\u00f3 como en ning\u00fan otro estado los propios valores, el zapoteco, las costumbres, y como en Oaxaca hay muchos grupos \u00e9tnicos, huaves, chontales, zoques y mixes, \u00e9stos se volvieron de una riqueza formidable.<\/span><\/p>\n<p style=\"text-align: justify\"><span style=\"font-family: Arial\"><\/span><\/p>\n<p><span style=\"font-family: Arial\"><o:p>\u00a0<\/o:p><\/span><\/p>\n<p style=\"text-align: justify\"><span style=\"font-family: Arial\">En 1981, por primera vez, <st1:personname ProductID=\"la Coalici?n Obrero\" w:st=\"on\">la Coalici\u00f3n Obrero<\/st1:personname> Campesino Estudiantil del Istmo de Tehuantepec gan\u00f3 sorpresivamente las elecciones municipales de Juchit\u00e1n, Oaxaca.<\/span><\/p>\n<p style=\"text-align: justify\"><span style=\"font-family: Arial\"><\/span><\/p>\n<p><span style=\"font-family: Arial\"><o:p>\u00a0<\/o:p><\/span><\/p>\n<p style=\"text-align: justify\"><span style=\"font-family: Arial\">Nunca hab\u00eda sucedido que en alg\u00fan municipio ganara otro partido que el PRI, y <st1:personname ProductID=\"la COCEI\" w:st=\"on\">la COCEI<\/st1:personname>, una liga de j\u00f3venes que estudiaban ciencias pol\u00edticas en <st1:personname ProductID=\"la UNAM\" w:st=\"on\">la UNAM<\/st1:personname>, entre ellos Manuel L\u00f3pez Mateos y ten\u00eda relaci\u00f3n con estudiantes y campesinos de Juchit\u00e1n, logr\u00f3 ese triunfo que asombr\u00f3 al resto del pa\u00eds.<\/span><\/p>\n<p style=\"text-align: justify\"><span style=\"font-family: Arial\"><\/span><\/p>\n<p><span style=\"font-family: Arial\"><o:p>\u00a0<\/o:p><\/span><\/p>\n<p style=\"text-align: justify\"><span style=\"font-family: Arial\">Demostr\u00f3 que era capaz de movilizar a m\u00e1s de 10 mil personas y de quitar, si as\u00ed lo decid\u00eda, al entonces gobernador del estado, como antes los juchitecos derrotaron a los franceses en Tehuantepec, en 1866.<\/span><\/p>\n<p style=\"text-align: justify\"><span style=\"font-family: Arial\"><\/span><\/p>\n<p><span style=\"font-family: Arial\"><o:p>\u00a0<\/o:p><\/span><\/p>\n<p style=\"text-align: justify\"><span style=\"font-family: Arial\">De por s\u00ed, Oaxaca ha sido considerado un estado heroico. Con raz\u00f3n dijo Alvaro Obreg\u00f3n: \u00abNo hay un pante\u00f3n en <st1:personname ProductID=\"la Rep?blica\" w:st=\"on\">la Rep\u00fablica<\/st1:personname> donde no est\u00e9 un juchiteco muerto por la causa de <st1:personname ProductID=\"la Revoluci?n Mexicana\" w:st=\"on\">la Revoluci\u00f3n Mexicana<\/st1:personname>\u00ab.<\/span><\/p>\n<p style=\"text-align: justify\"><span style=\"font-family: Arial\"><\/span><\/p>\n<p><span style=\"font-family: Arial\"><o:p>\u00a0<\/o:p><\/span><\/p>\n<p style=\"text-align: justify\"><span style=\"font-family: Arial\">Juchit\u00e1n dio a <st1:personname ProductID=\"la Revoluci?n\" w:st=\"on\">la Revoluci\u00f3n<\/st1:personname> 10 generales, mil hombres y muchas soldaderas que cargaban el m\u00e1user a su hombre. Por algo Oaxaca es cuna de Benito Ju\u00e1rez y de los hermanos Flores Mag\u00f3n, de Rufino Tamayo y de Francisco Toledo.<\/span><\/p>\n<p style=\"text-align: justify\"><span style=\"font-family: Arial\"><\/span><\/p>\n<p style=\"text-align: justify\"><span style=\"font-family: Arial\"><\/span><\/p>\n<p style=\"text-align: justify\"><span style=\"font-family: Arial\">El hecho de que triunfara la izquierda por primera vez desde <st1:personname ProductID=\"la Revoluci?n Mexicana\" w:st=\"on\">la Revoluci\u00f3n Mexicana<\/st1:personname> atemoriz\u00f3 a muchos.<\/span><\/p>\n<p style=\"text-align: justify\"><span style=\"font-family: Arial\"><\/span><\/p>\n<p><span style=\"font-family: Arial\"><o:p>\u00a0<\/o:p><\/span><\/p>\n<p style=\"text-align: justify\"><span style=\"font-family: Arial\">Habr\u00eda que leer a dos grandes observadores: Howard B. Campbell y Jeffrey Rubin, de <st1:personname ProductID=\"la Universidad\" w:st=\"on\">la Universidad<\/st1:personname> de Harvard.<\/span><\/p>\n<p style=\"text-align: justify\"><span style=\"font-family: Arial\"><\/span><\/p>\n<p><span style=\"font-family: Arial\"><o:p>\u00a0<\/o:p><\/span><\/p>\n<p style=\"text-align: justify\"><span style=\"font-family: Arial\">A\u00fan recuerdo el j\u00fabilo en el palacio municipal, en el mercado, en el z\u00f3calo y en las enaguas floreadas de las mujeres cuando<span>\u00a0 <\/span>gan\u00f3 las elecciones.<\/span><\/p>\n<p style=\"text-align: justify\"><span style=\"font-family: Arial\"><\/span><\/p>\n<p><span style=\"font-family: Arial\"><o:p>\u00a0<\/o:p><\/span><\/p>\n<p style=\"text-align: justify\"><span style=\"font-family: Arial\">Celebraban su victoria a gritos y abrazos, y brindaban a brazo levantado con su \u00abcoronita\u00bb que centelleaba como una mariposa amarilla. Los aretes de pescaditos de oro, las argollas, las cadenas de muchas monedas, los cabellos trenzados con flores y cintas de colores eran una gloria.<\/span><\/p>\n<p style=\"text-align: justify\"><span style=\"font-family: Arial\"><\/span><\/p>\n<p><span style=\"font-family: Arial\"><o:p>\u00a0<\/o:p><\/span><\/p>\n<p style=\"text-align: justify\"><span style=\"font-family: Arial\">All\u00e1 fuimos a acompa\u00f1arlos Rosario Ibarra de Piedra, Fernando Ben\u00edtez y muchos otros simpatizantes de Francisco Toledo, Leopoldo de Gyves, V\u00edctor de <st1:personname ProductID=\"la Cruz\" w:st=\"on\">la Cruz<\/st1:personname>, H\u00e9ctor S\u00e1nchez y su hermano, asesinado en <st1:metricconverter ProductID=\"2003, a\" w:st=\"on\">2003, a<\/st1:metricconverter> los 49 a\u00f1os, Carlos S\u00e1nchez L\u00f3pez, Macario Matus que se vino a M\u00e9xico a trabajar como periodista en <em><span style=\"font-family: Arial\">El D\u00eda<\/span><\/em> y otros luchadores como los Pineda, los L\u00f3pez Nelio, los L\u00f3pez Lena, los L\u00f3pez Chi\u00f1as, los L\u00f3pez Miro, los L\u00f3pez Rosado, los Rasgado, los Matus, los Petrikowsky, los Castillejos y tantos apellidos m\u00e1s del istmo.<\/span><\/p>\n<p style=\"text-align: justify\"><span style=\"font-family: Arial\"><\/span><\/p>\n<p><span style=\"font-family: Arial\"><o:p>\u00a0<\/o:p><\/span><\/p>\n<p style=\"text-align: justify\"><span style=\"font-family: Arial\">En los a\u00f1os 70 ser simpatizante activos de <st1:personname ProductID=\"la COCEI\" w:st=\"on\">la COCEI<\/st1:personname> era una prueba de fuego. Bajo <st1:personname ProductID=\"la COCEI\" w:st=\"on\">la COCEI<\/st1:personname>, el municipio de Juchit\u00e1n se volvi\u00f3 centro de uno de los movimientos culturales ind\u00edgenas m\u00e1s activos de Am\u00e9rica Latina.<\/span><\/p>\n<p style=\"text-align: justify\"><span style=\"font-family: Arial\"><\/span><\/p>\n<p><span style=\"font-family: Arial\"><o:p>\u00a0<\/o:p><\/span><span style=\"font-family: Arial\">Nadie defiende sus valores como Oaxaca, nadie su idioma, nadie su tesoro art\u00edstico. Y aqu\u00ed cabr\u00eda mencionar de nuevo a Francisco Toledo.<o:p><\/o:p><\/span><\/p>\n<p style=\"text-align: justify\">&nbsp;<\/p>\n<p style=\"text-align: justify\"><span style=\"font-family: Arial\">Los campesinos e ind\u00edgenas oaxaque\u00f1os siempre han luchado en contra de las intervenciones del Estado, y <st1:personname ProductID=\"la COCEI\" w:st=\"on\">la COCEI<\/st1:personname> fue uno de los resultados de esa lucha. La organizaci\u00f3n que crearon era muy aguerrida. No se dejaba ni se vend\u00eda.<\/span><\/p>\n<p style=\"text-align: justify\"><span style=\"font-family: Arial\"><\/span><\/p>\n<p><span style=\"font-family: Arial\"><o:p>\u00a0<\/o:p><\/span><\/p>\n<p style=\"text-align: justify\"><span style=\"font-family: Arial\">Apoyada por campesinos sin tierra y peque\u00f1os propietarios, <st1:personname ProductID=\"la COCEI\" w:st=\"on\">la COCEI<\/st1:personname> abraz\u00f3 la causa de los pobres por la propiedad comunal de la tierra.<\/span><\/p>\n<p style=\"text-align: justify\"><span style=\"font-family: Arial\"><\/span><\/p>\n<p><span style=\"font-family: Arial\"><o:p>\u00a0<\/o:p><\/span><\/p>\n<p style=\"text-align: justify\"><span style=\"font-family: Arial\">Exigi\u00f3 la democracia municipal, la formaci\u00f3n de sindicatos y el trabajo comunal. Se centr\u00f3 en el cr\u00e9dito agr\u00edcola y, desde luego, en la disputa por la tierra.<\/span><\/p>\n<p style=\"text-align: justify\"><span style=\"font-family: Arial\"><\/span><\/p>\n<p><span style=\"font-family: Arial\"><o:p>\u00a0<\/o:p><\/span><\/p>\n<p style=\"text-align: justify\"><span style=\"font-family: Arial\">Hizo plantones, huelgas de hambre y movilizaciones masivas para recuperar el territorio comunal y organiz\u00f3 invasiones.<\/span><\/p>\n<p style=\"text-align: justify\"><span style=\"font-family: Arial\"><\/span><\/p>\n<p><span style=\"font-family: Arial\"><o:p>\u00a0<\/o:p><\/span><\/p>\n<p style=\"text-align: justify\"><span style=\"font-family: Arial\">Su fuerza principal radic\u00f3 en su agrarismo. Enarbol\u00f3 y defendi\u00f3 la causa de los artesanos, la de los pescadores. Protegi\u00f3 a las antiguas tradiciones y culturas.<\/span><\/p>\n<p style=\"text-align: justify\"><span style=\"font-family: Arial\"><\/span><\/p>\n<p><span style=\"font-family: Arial\"><o:p>\u00a0<\/o:p><\/span><\/p>\n<p style=\"text-align: justify\"><span style=\"font-family: Arial\">Adem\u00e1s de su riqueza prehisp\u00e1nica, probablemente sea Oaxaca el estado que m\u00e1s instancias culturales tiene entre museos, como el IAGO y el MACO, jardines bot\u00e1nicos, institutos, bibliotecas, hemerotecas, cines culturales como El Pochote (asist\u00ed al estreno de <em><span style=\"font-family: Arial\">Los muxes<\/span><\/em>).<\/span><\/p>\n<p style=\"text-align: justify\"><span style=\"font-family: Arial\"><\/span><\/p>\n<p><span style=\"font-family: Arial\"><o:p>\u00a0<\/o:p><\/span><\/p>\n<p style=\"text-align: justify\"><span style=\"font-family: Arial\">En Oaxaca se exponen continuamente fotograf\u00edas de Manuel Alvarez Bravo, as\u00ed como de Graciela Iturbide, Rafael Don\u00eds y quien sabe cu\u00e1ntos m\u00e1s.<\/span><\/p>\n<p style=\"text-align: justify\"><span style=\"font-family: Arial\"><\/span><\/p>\n<p><span style=\"font-family: Arial\"><o:p>\u00a0<\/o:p><\/span><\/p>\n<p style=\"text-align: justify\"><span style=\"font-family: Arial\">En esa \u00e9poca, Toledo hizo la serie de grabados <em><span style=\"font-family: Arial\">Libertad para V\u00edctor Yodo<\/span><\/em>. Ver\u00f3nica Volkov, Miriam Moscona, V\u00edctor Ter\u00e1n y V\u00edctor de <st1:personname ProductID=\"la Cruz\" w:st=\"on\">la Cruz<\/st1:personname> publicaron con frecuencia en <em><span style=\"font-family: Arial\">Guchachi&#8217; Reza<\/span><\/em> (<em><span style=\"font-family: Arial\">Iguana rajada<\/span><\/em>) y se vieron traducidos al zapoteco, bueno V\u00edctor de <st1:personname ProductID=\"la Cruz\" w:st=\"on\">la Cruz<\/st1:personname> no, porque es zapoteco.<\/span><\/p>\n<p style=\"text-align: justify\"><span style=\"font-family: Arial\"><\/span><\/p>\n<p><span style=\"font-family: Arial\"><o:p>\u00a0<\/o:p><\/span><\/p>\n<p style=\"text-align: justify\"><span style=\"font-family: Arial\">Oaxaca tiene la biblioteca especializada en arte y arquitectura m\u00e1s importante del pa\u00eds, su colecci\u00f3n de gr\u00e1fica va de Durero a Jos\u00e9 Guadalupe Posada y Leopoldo M\u00e9ndez, adem\u00e1s de Rembrandt; la \u00fanica biblioteca braille; una fonoteca, y una f\u00e1brica de papel hecho a mano con fibras naturales, etc\u00e9tera.<\/span><\/p>\n<p style=\"text-align: justify\"><span style=\"font-family: Arial\"><\/span><\/p>\n<p><span style=\"font-family: Arial\"><o:p>\u00a0<\/o:p><\/span><\/p>\n<p style=\"text-align: justify\"><span style=\"font-family: Arial\">Este inusual florecimiento hizo que surgieran muchos escritores en lengua ind\u00edgena y muchos imitadores de la pintura de Toledo.<\/span><\/p>\n<p style=\"text-align: justify\"><span style=\"font-family: Arial\"><\/span><\/p>\n<p><span style=\"font-family: Arial\"><o:p>\u00a0<\/o:p><\/span><span style=\"font-family: Arial\">Tambi\u00e9n a imitaci\u00f3n de <st1:personname ProductID=\"la COCEI\" w:st=\"on\">la COCEI<\/st1:personname>, otros municipios que quer\u00edan sacar al PRI del poder tomaron su alcald\u00eda, pero fueron brutalmente reprimidos.<o:p><\/o:p><\/span><\/p>\n<p style=\"text-align: justify\">&nbsp;<\/p>\n<p style=\"text-align: justify\"><span style=\"font-family: Arial\">Uno de sus logros <span>\u00a0<\/span>importantes<span>\u00a0 <\/span>fue la fundaci\u00f3n de una radiodifusora que sirviera de caja de resonancia a su movimiento. Tener comunicaci\u00f3n m\u00e1s all\u00e1 de la plaza y sus alrededores era su objetivo. <\/span><\/p>\n<p style=\"text-align: justify\"><span style=\"font-family: Arial\"><\/span><\/p>\n<p><span style=\"font-family: Arial\"><o:p>\u00a0<\/o:p><\/span><\/p>\n<p style=\"text-align: justify\"><span style=\"font-family: Arial\">El primer problema surgi\u00f3 pronto: \u00ab\u00bfSe va hablar en espa\u00f1ol o se va a hablar en zapoteco?\u00bb, \u00ab\u00bfo se va hablar en zapo\u00f1ol?\u00bb Ya lo dije, pero es que me parece bien significativo.<\/span><\/p>\n<p><span style=\"font-family: Arial\"><o:p><\/o:p><\/span>\u00a0<\/p>\n<p style=\"text-align: justify\"><span style=\"font-family: Arial\">Oaxaca es uno de los estados que mejor defiende su patrimonio cultural, en parte, gracias a Toledo.<\/span><\/p>\n<p><span style=\"font-family: Arial\"><o:p><\/o:p><\/span>\u00a0<\/p>\n<p style=\"text-align: justify\"><span style=\"font-family: Arial\">Un ingeniero de Guerrero vino a hacer la instalaci\u00f3n de la antena y ense\u00f1\u00f3 a los oyentes c\u00f3mo encontrar la se\u00f1al.<\/span><\/p>\n<p><span style=\"font-family: Arial\"><o:p><\/o:p><\/span>\u00a0<\/p>\n<p style=\"text-align: justify\"><span style=\"font-family: Arial\">Marta Acevedo, enviada de Radio Educaci\u00f3n, se dedic\u00f3 a la programaci\u00f3n y discuti\u00f3 y plane\u00f3 las transmisiones, y hasta los ni\u00f1os tuvieron su propio programa.<\/span><\/p>\n<p><span style=\"font-family: Arial\"><o:p><\/o:p><\/span>\u00a0<\/p>\n<p style=\"text-align: justify\"><span style=\"font-family: Arial\">Irma Pineda, poetisa, era una ni\u00f1a de ocho o nueve a\u00f1os, nieta del desaparecido C\u00e9sar Pineda. Por all\u00ed tambi\u00e9n andaban los herederos de V\u00edctor Yodo.<\/span><\/p>\n<p><span style=\"font-family: Arial\"><o:p><\/o:p><\/span>\u00a0<\/p>\n<p style=\"text-align: justify\"><span style=\"font-family: Arial\">En varias ocasiones, miembros de <st1:personname ProductID=\"la COCEI\" w:st=\"on\">la COCEI<\/st1:personname> fueron m\u00e1s que maltratados. A Francisco Toledo y V\u00edctor de <st1:personname ProductID=\"la Cruz\" w:st=\"on\">la Cruz<\/st1:personname> los persiguieron y los golpearon.<\/span><\/p>\n<p><span style=\"font-family: Arial\"><o:p><\/o:p><\/span>\u00a0<\/p>\n<p style=\"text-align: justify\"><span style=\"font-family: Arial\">Conserv\u00f3 una imagen de ellos corriendo por un campo de ma\u00edz con la polic\u00eda detr\u00e1s de ellos, pero no s\u00e9 si es producto de mi imaginaci\u00f3n.<\/span><\/p>\n<p><span style=\"font-family: Arial\"><o:p><\/o:p><\/span>\u00a0<\/p>\n<p style=\"text-align: justify\"><span style=\"font-family: Arial\">Los empresarios de las dos radios comerciales pri\u00edstas encimaron su se\u00f1al sobre la de ellos e hicieron todo para eliminarla, pero a pesar del acoso los juchitecos mov\u00edan el dial para encontrar la estaci\u00f3n<span>\u00a0 <\/span>en determinado kilohertz.<\/span><\/p>\n<p><span style=\"font-family: Arial\"><o:p><\/o:p><\/span>\u00a0<\/p>\n<p style=\"text-align: justify\"><span style=\"font-family: Arial\">De seis de la ma\u00f1ana a ocho el programa era para campesinos que planteaban demandas con coraje e inteligencia. Adem\u00e1s de los consabidos programas de m\u00fasica, se hicieron programas para mujeres comerciantes y amas de casa.<\/span><\/p>\n<p><span style=\"font-family: Arial\"><o:p><\/o:p><\/span>\u00a0<\/p>\n<p style=\"text-align: justify\"><span style=\"font-family: Arial\">Radio Educaci\u00f3n envi\u00f3 con Marta Acevedo series como <em><span style=\"font-family: Arial\">Hasta no verte Jes\u00fas m\u00edo<\/span><\/em>, dicho por la actriz Mar\u00eda Teresa Rivas.<\/span><\/p>\n<p><span style=\"font-family: Arial\"><o:p><\/o:p><\/span>\u00a0<\/p>\n<p style=\"text-align: justify\"><span style=\"font-family: Arial\">Cuento esto porque en uno de mis viajes a Juchit\u00e1n acompa\u00f1\u00e9 a Marta Acevedo a tapizar la cabina con cajas de huevo para aislar el sonido.<\/span><\/p>\n<p><span style=\"font-family: Arial\"><o:p><\/o:p><\/span>\u00a0<\/p>\n<p style=\"text-align: justify\"><span style=\"font-family: Arial\">S\u00f3lo hab\u00eda dinero para comprar lo indispensable y las ped\u00ed regaladas de casa en casa. \u00ab\u00bfAh, vienes aqu\u00ed a d\u00f3nde se baten los huevos?\u00bb, se burlaban de m\u00ed porque en Juchit\u00e1n tienen fijaci\u00f3n en los huevos. Total, todo gira en torno a huevos.<\/span><\/p>\n<p><span style=\"font-family: Arial\"><o:p><\/o:p><\/span>\u00a0<\/p>\n<p style=\"margin: 0cm 0cm 0pt; text-align: justify\" class=\"MsoNormal\"><span style=\"font-family: Arial\">Una ma\u00f1ana, Marta se enoj\u00f3 con los zapotecos por su impuntualidad y les dijo que si no llegaban antes de las seis de la ma\u00f1ana, cuando se iniciaba la programaci\u00f3n, ella los dejar\u00eda. \u00abLa primera funci\u00f3n de una radiodifusora es la puntualidad\u00bb.<\/span><\/p>\n<p><span style=\"font-family: Arial\"><o:p><\/o:p><\/span>\u00a0<span style=\"font-family: Arial\"><o:p>\u00a0<\/o:p><\/span><\/p>\n<p style=\"margin: 0cm 0cm 0pt; text-align: justify\" class=\"MsoNormal\"><span style=\"font-family: Arial\">Lejos de la disciplina urbana un tanto enajenante, en Juchit\u00e1n el trabajo era voluntario y en el tr\u00f3pico a todos nos gusta platicar, tomarnos nuestras \u00abcoronitas\u00bb y nada mejor que discutir y desvelarse a la sombra de los tamarindos. Era bonito escuchar a Antonia Pineda Ruiz decir: \u00abMientras haya una mujer vestida de enagua habr\u00e1 COCEI\u00bb.<\/span><\/p>\n<p><span style=\"font-family: Arial\"><o:p><\/o:p><\/span>\u00a0<\/p>\n<p style=\"text-align: justify\"><span style=\"font-family: Arial\">\u00a1Viva Juchit\u00e1n libre! \u00a1Viva el ayuntamiento popular! \u00a1Vivan los presos pol\u00edticos! \u00a1Libertad presos pol\u00edticos! \u00a1Libertad V\u00edctor Yodo! \u00a1Viva Na&#8217; Chi\u00f1a! \u00a1Libertad Polo de Gyves Pineda!<\/span><\/p>\n<p><span style=\"font-family: Arial\"><o:p><\/o:p><\/span>\u00a0<\/p>\n<p style=\"text-align: justify\"><span style=\"font-family: Arial\">La lucha fue larga y dura, tom\u00f3 m\u00e1s de 10 a\u00f1os y el movimiento de pobres desafi\u00f3 al PRI y logr\u00f3 volverse una de las primeras fuerzas pol\u00edticas de izquierda del pa\u00eds.<\/span><\/p>\n<p><span style=\"font-family: Arial\"><o:p><\/o:p><\/span>\u00a0<span style=\"font-family: Arial\">Mucho antes, en los setentas, hab\u00eda yo ido a Juchit\u00e1n con Margarita Garc\u00eda Flores, invitada por V\u00edctor de <st1:personname ProductID=\"la Cruz\" w:st=\"on\">la Cruz<\/st1:personname> a <st1:personname ProductID=\"la Casa\" w:st=\"on\">la Casa<\/st1:personname> de <st1:personname ProductID=\"la Cultura.\" w:st=\"on\">la Cultura.<\/st1:personname><o:p><\/o:p><\/span><\/p>\n<p style=\"text-align: justify\"><span style=\"font-family: Arial\">Entonces no conoc\u00eda yo a Toledo, pero dej\u00f3 recargados contra la pared blanca de una casa vac\u00eda varios cuadros sin terminar que V\u00edctor de <st1:personname ProductID=\"la Cruz\" w:st=\"on\">la Cruz<\/st1:personname> -reci\u00e9n casado con Isabel- me ense\u00f1\u00f3.<\/span><\/p>\n<p><span style=\"font-family: Arial\"><o:p><\/o:p><\/span>\u00a0<\/p>\n<p style=\"text-align: justify\"><span style=\"font-family: Arial\">Lo escrib\u00ed en el peri\u00f3dico, y al d\u00eda siguiente unos coleccionistas llamaron para caer sobre ese tesoro.<\/span><\/p>\n<p><span style=\"font-family: Arial\"><o:p><\/o:p><\/span>\u00a0<\/p>\n<p style=\"text-align: justify\"><span style=\"font-family: Arial\">Sab\u00eda yo algo de Oaxaca por Alfonso Caso, Ignacio Bernal y Andr\u00e9s Henestrosa, a quienes entrevist\u00e9, y m\u00e1s tarde por Guillermo Haro, quien ten\u00eda correspondencia con astr\u00f3nomos oaxaque\u00f1os, pero s\u00f3lo al llegar descubr\u00ed que la din\u00e1mica del istmo de Tehuantepec es mucho m\u00e1s acelerada que la del resto del pa\u00eds.<\/span><\/p>\n<p><span style=\"font-family: Arial\"><o:p><\/o:p><\/span>\u00a0<span style=\"font-family: Arial\">El ferrocarril del istmo lo provoc\u00f3. Un tren que atraviesa una superficie que la cambia por completo. El tren cambia la vida de los pueblos.<o:p><\/o:p><\/span><\/p>\n<p style=\"text-align: justify\"><span style=\"font-family: Arial\">Los ingenieros, los contratistas y obreros dedicados a la construcci\u00f3n del ferrocarril influyen en la vida diaria.<\/span><\/p>\n<p><span style=\"font-family: Arial\"><o:p><\/o:p><\/span>\u00a0<\/p>\n<p style=\"text-align: justify\"><span style=\"font-family: Arial\"><span>\u00a0<\/span>A Juchit\u00e1n, que hoy, por desgracia, se parece a la colonia Narvarte y tiene 70 mil 714 habitantes, arribaron <em><span style=\"font-family: Arial\">gringos<\/span><\/em> de <st1:personname ProductID=\"la Tehuantepec Railroad\" w:st=\"on\">la Tehuantepec Railroad<\/st1:personname> Co. y <st1:personname ProductID=\"la Louisiana Tehuantepec\" w:st=\"on\">la Louisiana Tehuantepec<\/st1:personname> Co., de Nueva Orleans; italianos como Gaetano Moro, el ingeniero que hizo el primer levantamiento exhaustivo del istmo; libaneses como los Musalem; chinos, franceses e ingleses.<\/span><\/p>\n<p><span style=\"font-family: Arial\"><o:p><\/o:p><\/span>\u00a0<\/p>\n<p style=\"text-align: justify\"><span style=\"font-family: Arial\">Luego vino la carretera Panamericana. Los visitantes cambiaron la poblaci\u00f3n al mezclarse con ella y Juchit\u00e1n se volvi\u00f3 cosmopolita.<\/span><\/p>\n<p><span style=\"font-family: Arial\"><o:p><\/o:p><\/span>\u00a0<\/p>\n<p style=\"text-align: justify\"><span style=\"font-family: Arial\">La pel\u00edcula de Sergei Eisenstein, las fotos de Henri Cartier-Bresson, los libros de Pierre Brasseur y Miguel Covarrubias, y la foto de <em><span style=\"font-family: Arial\">El obrero asesinado<\/span><\/em> de Manuel Alvarez Bravo internacionalizaron a Juchit\u00e1n. Era un <em><span style=\"font-family: Arial\">must<\/span><\/em> de Cartier. Ir a Juchit\u00e1n y enamorarse de una istme\u00f1a.<\/span><\/p>\n<p><span style=\"font-family: Arial\"><o:p><\/o:p><\/span>\u00a0<\/p>\n<p style=\"text-align: justify\"><span style=\"font-family: Arial\">Descubr\u00ed en el \u00abM\u00e9xico South\u00bb, de Miguel y Rosa Covarrubias, que ning\u00fan estado ten\u00eda el caldo de cultivo de Oaxaca.<\/span><\/p>\n<p><span style=\"font-family: Arial\"><o:p><\/o:p><\/span>\u00a0<\/p>\n<p style=\"text-align: justify\"><span style=\"font-family: Arial\">Juan Rulfo sol\u00eda decir que en Tabasco los poetas se barren con la escoba, pero en Juchit\u00e1n no s\u00f3lo son poetas, sino pintores y artesanos.<\/span><\/p>\n<p><span style=\"font-family: Arial\"><o:p><\/o:p><\/span>\u00a0<\/p>\n<p style=\"text-align: justify\"><span style=\"font-family: Arial\">Me di cuenta de que Juchit\u00e1n era muy codiciada, porque los istmos son caminos, cruces, canales, pasos esenciales sobre la tierra y aun ahora nuestro istmo de Tehuantepec forma parte del Plan Puebla-Panam\u00e1.<\/span><\/p>\n<p><span style=\"font-family: Arial\"><o:p><\/o:p><\/span>\u00a0<\/p>\n<p style=\"text-align: justify\"><span style=\"font-family: Arial\">Supe de \u00ablas velas\u00bb en que te sacan a bailar las mujeres y te envuelven en su sonrisa de dientes de oro.<\/span><\/p>\n<p><span style=\"font-family: Arial\"><o:p><\/o:p><\/span>\u00a0<\/p>\n<p style=\"text-align: justify\"><span style=\"font-family: Arial\">Visit\u00e9 la bell\u00edsima Casa de <st1:personname ProductID=\"la Cultura\" w:st=\"on\">la Cultura<\/st1:personname> en la que el poeta biling\u00fce V\u00edctor de <st1:personname ProductID=\"la Cruz\" w:st=\"on\">la Cruz<\/st1:personname> montaba exposiciones de pintura, gr\u00e1fica, fotograf\u00eda, arqueolog\u00eda, textiles, arte popular y organizaba ciclos de cine y proyecciones callejeras que no se hab\u00edan visto en Juchit\u00e1n, adem\u00e1s de cursos de idiomas, teatro, m\u00fasica y conferencias.<\/span><\/p>\n<p><span style=\"font-family: Arial\"><o:p><\/o:p><\/span>\u00a0<\/p>\n<p style=\"text-align: justify\"><span style=\"font-family: Arial\">Sobre todo, V\u00edctor cuidaba que se hiciera un uso correcto del idioma zapoteco. Insist\u00eda en el zapoteco, es un fan\u00e1tico del zapoteco. Si no hubiera sido tan lenta, por poco y tambi\u00e9n aprendo zapoteco.<\/span><\/p>\n<p><span style=\"font-family: Arial\"><o:p><\/o:p><\/span>\u00a0<\/p>\n<p style=\"text-align: justify\"><span style=\"font-family: Arial\"><span>\u00a0<\/span>All\u00ed tambi\u00e9n, en <st1:personname ProductID=\"la Casa\" w:st=\"on\">la Casa<\/st1:personname> de Cultura, hab\u00eda mucha obra de Toledo arrumbada, el esp\u00edritu de Toledo siempre estaba detr\u00e1s de cualquier manifestaci\u00f3n cultural y para mi sorpresa, en el suelo del hermoso patio vi secarse al sol, alineados y parados sobre test\u00edculos de regular tama\u00f1o, un ej\u00e9rcito de penes de barro y cuando pregunt\u00e9 por qu\u00e9, V\u00edctor de <st1:personname ProductID=\"la Cruz\" w:st=\"on\">la Cruz<\/st1:personname> me respondi\u00f3: \u00abLa mayor\u00eda son para exportaci\u00f3n\u00bb.<\/span><\/p>\n<p><span style=\"font-family: Arial\"><o:p><\/o:p><\/span>\u00a0<\/p>\n<p style=\"text-align: justify\"><span style=\"font-family: Arial\">La confecci\u00f3n de pitos era una de las actividades de <st1:personname ProductID=\"la Casa\" w:st=\"on\">la Casa<\/st1:personname> de Cultura de Juchit\u00e1n, adem\u00e1s de invitar a personas tan serias como Margarita Garc\u00eda Flores y como yo a dar una que otra conferencia.<\/span><\/p>\n<p><span style=\"font-family: Arial\"><o:p><\/o:p><\/span>\u00a0<\/p>\n<p style=\"text-align: justify\"><span style=\"font-family: Arial\">Por Juchit\u00e1n, Margarita y yo conocimos los huevos de tortuga y los tamales de iguana, el bupu, el pozole y el atole, pero nada tan espl\u00e9ndido como los totopos, esas inmensas tortillas delgadas y blancas que le calientan a uno el alma y crujen como le\u00f1a seca al darles la mordida.<\/span><\/p>\n<p><span style=\"font-family: Arial\"><o:p><\/o:p><\/span>\u00a0<\/p>\n<p style=\"text-align: justify\"><span style=\"font-family: Arial\">Me fascinaron las dunas naturales de Playa Cangrejo, y al abandonar Juchit\u00e1n pens\u00e9 que hab\u00eda perdido al para\u00edso terrenal.<\/span><\/p>\n<p><span style=\"font-family: Arial\"><o:p><\/o:p><\/span>\u00a0<\/p>\n<p style=\"text-align: justify\"><span style=\"font-family: Arial\">Aunque llegaban much\u00edsimos autobuses, algunos muy destartalados, tambi\u00e9n conocimos las calles llenas de baches, s\u00f3lo hab\u00eda dos avenidas principales, la 5 y la 16 de Septiembre, la falta de alcantarillado y alumbrado p\u00fablico y de drenaje, el mercado en el que regateaban marchantas y compradores.<\/span><\/p>\n<p><span style=\"font-family: Arial\"><o:p><\/o:p><\/span>\u00a0<\/p>\n<p style=\"text-align: justify\"><span style=\"font-family: Arial\">Algunas tardes soplaba un viento muy fuerte y los juchitecos batallaban contra \u00abel norte\u00bb, como lo llaman.<\/span><\/p>\n<p><span style=\"font-family: Arial\"><o:p><\/o:p><\/span>\u00a0<\/p>\n<p style=\"text-align: justify\"><span style=\"font-family: Arial\">Lo primero que pidieron al ganar fue limpiar el r\u00edo \u00abde los perros\u00bb, que atraviesa la ciudad; antes estaba poblado de nutrias que a lo mejor se confundieron con perritos.<\/span><\/p>\n<p><span style=\"font-family: Arial\"><o:p><\/o:p><\/span>\u00a0<st1:personname ProductID=\"la COCEI\" w:st=\"on\"><span style=\"font-family: Arial\">La COCEI<\/span><\/st1:personname><span style=\"font-family: Arial\"> siempre apoy\u00f3 a Cuauht\u00e9moc C\u00e1rdenas y, por tanto, le resultar\u00eda muy f\u00e1cil m\u00e1s tarde formar parte del PRD. Despu\u00e9s de 20 a\u00f1os de gobierno, <st1:personname ProductID=\"la COCEI\" w:st=\"on\">la COCEI<\/st1:personname> perdi\u00f3 en 2002 frente al PRI.<o:p><\/o:p><\/span><\/p>\n<p style=\"text-align: justify\"><span style=\"font-family: Arial\">La culpa fue de las divisiones internas que son ya tradicionales en la izquierda, la corrupci\u00f3n, el desprestigio de algunos l\u00edderes, las disputas internas y la ambici\u00f3n de quienes le dan una probada al poder y quedan envenenados para siempre.<\/span><\/p>\n<p><span style=\"font-family: Arial\"><o:p><\/o:p><\/span>\u00a0<\/p>\n<p style=\"text-align: justify\"><st1:personname ProductID=\"la COCEI\" w:st=\"on\"><span style=\"font-family: Arial\">La COCEI<\/span><\/st1:personname><span style=\"font-family: Arial\"> gan\u00f3 en 2005, pero perdi\u00f3 su impulso inicial. Corromperse cuesta. Total, el clima pol\u00edtico de Oaxaca es deplorable e inquieta a todo el pa\u00eds.<\/span><\/p>\n<p><span style=\"font-family: Arial\"><o:p><\/o:p><\/span>\u00a0<\/p>\n<p style=\"text-align: justify\"><span style=\"font-family: Arial\">Ahora me dicen que <st1:personname ProductID=\"la COCEI\" w:st=\"on\">la COCEI<\/st1:personname> se ha venido abajo y ha perdido toda su fuerza, su capacidad de lucha social y pol\u00edtica.<\/span><\/p>\n<p><span style=\"font-family: Arial\"><o:p><\/o:p><\/span>\u00a0<\/p>\n<p style=\"text-align: justify\"><span style=\"font-family: Arial\">Oscar Cruz L\u00f3pez coment\u00f3 que \u00abhacen falta partidos en Oaxaca para darle espacios a todos los l\u00edderes de <st1:personname ProductID=\"la COCEI\" w:st=\"on\">la COCEI<\/st1:personname>, porque hay COC-PT, COCEI-PRD, COC-PAS, COC-Panal.<\/span><\/p>\n<p><span style=\"font-family: Arial\"><o:p><\/o:p><\/span>\u00a0<\/p>\n<p style=\"text-align: justify\"><span style=\"font-family: Arial\">Lo que yo veo es que la eterna divisi\u00f3n de la izquierda y el ansia de poder dan al traste con todo.<\/span><\/p>\n<p><span style=\"font-family: Arial\"><o:p><\/o:p><\/span>\u00a0<\/p>\n<p style=\"text-align: justify\"><span style=\"font-family: Arial\">Sin embargo, a Juchit\u00e1n puede salvarlo su cultura, muy por encima de los totopitos Barcel y los videos <em><span style=\"font-family: Arial\">made in China<\/span><\/em>, los discos de pirater\u00eda y los videojuegos que ahora pululan en el mercado.<\/span><\/p>\n<p><span style=\"font-family: Arial\"><o:p><\/o:p><\/span>\u00a0<\/p>\n<p style=\"text-align: justify\"><span style=\"font-family: Arial\">Gracias a la resistencia y a la oposici\u00f3n de los oaxaque\u00f1os, Mc Donald&#8217;s no se instal\u00f3 en el z\u00f3calo.<\/span><\/p>\n<p><span style=\"font-family: Arial\"><o:p><\/o:p><\/span>\u00a0<\/p>\n<p style=\"text-align: justify\"><span style=\"font-family: Arial\">De Oaxaca salen muchos migrantes a Estados Unidos en busca de una vida mejor. En 2000 salieron 53 mil 839 hombres y mujeres y siguen saliendo.<\/span><\/p>\n<p><span style=\"font-family: Arial\"><o:p><\/o:p><\/span>\u00a0<\/p>\n<p style=\"text-align: justify\"><span style=\"font-family: Arial\">Llevaron muy adentro sus tradiciones y conservaron el zapoteco. Son ind\u00edgenas de Juchit\u00e1n, San Blas Atempa, Ixtaltepec y Uni\u00f3n Hidalgo, de donde es Isabel, la mujer de V\u00edctor.<\/span><\/p>\n<p><span style=\"font-family: Arial\"><o:p><\/o:p><\/span>\u00a0<\/p>\n<p style=\"text-align: justify\"><span style=\"font-family: Arial\">Ojala que regresen con el viento del norte, porque son la principal energ\u00eda de M\u00e9xico; ojala se recuperen los oaxaque\u00f1os golpeados por el mal gobierno y se conviertan en un viento que azota a la corrupci\u00f3n, la desidia, el abandono y el racismo que ahora campea en Oaxaca.<\/span><\/p>\n<p><span style=\"font-family: Arial\"><o:p><\/o:p><\/span>\u00a0<\/p>\n<p style=\"margin: 0cm 0cm 0pt; text-align: justify\" class=\"MsoNormal\"><strong><span style=\"font-size: 9pt; font-family: Arial\">Quit\u00e9 algunos par\u00e9ntesis, entrecomillados, siglas y cambi\u00e9 el t\u00edtulo, los puntos y seguidos en su mayor\u00eda los cambi\u00e9 a punto y aparte. El texto es \u00edntegro de Elena Poniawtoska, quien nos cuenta la agresi\u00f3n cultural y los intereses transnacionales que existen sobre la zona istme\u00f1a. La autora nos invita a compartir este texto. Jos\u00e9 F\u00e9lix Zavala.\u00a0<\/span><\/strong><\/p>\n<p><strong><span style=\"font-size: 9pt; font-family: Arial\"><o:p><\/o:p><\/span><\/strong>\u00a0<span style=\"font-family: Arial\"><o:p>\u00a0<\/o:p><\/span><\/p>\n","protected":false},"excerpt":{"rendered":"<p>En el Quer\u00e9taro del Cinabrio, veamos al Juchit\u00e1n de las mujeres \u00a0\u00a0El Istmo de Tehuantepec tan ardientemente deseado \u00a0\u00a0 Antes de entrar a las palabras de la inigualable Elena, quisiera pensar cu\u00e1ndo los queretanos podremos defender nuestra cultura y nuestra identidad como los juchitecos. Nosotros de tanto decir que conocemos lo nuestro, pensamos que somos [&hellip;]<\/p>\n","protected":false},"author":249,"featured_media":0,"comment_status":"open","ping_status":"closed","sticky":false,"template":"","format":"standard","meta":{"footnotes":""},"categories":[9],"tags":[],"class_list":["post-83","post","type-post","status-publish","format-standard","hentry","category-otros-lugares"],"_links":{"self":[{"href":"http:\/\/eloficiodehistoriar.com.mx\/index.php?rest_route=\/wp\/v2\/posts\/83","targetHints":{"allow":["GET"]}}],"collection":[{"href":"http:\/\/eloficiodehistoriar.com.mx\/index.php?rest_route=\/wp\/v2\/posts"}],"about":[{"href":"http:\/\/eloficiodehistoriar.com.mx\/index.php?rest_route=\/wp\/v2\/types\/post"}],"author":[{"embeddable":true,"href":"http:\/\/eloficiodehistoriar.com.mx\/index.php?rest_route=\/wp\/v2\/users\/249"}],"replies":[{"embeddable":true,"href":"http:\/\/eloficiodehistoriar.com.mx\/index.php?rest_route=%2Fwp%2Fv2%2Fcomments&post=83"}],"version-history":[{"count":0,"href":"http:\/\/eloficiodehistoriar.com.mx\/index.php?rest_route=\/wp\/v2\/posts\/83\/revisions"}],"wp:attachment":[{"href":"http:\/\/eloficiodehistoriar.com.mx\/index.php?rest_route=%2Fwp%2Fv2%2Fmedia&parent=83"}],"wp:term":[{"taxonomy":"category","embeddable":true,"href":"http:\/\/eloficiodehistoriar.com.mx\/index.php?rest_route=%2Fwp%2Fv2%2Fcategories&post=83"},{"taxonomy":"post_tag","embeddable":true,"href":"http:\/\/eloficiodehistoriar.com.mx\/index.php?rest_route=%2Fwp%2Fv2%2Ftags&post=83"}],"curies":[{"name":"wp","href":"https:\/\/api.w.org\/{rel}","templated":true}]}}