{"id":830,"date":"2008-07-30T08:59:21","date_gmt":"2008-07-30T13:59:21","guid":{"rendered":"https:\/\/eloficiodehistoriar.com.mx\/?p=830"},"modified":"2008-07-30T14:02:50","modified_gmt":"2008-07-30T19:02:50","slug":"dos-mujeres-mexicanas","status":"publish","type":"post","link":"http:\/\/eloficiodehistoriar.com.mx\/?p=830","title":{"rendered":"Dos mujeres mexicanas&#8230;"},"content":{"rendered":"<p><a href=\"https:\/\/eloficiodehistoriar.com.mx\/wp-content\/uploads\/2008\/07\/1312008-c1_foto_aristegui.jpg\" title=\"1312008-c1_foto_aristegui.jpg\"><img decoding=\"async\" src=\"https:\/\/eloficiodehistoriar.com.mx\/wp-content\/uploads\/2008\/07\/1312008-c1_foto_aristegui.thumbnail.jpg\" alt=\"1312008-c1_foto_aristegui.jpg\" \/><\/a><a href=\"https:\/\/eloficiodehistoriar.com.mx\/wp-content\/uploads\/2008\/07\/a05n1cul-1_mini.jpg\" title=\"a05n1cul-1_mini.jpg\"><img decoding=\"async\" src=\"https:\/\/eloficiodehistoriar.com.mx\/wp-content\/uploads\/2008\/07\/a05n1cul-1_mini.thumbnail.jpg\" alt=\"a05n1cul-1_mini.jpg\" \/><\/a><\/p>\n<p><strong>C\u00e1rmen Aristegui,<\/strong> periodista e intelectual mexicana, es por el momento una de las mujres m\u00e1s destacadas de la vida p\u00fablica del pa\u00eds, debido a que da voz a en sus limitadas actuaciones en los medios de comunicaci\u00f3n, que le permite el gobierno, para que se expresen las voces pensantes de este M\u00e9xico nuestro.<\/p>\n<p><strong>Elena Poniatowska<\/strong>, otra mujer mexicana, periodista, que le di\u00f3 voz a todos los que no la han podido tener en este pa\u00eds. Como son Los deudos de Tlaltelolco, las costureras, descubierta durante el temblor de 85, a Jesusa Palancares, y a gran\u00a0cantidad de voces que quieren hablar y no las dejan. Es adem\u00e1s una escritora e intelectual, con gran capacidad de reflexi\u00f3n para la sociedad mexicana.<\/p>\n","protected":false},"excerpt":{"rendered":"<p>C\u00e1rmen Aristegui, periodista e intelectual mexicana, es por el momento una de las mujres m\u00e1s destacadas de la vida p\u00fablica del pa\u00eds, debido a que da voz a en sus limitadas actuaciones en los medios de comunicaci\u00f3n, que le permite el gobierno, para que se expresen las voces pensantes de este M\u00e9xico nuestro. Elena Poniatowska, [&hellip;]<\/p>\n","protected":false},"author":249,"featured_media":0,"comment_status":"open","ping_status":"closed","sticky":false,"template":"","format":"standard","meta":{"footnotes":""},"categories":[11],"tags":[],"class_list":["post-830","post","type-post","status-publish","format-standard","hentry","category-fotografia"],"_links":{"self":[{"href":"http:\/\/eloficiodehistoriar.com.mx\/index.php?rest_route=\/wp\/v2\/posts\/830","targetHints":{"allow":["GET"]}}],"collection":[{"href":"http:\/\/eloficiodehistoriar.com.mx\/index.php?rest_route=\/wp\/v2\/posts"}],"about":[{"href":"http:\/\/eloficiodehistoriar.com.mx\/index.php?rest_route=\/wp\/v2\/types\/post"}],"author":[{"embeddable":true,"href":"http:\/\/eloficiodehistoriar.com.mx\/index.php?rest_route=\/wp\/v2\/users\/249"}],"replies":[{"embeddable":true,"href":"http:\/\/eloficiodehistoriar.com.mx\/index.php?rest_route=%2Fwp%2Fv2%2Fcomments&post=830"}],"version-history":[{"count":0,"href":"http:\/\/eloficiodehistoriar.com.mx\/index.php?rest_route=\/wp\/v2\/posts\/830\/revisions"}],"wp:attachment":[{"href":"http:\/\/eloficiodehistoriar.com.mx\/index.php?rest_route=%2Fwp%2Fv2%2Fmedia&parent=830"}],"wp:term":[{"taxonomy":"category","embeddable":true,"href":"http:\/\/eloficiodehistoriar.com.mx\/index.php?rest_route=%2Fwp%2Fv2%2Fcategories&post=830"},{"taxonomy":"post_tag","embeddable":true,"href":"http:\/\/eloficiodehistoriar.com.mx\/index.php?rest_route=%2Fwp%2Fv2%2Ftags&post=830"}],"curies":[{"name":"wp","href":"https:\/\/api.w.org\/{rel}","templated":true}]}}