{"id":832,"date":"2008-07-30T14:12:21","date_gmt":"2008-07-30T19:12:21","guid":{"rendered":"https:\/\/eloficiodehistoriar.com.mx\/?p=832"},"modified":"2008-07-30T14:12:21","modified_gmt":"2008-07-30T19:12:21","slug":"africa-pobre-y-sin-esperanza-%c2%bfquien-sigue","status":"publish","type":"post","link":"http:\/\/eloficiodehistoriar.com.mx\/?p=832","title":{"rendered":"Africa pobre y sin esperanza. \u00bfQui\u00e9n sigue?&#8230;"},"content":{"rendered":"<p><strong><span style=\"font-size: 9pt; color: black; font-family: Arial\">Los pobres estamos en el ojo del hurac\u00e1n, es necesario para los due\u00f1os del dinero y del poder nuestra extinci\u00f3n. \u00c1frica es el primer paso, la muerte se asoma por miles diariamente con enfermedades curables, la mira sigue con los extremadamente pobres de Am\u00e9rica latina. J.F.Z.<o:p><\/o:p><\/span><\/strong><strong><span style=\"font-size: 10pt; color: black; font-family: Arial\">En el orden internacional de beneficios, los estados africanos est\u00e1n, por mucho, al final de la lista.<\/span><\/strong><\/p>\n<p><strong><span style=\"font-size: 10pt; color: black; font-family: Arial\"><o:p><\/o:p><\/span><\/strong>\u00a0<\/p>\n<p align=\"center\" style=\"margin: auto 0cm; text-align: center\" class=\"author\"><strong><span style=\"font-size: 16pt; color: black; font-family: Arial\">\u201cLos Muchachos de Las Verandas\u201d, sus h\u00e9roes<\/span><\/strong><\/p>\n<p><strong><span style=\"font-size: 16pt; color: black; font-family: Arial\"><o:p><\/o:p><\/span><\/strong>\u00a0<strong><span style=\"color: black; font-family: Arial\">Immanuel Wallerstein<o:p><\/o:p><\/span><\/strong><\/p>\n<p style=\"margin: auto 0cm\" class=\"author\"><st1:metricconverter ProductID=\"1957 a\" w:st=\"on\"><strong><span style=\"color: black; font-family: Arial\">\u00a0<\/span><\/strong><\/st1:metricconverter><\/p>\n<p><st1:metricconverter ProductID=\"1957 a\" w:st=\"on\"><strong><span style=\"color: black; font-family: Arial\">1957 a<\/span><\/strong><\/st1:metricconverter><strong><span style=\"color: black; font-family: Arial\"> 2007 el tiempo de lucha<o:p><\/o:p><\/span><\/strong><strong><span style=\"color: black; font-family: Arial\"><\/span><\/strong><\/p>\n<p><strong><span style=\"color: black; font-family: Arial\">\u00bfQu\u00e9 ser\u00e1 de \u00c1frica de aqu\u00ed a 50 a\u00f1os?<o:p><\/o:p><\/span><\/strong><em><strong><span style=\"color: black; font-style: normal; font-family: Arial\"><\/span><\/strong><\/em><\/p>\n<p><em><strong><span style=\"color: black; font-style: normal; font-family: Arial\">\u00c1frica Subsahariana y<span>\u00a0 <\/span>Kwama<span>\u00a0 <\/span>Nkrumah<o:p><\/o:p><\/span><\/strong><\/em><em><strong><span style=\"color: black; font-style: normal; font-family: Arial\"><\/span><\/strong><\/em><\/p>\n<p><em><strong><span style=\"color: black; font-style: normal; font-family: Arial\">El a\u00f1o<\/span><\/strong><\/em><em><strong><span style=\"color: black; font-family: Arial\"> 2007<\/span><\/strong><\/em><strong><span style=\"color: black; font-family: Arial\"> marca el 50 aniversario de las independencias africanas.<o:p><\/o:p><\/span><\/strong><strong><span style=\"color: black; font-family: Arial\"><\/span><\/strong><\/p>\n<p><strong><span style=\"color: black; font-family: Arial\">El a\u00f1o de 1960 obtuvo el sobrenombre de \u00abEl a\u00f1o de \u00c1frica\u00bb.<o:p><\/o:p><\/span><\/strong><strong><span style=\"color: black; font-family: Arial\"><o:p>\u00a0<\/o:p><\/span><\/strong><\/p>\n<p style=\"text-align: justify\"><span style=\"color: black; font-family: Arial\"><\/span><\/p>\n<p><span style=\"color: black; font-family: Arial\">Cifro esta fecha a partir del 6 de abril de 1957, cuando la colonia brit\u00e1nica de Costa de Oro se convirti\u00f3 en el Estado independiente de Ghana, la primera colonia de lo que entonces se llamaba \u00c1frica subsahariana que consigui\u00f3 este estatus.<o:p><\/o:p><\/span><\/p>\n<p style=\"text-align: justify\"><span style=\"color: black; font-family: Arial\"><\/span><\/p>\n<p><span style=\"color: black; font-family: Arial\">El l\u00edder del movimiento que triunf\u00f3 en esa lucha por la independencia era Kwame Nkrumah. <o:p><\/o:p><\/span><\/p>\n<p style=\"text-align: justify\"><span style=\"color: black; font-family: Arial\"><\/span><\/p>\n<p><span style=\"color: black; font-family: Arial\">El mundo aclam\u00f3 ese d\u00eda como un muy importante punto de viraje en la historia de \u00c1frica y envi\u00f3 a sus l\u00edderes a ser parte de las celebraciones en Accra.<o:p><\/o:p><\/span><\/p>\n<p style=\"text-align: justify\"><span style=\"color: black; font-family: Arial\"><\/span><\/p>\n<p><span style=\"color: black; font-family: Arial\">Gran Breta\u00f1a envi\u00f3 a la princesa de Kent y a su primer ministro, sir Harold Mcmillan. Estados Unidos, al vicepresidente Richard Nixon.<o:p><\/o:p><\/span><\/p>\n<p style=\"text-align: justify\"><span style=\"color: black; font-family: Arial\"><\/span><\/p>\n<p><span style=\"color: black; font-family: Arial\">Yo mismo estuve en Accra en ese momento, y puedo atestiguar la muy entusiasta y positiva cualidad de las festividades y del optimismo general acerca del futuro de \u00c1frica que se sent\u00eda en Ghana y por todo el continente.<o:p><\/o:p><\/span><\/p>\n<p style=\"text-align: justify\"><span style=\"color: black; font-family: Arial\"><\/span><\/p>\n<p><span style=\"color: black; font-family: Arial\">Nkrumah hab\u00eda dicho:<o:p><\/o:p><\/span><\/p>\n<p style=\"text-align: justify\"><span style=\"color: black; font-family: Arial\"><\/span><\/p>\n<p><span style=\"color: black; font-family: Arial\">\u00abBuscad primero el reino pol\u00edtico y todas las otras cosas se le a\u00f1adir\u00e1n\u00bb. Ah\u00ed estaba la prueba.<o:p><\/o:p><\/span><\/p>\n<p style=\"text-align: justify\"><span style=\"color: black; font-family: Arial\"><\/span><\/p>\n<p><span style=\"color: black; font-family: Arial\">A la independencia de Ghana le sigui\u00f3, en 1958, el valiente rechazo de Guinea a mantenerse dentro de la \u00f3rbita francesa, y luego una cascada de independencias en 1960:<o:p><\/o:p><\/span><\/p>\n<p style=\"text-align: justify\"><span style=\"color: black; font-family: Arial\"><\/span><\/p>\n<p><span style=\"color: black; font-family: Arial\">16 pa\u00edses en total.<\/span><strong><span style=\"font-size: 7.5pt; color: black; font-family: Arial\"> <\/span><\/strong><span style=\"color: black; font-family: Arial\"><o:p><\/o:p><\/span><\/p>\n<p style=\"text-align: justify\"><span style=\"color: black; font-family: Arial\"><\/span><\/p>\n<p><span style=\"color: black; font-family: Arial\">Tambi\u00e9n fue el a\u00f1o de la crisis del Congo.<o:p><\/o:p><\/span><\/p>\n<p style=\"text-align: justify\"><span style=\"color: black; font-family: Arial\"><\/span><\/p>\n<p><span style=\"color: black; font-family: Arial\">Fue la primera guerra civil en el \u00c1frica independiente, la primera reentrada de tropas europeas posterior a la independencia, y el primer asesinato de un jefe de gobierno africano: el primer ministro Patrice Lumumba.<o:p><\/o:p><\/span><\/p>\n<p style=\"text-align: justify\"><span style=\"color: black; font-family: Arial\"><\/span><\/p>\n<p><span style=\"color: black; font-family: Arial\">No obstante, lo que termin\u00f3 por llamarse \u00abel barrido descendente de liberaci\u00f3n africana\u00bb continu\u00f3 muchos a\u00f1os m\u00e1s hasta que golpe\u00f3 con la dura roca del \u00c1frica austral rica en minerales, dominada por los colonizadores: las colonias portuguesas Angola y Mozambique, el autoproclamado Estado independiente de Rhodesia, controlado por colonos (hoy Zimbabwe); el Estado de \u00c1frica del Suroeste, controlado por los sudafricanos (hoy Namibia), y <st1:personname ProductID=\"la Sud?frica\" w:st=\"on\">la Sud\u00e1frica<\/st1:personname> del <em><span style=\"font-family: Arial\">apartheid<\/span><\/em>. Llev\u00f3 20 a\u00f1os m\u00e1s conseguir gobiernos africanos independientes en todos estos estados, pero se hizo.<o:p><\/o:p><\/span><\/p>\n<p style=\"text-align: justify\"><span style=\"color: black; font-family: Arial\"><\/span><\/p>\n<p><span style=\"color: black; font-family: Arial\">Entre tanto, la euforia de 1957-1960 dio paso a nuevas realidades -golpes militares, guerras civiles y entre pa\u00edses, m\u00e1s las severas dificultades econ\u00f3micas de los a\u00f1os 70 y 80, que fueron propiciadas, pero no ocasionadas, por las alzas en el precio del petr\u00f3leo.<o:p><\/o:p><\/span><\/p>\n<p style=\"text-align: justify\"><span style=\"color: black; font-family: Arial\"><\/span><\/p>\n<p><span style=\"color: black; font-family: Arial\">El afroptimismo dio paso al afropesimismo. Todas las otras cosas no se a\u00f1ad\u00edan a la independencia pol\u00edtica. \u00bfSe hab\u00eda equivocado Nkrumah?<o:p><\/o:p><\/span><\/p>\n<p style=\"text-align: justify\"><span style=\"color: black; font-family: Arial\"><\/span><\/p>\n<p><span style=\"color: black; font-family: Arial\">Nkrumah mismo hab\u00eda alertado que al fin del colonialismo le seguir\u00eda el neocolonialismo debido a la continuada dependencia econ\u00f3mica de los estados africanos hacia Europa occidental y Estados Unidos.<o:p><\/o:p><\/span><\/p>\n<p style=\"text-align: justify\"><span style=\"color: black; font-family: Arial\"><\/span><\/p>\n<p><span style=\"color: black; font-family: Arial\">El remedio de Nkrumah era la unidad africana, para la cual iz\u00f3 alto el estandarte.<o:p><\/o:p><\/span><\/p>\n<p style=\"text-align: justify\"><span style=\"color: black; font-family: Arial\"><\/span><\/p>\n<p><span style=\"color: black; font-family: Arial\">Se las arregl\u00f3 para conseguir que se redefinieran las dimensiones de \u00c1frica e incluyeran a \u00c1frica del Norte.<o:p><\/o:p><\/span><\/p>\n<p style=\"text-align: justify\"><span style=\"color: black; font-family: Arial\"><\/span><\/p>\n<p><span style=\"color: black; font-family: Arial\">Pero la monta\u00f1a que fue el movimiento por la unidad africana trajo en los a\u00f1os 60 meramente un rat\u00f3n, en la forma de una d\u00e9bil estructura llamada <st1:personname ProductID=\"la Organizaci?n\" w:st=\"on\">la Organizaci\u00f3n<\/st1:personname> de <st1:personname ProductID=\"la Unidad Africana\" w:st=\"on\">la Unidad Africana<\/st1:personname>, que luego se rebautiz\u00f3 como Uni\u00f3n Africana, pero que no la hizo m\u00e1s fuerte.<o:p><\/o:p><\/span><\/p>\n<p style=\"text-align: justify\"><span style=\"color: black; font-family: Arial\"><\/span><\/p>\n<p><span style=\"color: black; font-family: Arial\">En 2007, el panorama pol\u00edtico y econ\u00f3mico de \u00c1frica no corresponde para nada con las esperanzas y las expectativas de 1957.<o:p><\/o:p><\/span><\/p>\n<p style=\"text-align: justify\"><span style=\"color: black; font-family: Arial\"><\/span><\/p>\n<p><span style=\"color: black; font-family: Arial\">Aqu\u00ed y all\u00e1, uno puede apuntar algunas peque\u00f1as mejoras econ\u00f3micas. Pero en el total, las estad\u00edsticas muestran que \u00c1frica ha tenido el desempe\u00f1o m\u00e1s d\u00e9bil de todos los continentes. Y aqu\u00ed y all\u00e1 uno puede apuntar alg\u00fan renovado entusiasmo en el escenario pol\u00edtico.<o:p><\/o:p><\/span><\/p>\n<p style=\"text-align: justify\"><span style=\"color: black; font-family: Arial\"><\/span><\/p>\n<p><span style=\"color: black; font-family: Arial\">Pero en el total, la mayor parte de los estados est\u00e1n en manos de pol\u00edticos corruptos que no toleran una oposici\u00f3n significativa a sus reg\u00edmenes, y que no hacen nada para mejorar al grueso de la poblaci\u00f3n.<o:p><\/o:p><\/span><\/p>\n<p style=\"text-align: justify\"><span style=\"color: black; font-family: Arial\"><\/span><\/p>\n<p><span style=\"color: black; font-family: Arial\">\u00bfQu\u00e9 ser\u00e1 de \u00c1frica de aqu\u00ed a 50 a\u00f1os?<o:p><\/o:p><\/span><\/p>\n<p style=\"text-align: justify\"><span style=\"color: black; font-family: Arial\"><\/span><\/p>\n<p><span style=\"color: black; font-family: Arial\">Por supuesto, nunca se puede estar seguro. Pero uno puede tener algunas expectativas razonables.<o:p><\/o:p><\/span><\/p>\n<p style=\"text-align: justify\"><span style=\"color: black; font-family: Arial\"><\/span><\/p>\n<p><span style=\"color: black; font-family: Arial\">Primero que nada, ser\u00eda dif\u00edcil que las cosas empeoren. En el orden internacional de beneficios, los estados africanos est\u00e1n, por mucho, al final de la lista.<o:p><\/o:p><\/span><\/p>\n<p style=\"text-align: justify\"><span style=\"color: black; font-family: Arial\"><\/span><\/p>\n<p><span style=\"color: black; font-family: Arial\">Las generaciones m\u00e1s j\u00f3venes reaccionan a esta realidad de dos maneras: algunos emigran, y algunos comienzan a estructurar nuevos movimientos -intentando construir una segunda ola de luchas de liberaci\u00f3n nacional.<o:p><\/o:p><\/span><\/p>\n<p style=\"text-align: justify\"><span style=\"color: black; font-family: Arial\"><\/span><\/p>\n<p><span style=\"color: black; font-family: Arial\">En segundo lugar, el escenario geopol\u00edtico ser\u00e1 muy diferente en 2057.<o:p><\/o:p><\/span><\/p>\n<p style=\"text-align: justify\"><span style=\"color: black; font-family: Arial\"><\/span><\/p>\n<p><span style=\"color: black; font-family: Arial\">Es casi seguro que la habilidad de Estados Unidos y Francia para interferir directamente en el escenario africano habr\u00e1 desaparecido.<o:p><\/o:p><\/span><\/p>\n<p style=\"text-align: justify\"><span style=\"color: black; font-family: Arial\"><\/span><\/p>\n<p><span style=\"color: black; font-family: Arial\">Algunos dicen que ser\u00e1 remplazada por nuevas fuentes de interferencia externa, como China, y algunos incluso sugieren que Brasil.<o:p><\/o:p><\/span><\/p>\n<p style=\"text-align: justify\"><span style=\"color: black; font-family: Arial\"><\/span><\/p>\n<p><span style=\"color: black; font-family: Arial\">Esto me parece muy poco plausible, si no es que absolutamente imposible.<o:p><\/o:p><\/span><\/p>\n<p style=\"text-align: justify\"><span style=\"color: black; font-family: Arial\"><\/span><\/p>\n<p><span style=\"color: black; font-family: Arial\">En cambio, creo que en los pr\u00f3ximos 25 a\u00f1os, el relativo abandono de \u00c1frica trabajar\u00e1 en su favor, permitiendo que los nuevos movimientos de liberaci\u00f3n cobren vida y florezcan.<o:p><\/o:p><\/span><\/p>\n<p style=\"text-align: justify\"><span style=\"color: black; font-family: Arial\"><\/span><\/p>\n<p><span style=\"color: black; font-family: Arial\">Si estos movimientos estudian bien la historia africana entre 1957 y 2007 ser\u00e1n capaces de forjar movimientos que sean m\u00e1s serios respecto de lo que necesita hacerse para transformar las estructuras econ\u00f3micas, y lo que se necesita hacer para luchar contra la polarizaci\u00f3n interna de clases.<o:p><\/o:p><\/span><\/p>\n<p style=\"text-align: justify\"><span style=\"color: black; font-family: Arial\"><\/span><\/p>\n<p><span style=\"color: black; font-family: Arial\">En los a\u00f1os anteriores a que Nkrumah presidiera las ceremonias de independencia de 1957, sus oponentes internos se burlaban de sus simpatizantes grit\u00e1ndole muchachos de la veranda<em><span style=\"font-family: Arial\">.<o:p><\/o:p><\/span><\/em><\/span><\/p>\n<p style=\"text-align: justify\"><span style=\"color: black; font-family: Arial\"><\/span><\/p>\n<p><span style=\"color: black; font-family: Arial\">Esto hac\u00eda referencia al hecho de que muchos de los militantes eran pobladores urbanos relativamente pobres que no ten\u00edan una residencia permanente y ten\u00edan que dormir en las verandas de las casas de otros.<o:p><\/o:p><\/span><\/p>\n<p style=\"text-align: justify\"><span style=\"color: black; font-family: Arial\"><\/span><\/p>\n<p><span style=\"color: black; font-family: Arial\">Esto indica a qu\u00e9 grado el nacionalismo africano -en su momento culminante- tuvo un importante elemento de conflicto de clase, algo que se ha oscurecido en mucha literatura sobre \u00c1frica.<o:p><\/o:p><\/span><\/p>\n<p style=\"text-align: justify\"><span style=\"color: black; font-family: Arial\"><\/span><\/p>\n<p><span style=\"color: black; font-family: Arial\">La conciencia de clase puede de nuevo ser central en la pol\u00edtica africana.<o:p><\/o:p><\/span><\/p>\n<p style=\"text-align: justify\"><span style=\"color: black; font-family: Arial\"><\/span><\/p>\n<p><span style=\"color: black; font-family: Arial\">Y si lo es, dada la crisis estructural de todo el moderno sistema-mundo y las ca\u00f3ticas condiciones geopol\u00edticas y de econom\u00eda-mundo que ha hecho surgir, los movimientos de \u00c1frica pueden jugar un papel mucho m\u00e1s importante en el resultado de la lucha pol\u00edtica mundial de lo que hoy la mayor\u00eda de nosotros anticipamos. Esperemos que as\u00ed sea.<o:p><\/o:p><\/span><\/p>\n<p style=\"text-align: justify\"><em><span style=\"color: black; font-family: Arial\"><\/span><\/em><\/p>\n<p><em><span style=\"color: black; font-family: Arial\">Traducci\u00f3n: Ram\u00f3n Vera Herrera<\/span><\/em><span style=\"color: black; font-family: Arial\"> .Organizaci\u00f3n del art\u00edculo, t\u00edtulos y notas de Jos\u00e9 F\u00e9lix Zavala<o:p><\/o:p><\/span><\/p>\n","protected":false},"excerpt":{"rendered":"<p>Los pobres estamos en el ojo del hurac\u00e1n, es necesario para los due\u00f1os del dinero y del poder nuestra extinci\u00f3n. \u00c1frica es el primer paso, la muerte se asoma por miles diariamente con enfermedades curables, la mira sigue con los extremadamente pobres de Am\u00e9rica latina. J.F.Z.En el orden internacional de beneficios, los estados africanos est\u00e1n, [&hellip;]<\/p>\n","protected":false},"author":249,"featured_media":0,"comment_status":"open","ping_status":"closed","sticky":false,"template":"","format":"standard","meta":{"footnotes":""},"categories":[26],"tags":[],"class_list":["post-832","post","type-post","status-publish","format-standard","hentry","category-mundo"],"_links":{"self":[{"href":"http:\/\/eloficiodehistoriar.com.mx\/index.php?rest_route=\/wp\/v2\/posts\/832","targetHints":{"allow":["GET"]}}],"collection":[{"href":"http:\/\/eloficiodehistoriar.com.mx\/index.php?rest_route=\/wp\/v2\/posts"}],"about":[{"href":"http:\/\/eloficiodehistoriar.com.mx\/index.php?rest_route=\/wp\/v2\/types\/post"}],"author":[{"embeddable":true,"href":"http:\/\/eloficiodehistoriar.com.mx\/index.php?rest_route=\/wp\/v2\/users\/249"}],"replies":[{"embeddable":true,"href":"http:\/\/eloficiodehistoriar.com.mx\/index.php?rest_route=%2Fwp%2Fv2%2Fcomments&post=832"}],"version-history":[{"count":0,"href":"http:\/\/eloficiodehistoriar.com.mx\/index.php?rest_route=\/wp\/v2\/posts\/832\/revisions"}],"wp:attachment":[{"href":"http:\/\/eloficiodehistoriar.com.mx\/index.php?rest_route=%2Fwp%2Fv2%2Fmedia&parent=832"}],"wp:term":[{"taxonomy":"category","embeddable":true,"href":"http:\/\/eloficiodehistoriar.com.mx\/index.php?rest_route=%2Fwp%2Fv2%2Fcategories&post=832"},{"taxonomy":"post_tag","embeddable":true,"href":"http:\/\/eloficiodehistoriar.com.mx\/index.php?rest_route=%2Fwp%2Fv2%2Ftags&post=832"}],"curies":[{"name":"wp","href":"https:\/\/api.w.org\/{rel}","templated":true}]}}