{"id":833,"date":"2008-07-30T14:15:46","date_gmt":"2008-07-30T19:15:46","guid":{"rendered":"https:\/\/eloficiodehistoriar.com.mx\/?p=833"},"modified":"2008-07-30T14:15:46","modified_gmt":"2008-07-30T19:15:46","slug":"la-pobreza","status":"publish","type":"post","link":"http:\/\/eloficiodehistoriar.com.mx\/?p=833","title":{"rendered":"La pobreza&#8230;"},"content":{"rendered":"<p style=\"border-right: medium none; border-top: medium none; border-left: medium none; border-bottom: #dddddd 1pt solid; padding: 0cm\">\n<h1 align=\"center\" style=\"margin: 0cm 0cm 3pt; text-align: center\"><span style=\"font-size: 18pt; font-family: Arial\">Liberaci\u00f3n de la pobreza<o:p><\/o:p><\/span><\/h1>\n<p style=\"text-align: justify\"><span style=\"font-family: Arial\"><\/span><\/p>\n<p><span style=\"font-family: Arial\">Amnist\u00eda Internacional (AI), el movimiento de derechos humanos m\u00e1s grande del mundo, acaba de anunciar en un comunicado muchos cambios en la manera de realizar su trabajo. Dicho comunicado se emiti\u00f3 oficialmente en el contexto de la clausura de la 28 reuni\u00f3n de su Consejo Internacional, que se llev\u00f3 a cabo del 12 al 17 de agosto en Cocoyoc, Morelos, con la participaci\u00f3n de m\u00e1s de 400 delegados de 75 pa\u00edses, con el prop\u00f3sito de planificar, revisar y tomar decisiones respecto a su trabajo.<o:p><\/o:p><\/span><\/p>\n<p style=\"text-align: justify\"><span style=\"font-family: Arial\"><\/span><\/p>\n<p><span style=\"font-family: Arial\">La direcci\u00f3n mundial de AI declar\u00f3 que \u201cen un mundo maltrecho a causa de la divisi\u00f3n y la discordia, avivadas por la desigualdad y la impunidad\u201d, conclu\u00eda la reuni\u00f3n de su Consejo Internacional \u201ccon el compromiso rotundo de abordar la pobreza y la desigualdad como los grandes peligros mundiales que amenazan los derechos humanos universales\u201d.<o:p><\/o:p><\/span><\/p>\n<p style=\"text-align: justify\"><span style=\"font-family: Arial\"><\/span><\/p>\n<p><span style=\"font-family: Arial\">Los cambios no son nuevos en la organizaci\u00f3n. El a\u00f1o 1976, al anunciar en Estados Unidos que extender\u00eda su trabajo para oponerse a todos los casos de condenas a muerte en el mundo, perdi\u00f3 un porcentaje importante de su membres\u00eda. A\u00f1os m\u00e1s tarde, y despu\u00e9s de una serie de debates muy intensos, AI ampli\u00f3 su mandato por la visi\u00f3n de un mundo en el que \u201ctodas las personas disfruten de los derechos humanos proclamados en <st1:personname ProductID=\"la Declaraci?n Universal\" w:st=\"on\">la Declaraci\u00f3n Universal<\/st1:personname> de Derechos Humanos y en otras normas internacionales\u201d. Esto incluye abordar la problem\u00e1tica desde una perspectiva integral, que permite investigar todo tipo de violaciones, sin limitarse a s\u00f3lo algunas de ellas.<o:p><\/o:p><\/span><\/p>\n<p style=\"text-align: justify\"><span style=\"font-family: Arial\"><\/span><\/p>\n<p><span style=\"font-family: Arial\">Para ser congruentes con los principios que ahora rigen a la organizaci\u00f3n, AI ha venido estudiando su forma particular de actuar con respecto a los derechos econ\u00f3micos, sociales y culturales. La decisi\u00f3n no es f\u00e1cil, y en numerosas ocasiones este trabajo se ve limitado por lo dif\u00edcil que es abordar con una misma perspectiva los derechos econ\u00f3micos, sociales y culturales en todos los pa\u00edses del mundo, a pesar de que las violaciones a \u00e9stos son las que afectan a un inmenso porcentaje de la poblaci\u00f3n mundial, y est\u00e1n detr\u00e1s y muchas veces ocasionan otro tipo de violaciones.<o:p><\/o:p><\/span><\/p>\n<p style=\"text-align: justify\"><span style=\"font-family: Arial\"><\/span><\/p>\n<p><span style=\"font-family: Arial\">Desde hace algunos a\u00f1os AI ha trabajado en favor de presos de conciencia o de presos pol\u00edticos que defienden esta clase de derechos. Como ejemplo tenemos el caso de los campesinos ecologistas de Guerrero, Montiel, Cabrera y Arreaga, encarcelados injustamente por defender los bosques. Sin embargo, en esos casos la organizaci\u00f3n se limitaba a denunciar las violaciones a sus derechos civiles, como consecuencia de sus acciones por reivindicar derechos econ\u00f3micos, sociales o culturales. Ahora AI se plantea directamente su forma de trabajar este tipo de violaciones, al afirmar en su comunicado que \u201cla dignidad humana de todas las personas es la base de la causa de los derechos humanos\u201d; y que, \u201cal trabajar por la liberaci\u00f3n de los presos de conciencia, o de los presos de la pobreza, los prejuicios y la violencia, permanecer\u00e1 fiel a su misi\u00f3n de defender la dignidad de los marginados\u201d.<o:p><\/o:p><\/span><\/p>\n<p style=\"text-align: justify\"><span style=\"font-family: Arial\"><\/span><\/p>\n<p><span style=\"font-family: Arial\">Promover la dignidad de las personas que a causa de la pobreza y los perjuicios tienen un acceso m\u00ednimo a los derechos humanos, a\u00f1ade, \u201ces la tarea m\u00e1s apremiante que se le presenta a Amnist\u00eda Internacional\u201d. \u201cComo l\u00edderes de este movimiento mundial de defensa de los derechos humanos \u2013expres\u00f3 en esa ocasi\u00f3n Irene Khan\u2013, reiteramos nuestra convicci\u00f3n y determinaci\u00f3n de hacer todo lo posible por levantarnos y defender los derechos humanos universales de todas las personas en todo el mundo\u201d.<o:p><\/o:p><\/span><\/p>\n<p style=\"text-align: justify\"><span style=\"font-family: Arial\"><\/span><\/p>\n<p><span style=\"font-family: Arial\">\u00bfCu\u00e1l va a ser la forma como la organizaci\u00f3n act\u00fae frente a las injusticias econ\u00f3micas que se dan en el mundo, de manera que pueda incidir en las condiciones inequitativas existentes entre estados y dentro de los mismos, para que disminuyan? Son preguntas muy serias que los miembros de AI se han venido formulando, y cuyas respuestas apenas se han empezado a discutir en la reuni\u00f3n \u00faltima de su Consejo Internacional. Sin embargo, el movimiento mundial de derechos humanos no puede dejar de congratularse de que AI decida apoyar el trabajo a favor de la soluci\u00f3n de esta problem\u00e1tica, que es ya parte fundamental de la agenda de una gran cantidad de organizaciones y movimientos sociales, nacionales e internacionales. Su aportaci\u00f3n ser\u00e1, sin duda, de gran ayuda para que estos derechos puedan hacerse exigibles y justiciables, atendiendo a la universalidad, indivisibilidad e interdependencia de los derechos humanos.<o:p><\/o:p><\/span><\/p>\n<p style=\"text-align: justify\"><span style=\"font-family: Arial\"><\/span><\/p>\n<p><span style=\"font-family: Arial\">La pobreza es, en efecto, la expresi\u00f3n de una enorme cantidad de violaciones a los derechos humanos, y resulta inaceptable permanecer indiferentes frente al abuso de poder y la discriminaci\u00f3n en las oportunidades para alcanzar una vida digna que se dan entre nosotros. A este respecto, las palabras de Nelson Mandela son una ilustraci\u00f3n perfecta para el anuncio que ha hecho AI: \u201cAl igual que ocurre con la esclavitud y el <em><span style=\"font-family: Arial\">apartheid, <\/span><\/em>la pobreza no es algo natural. Es el hombre quien la crea, y son las acciones de los seres humanos las que pueden vencerla y erradicarla. Vencer la pobreza no es un gesto de caridad. Es un acto de justicia. Constituye la protecci\u00f3n de un derecho humano fundamental, el derecho a la dignidad y a una vida digna\u201d.<o:p><\/o:p><\/span><\/p>\n","protected":false},"excerpt":{"rendered":"<p>Liberaci\u00f3n de la pobreza Amnist\u00eda Internacional (AI), el movimiento de derechos humanos m\u00e1s grande del mundo, acaba de anunciar en un comunicado muchos cambios en la manera de realizar su trabajo. Dicho comunicado se emiti\u00f3 oficialmente en el contexto de la clausura de la 28 reuni\u00f3n de su Consejo Internacional, que se llev\u00f3 a cabo [&hellip;]<\/p>\n","protected":false},"author":249,"featured_media":0,"comment_status":"open","ping_status":"closed","sticky":false,"template":"","format":"standard","meta":{"footnotes":""},"categories":[26],"tags":[],"class_list":["post-833","post","type-post","status-publish","format-standard","hentry","category-mundo"],"_links":{"self":[{"href":"http:\/\/eloficiodehistoriar.com.mx\/index.php?rest_route=\/wp\/v2\/posts\/833","targetHints":{"allow":["GET"]}}],"collection":[{"href":"http:\/\/eloficiodehistoriar.com.mx\/index.php?rest_route=\/wp\/v2\/posts"}],"about":[{"href":"http:\/\/eloficiodehistoriar.com.mx\/index.php?rest_route=\/wp\/v2\/types\/post"}],"author":[{"embeddable":true,"href":"http:\/\/eloficiodehistoriar.com.mx\/index.php?rest_route=\/wp\/v2\/users\/249"}],"replies":[{"embeddable":true,"href":"http:\/\/eloficiodehistoriar.com.mx\/index.php?rest_route=%2Fwp%2Fv2%2Fcomments&post=833"}],"version-history":[{"count":0,"href":"http:\/\/eloficiodehistoriar.com.mx\/index.php?rest_route=\/wp\/v2\/posts\/833\/revisions"}],"wp:attachment":[{"href":"http:\/\/eloficiodehistoriar.com.mx\/index.php?rest_route=%2Fwp%2Fv2%2Fmedia&parent=833"}],"wp:term":[{"taxonomy":"category","embeddable":true,"href":"http:\/\/eloficiodehistoriar.com.mx\/index.php?rest_route=%2Fwp%2Fv2%2Fcategories&post=833"},{"taxonomy":"post_tag","embeddable":true,"href":"http:\/\/eloficiodehistoriar.com.mx\/index.php?rest_route=%2Fwp%2Fv2%2Ftags&post=833"}],"curies":[{"name":"wp","href":"https:\/\/api.w.org\/{rel}","templated":true}]}}