{"id":834,"date":"2008-07-30T14:21:59","date_gmt":"2008-07-30T19:21:59","guid":{"rendered":"https:\/\/eloficiodehistoriar.com.mx\/?p=834"},"modified":"2008-07-30T14:45:44","modified_gmt":"2008-07-30T19:45:44","slug":"division-territorial-de-la-diocesis-de-queretaro","status":"publish","type":"post","link":"http:\/\/eloficiodehistoriar.com.mx\/?p=834","title":{"rendered":"Divisi\u00f3n territorial de la Di\u00f3cesis de Quer\u00e9taro."},"content":{"rendered":"<p><strong><span style=\"font-size: 16pt; font-family: Arial\">Decanatos y Parroquias de <st1:personname ProductID=\"la Di?cesis\" w:st=\"on\">la Di\u00f3cesis<\/st1:personname> de Quer\u00e9taro<o:p><\/o:p><\/span><\/strong><span style=\"font-size: 11pt; color: #172c6b; font-family: Arial\"><o:p>\u00a0<\/o:p><\/span><strong><span style=\"font-size: 11pt; font-family: Arial\">En <st1:personname ProductID=\"la Di?cesis\" w:st=\"on\">la Di\u00f3cesis<\/st1:personname> existen 12 Decanatos:<o:p><\/o:p><\/span><\/strong><span style=\"font-size: 11pt; font-family: Arial\"><o:p>\u00a0<\/o:p><\/span><\/p>\n<p style=\"margin: 0cm 0cm 0pt\" class=\"estilo4\">&nbsp;<\/p>\n<p><a name=\"DECANATO_DE_SANTIAGO\" title=\"DECANATO_DE_SANTIAGO\"><\/a><strong><span style=\"font-family: Arial\">DECANATO DE SANTIAGO<\/span><\/strong><span><\/span><strong><span style=\"font-family: Arial\"><o:p><\/o:p><\/span><\/strong><strong><span style=\"font-size: 11pt; font-family: Arial\"><o:p>\u00a0<\/o:p><\/span><\/strong><strong><span style=\"font-size: 11pt; font-family: Arial\"><o:p><\/o:p><\/span><\/strong>\u00a0<strong><span style=\"font-size: 11pt; font-family: Arial\"><o:p><\/o:p><\/span><\/strong>\u00a0<strong><span style=\"font-size: 11pt; font-family: Arial\"><o:p><\/o:p><\/span><\/strong>\u00a0<strong><span style=\"font-size: 11pt; font-family: Arial\"><o:p><\/o:p><\/span><\/strong>\u00a0<strong><span style=\"font-size: 11pt; font-family: Arial\"><o:p><\/o:p><\/span><\/strong><span style=\"font-size: 10pt; line-height: 200%; font-family: Symbol\"><span>\u00b7<span style=\"font: 7pt 'Times New Roman'\">\u00a0\u00a0\u00a0\u00a0\u00a0\u00a0\u00a0\u00a0 <\/span><\/span><\/span><span style=\"font-size: 11pt; line-height: 200%; font-family: Arial\"><a href=\"http:\/\/www.laparroquiadesantiagodequeretaro.org.mx\/\"><span style=\"color: windowtext; text-decoration: none; text-underline: none\">Parroquia de Santiago (del Sagrario)<\/span><\/a> <o:p><\/o:p><\/span><\/p>\n<p style=\"margin: 0cm 0cm 0pt 36pt; text-indent: -18pt; line-height: 200%; tab-stops: list 36.0pt\"><span style=\"font-size: 10pt; line-height: 200%; font-family: Symbol\"><span><\/span><\/span><\/p>\n<p><span style=\"font-size: 10pt; line-height: 200%; font-family: Symbol\"><span>\u00b7<span style=\"font: 7pt 'Times New Roman'\">\u00a0\u00a0\u00a0\u00a0\u00a0\u00a0\u00a0\u00a0 <\/span><\/span><\/span><span style=\"font-size: 11pt; line-height: 200%; font-family: Arial\" lang=\"ES-MX\">Parroquia del Sagrado Coraz\u00f3n de Jes\u00fas (Santa Clara)<\/span><span style=\"font-size: 11pt; line-height: 200%; font-family: Arial\"><o:p><\/o:p><\/span><\/p>\n<p style=\"margin: 0cm 0cm 0pt 36pt; text-indent: -18pt; line-height: 200%; tab-stops: list 36.0pt\"><span style=\"font-size: 10pt; line-height: 200%; font-family: Symbol\"><span><\/span><\/span><\/p>\n<p><span style=\"font-size: 10pt; line-height: 200%; font-family: Symbol\"><span>\u00b7<span style=\"font: 7pt 'Times New Roman'\">\u00a0\u00a0\u00a0\u00a0\u00a0\u00a0\u00a0\u00a0 <\/span><\/span><\/span><span style=\"font-size: 11pt; line-height: 200%; font-family: Arial\" lang=\"ES-MX\">Parroquia de <st1:personname ProductID=\"la Divina Pastora\" w:st=\"on\">la Divina Pastora<\/st1:personname> (Barrio de San Francisquito)<\/span><span style=\"font-size: 11pt; line-height: 200%; font-family: Arial\"><o:p><\/o:p><\/span><\/p>\n<p style=\"margin: 0cm 0cm 0pt 36pt; text-indent: -18pt; line-height: 200%; tab-stops: list 36.0pt\"><span style=\"font-size: 10pt; line-height: 200%; font-family: Symbol\" lang=\"PT-BR\"><span><\/span><\/span><\/p>\n<p><span style=\"font-size: 10pt; line-height: 200%; font-family: Symbol\" lang=\"PT-BR\"><span>\u00b7<span style=\"font: 7pt 'Times New Roman'\">\u00a0\u00a0\u00a0\u00a0\u00a0\u00a0\u00a0\u00a0 <\/span><\/span><\/span><span style=\"font-size: 11pt; line-height: 200%; font-family: Arial\" lang=\"PT-BR\">Parroquia de Pentecostes (Col. Palmas) <o:p><\/o:p><\/span><\/p>\n<p style=\"margin: 0cm 0cm 0pt 36pt; text-indent: -18pt; line-height: 200%; tab-stops: list 36.0pt\"><span style=\"font-size: 10pt; line-height: 200%; font-family: Symbol\"><span><\/span><\/span><\/p>\n<p><span style=\"font-size: 10pt; line-height: 200%; font-family: Symbol\"><span>\u00b7<span style=\"font: 7pt 'Times New Roman'\">\u00a0\u00a0\u00a0\u00a0\u00a0\u00a0\u00a0\u00a0 <\/span><\/span><\/span><span style=\"font-size: 11pt; line-height: 200%; font-family: Arial\">Parroquia Nuestra Se\u00f1ora del Perpetuo Socorro (Col. Carretas) <o:p><\/o:p><\/span><\/p>\n<p style=\"margin: 0cm 0cm 0pt 36pt; text-indent: -18pt; line-height: 200%; tab-stops: list 36.0pt\"><span style=\"font-size: 10pt; line-height: 200%; font-family: Symbol\"><span><\/span><\/span><\/p>\n<p><span style=\"font-size: 10pt; line-height: 200%; font-family: Symbol\"><span>\u00b7<span style=\"font: 7pt 'Times New Roman'\">\u00a0\u00a0\u00a0\u00a0\u00a0\u00a0\u00a0\u00a0 <\/span><\/span><\/span><span style=\"font-size: 11pt; line-height: 200%; font-family: Arial\">Parroquia de San Isidro (Col. Jardines de Quer\u00e9taro) <o:p><\/o:p><\/span><\/p>\n<p style=\"margin: 0cm 0cm 0pt 36pt; text-indent: -18pt; line-height: 200%; tab-stops: list 36.0pt\"><span style=\"font-size: 10pt; line-height: 200%; font-family: Symbol\"><span><\/span><\/span><\/p>\n<p><span style=\"font-size: 10pt; line-height: 200%; font-family: Symbol\"><span>\u00b7<span style=\"font: 7pt 'Times New Roman'\">\u00a0\u00a0\u00a0\u00a0\u00a0\u00a0\u00a0\u00a0 <\/span><\/span><\/span><span style=\"font-size: 11pt; line-height: 200%; font-family: Arial\">Parroquia Mar\u00eda Puerta del Cielo (Col. Bola\u00f1os) <o:p><\/o:p><\/span><\/p>\n<p style=\"margin: 0cm 0cm 0pt 36pt; text-indent: -18pt; line-height: 200%; tab-stops: list 36.0pt\"><span style=\"font-size: 10pt; line-height: 200%; font-family: Symbol\"><span><\/span><\/span><\/p>\n<p><span style=\"font-size: 10pt; line-height: 200%; font-family: Symbol\"><span>\u00b7<span style=\"font: 7pt 'Times New Roman'\">\u00a0\u00a0\u00a0\u00a0\u00a0\u00a0\u00a0\u00a0 <\/span><\/span><\/span><span style=\"font-size: 11pt; line-height: 200%; font-family: Arial\">Parroquia Jes\u00fas de Nazareth (Col. Colinas del Cimatario)<o:p><\/o:p><\/span><span style=\"font-size: 11pt; font-family: Arial\"><o:p>\u00a0<\/o:p><\/span><\/p>\n<p style=\"margin: 0cm 0cm 0pt\" class=\"estilo4\">&nbsp;<\/p>\n<p style=\"margin: 0cm 0cm 0pt\" class=\"estilo4\">&nbsp;<\/p>\n<p><a name=\"DECANATO_DE_SANTA_ANA\" title=\"DECANATO_DE_SANTA_ANA\"><\/a><strong><span style=\"font-size: 14pt; font-family: Arial\" lang=\"PT-BR\">DECANATO DE SANTA ANA<\/span><\/strong><span><\/span><strong><span style=\"font-size: 14pt; font-family: Arial\" lang=\"PT-BR\"><o:p><\/o:p><\/span><\/strong><strong><span style=\"font-size: 11pt; font-family: Arial\" lang=\"PT-BR\"><o:p>\u00a0<\/o:p><\/span><\/strong><strong><span style=\"font-size: 11pt; font-family: Arial\" lang=\"PT-BR\"><o:p><\/o:p><\/span><\/strong>\u00a0<strong><span style=\"font-size: 11pt; font-family: Arial\" lang=\"PT-BR\"><o:p><\/o:p><\/span><\/strong>\u00a0<strong><span style=\"font-size: 11pt; font-family: Arial\" lang=\"PT-BR\"><o:p><\/o:p><\/span><\/strong>\u00a0<strong><span style=\"font-size: 11pt; font-family: Arial\" lang=\"PT-BR\"><o:p><\/o:p><\/span><\/strong>\u00a0<strong><span style=\"font-size: 11pt; font-family: Arial\" lang=\"PT-BR\"><o:p><\/o:p><\/span><\/strong><span style=\"font-size: 10pt; line-height: 200%; font-family: Symbol\"><span>\u00b7<span style=\"font: 7pt 'Times New Roman'\">\u00a0\u00a0\u00a0\u00a0\u00a0\u00a0\u00a0\u00a0 <\/span><\/span><\/span><span style=\"font-size: 11pt; line-height: 200%; font-family: Arial\">Parroquia de Santa Ana (Barrio de Santa Ana)<o:p><\/o:p><\/span><\/p>\n<p style=\"margin: 0cm 0cm 0pt 36pt; text-indent: -18pt; line-height: 200%; tab-stops: list 36.0pt\"><span style=\"font-size: 10pt; line-height: 200%; font-family: Symbol\"><span><\/span><\/span><\/p>\n<p><span style=\"font-size: 10pt; line-height: 200%; font-family: Symbol\"><span>\u00b7<span style=\"font: 7pt 'Times New Roman'\">\u00a0\u00a0\u00a0\u00a0\u00a0\u00a0\u00a0\u00a0 <\/span><\/span><\/span><span style=\"font-size: 11pt; line-height: 200%; font-family: Arial\">P<\/span><span style=\"font-size: 11pt; line-height: 200%; font-family: Arial\" lang=\"ES-MX\">arroquia de Cristo Rey (Col. Ni\u00f1os H\u00e9roes)<\/span><span style=\"font-size: 11pt; line-height: 200%; font-family: Arial\"><o:p><\/o:p><\/span><\/p>\n<p style=\"margin: 0cm 0cm 0pt 36pt; text-indent: -18pt; line-height: 200%; tab-stops: list 36.0pt\"><span style=\"font-size: 10pt; line-height: 200%; font-family: Symbol\"><span><\/span><\/span><\/p>\n<p><span style=\"font-size: 10pt; line-height: 200%; font-family: Symbol\"><span>\u00b7<span style=\"font: 7pt 'Times New Roman'\">\u00a0\u00a0\u00a0\u00a0\u00a0\u00a0\u00a0\u00a0 <\/span><\/span><\/span><span style=\"font-size: 11pt; line-height: 200%; font-family: Arial\" lang=\"ES-MX\">Parroquia de Nuestra Se\u00f1ora de San Juan de los Lagos (Col. Lomas de Casa Blanca)<\/span><span style=\"font-size: 11pt; line-height: 200%; font-family: Arial\"><o:p><\/o:p><\/span><\/p>\n<p style=\"margin: 0cm 0cm 0pt 36pt; text-indent: -18pt; line-height: 200%; tab-stops: list 36.0pt\"><span style=\"font-size: 10pt; line-height: 200%; font-family: Symbol\"><span><\/span><\/span><\/p>\n<p><span style=\"font-size: 10pt; line-height: 200%; font-family: Symbol\"><span>\u00b7<span style=\"font: 7pt 'Times New Roman'\">\u00a0\u00a0\u00a0\u00a0\u00a0\u00a0\u00a0\u00a0 <\/span><\/span><\/span><span style=\"font-size: 11pt; line-height: 200%; font-family: Arial\" lang=\"ES-MX\">Parroquia del Divino Redentor (Col. Lomas de Casa Blanca)<\/span><span style=\"font-size: 11pt; line-height: 200%; font-family: Arial\">\u00a0<o:p><\/o:p><\/span><\/p>\n<p style=\"margin: 0cm 0cm 0pt 36pt; text-indent: -18pt; line-height: 200%; tab-stops: list 36.0pt\"><span style=\"font-size: 10pt; line-height: 200%; font-family: Symbol\"><span><\/span><\/span><\/p>\n<p><span style=\"font-size: 10pt; line-height: 200%; font-family: Symbol\"><span>\u00b7<span style=\"font: 7pt 'Times New Roman'\">\u00a0\u00a0\u00a0\u00a0\u00a0\u00a0\u00a0\u00a0 <\/span><\/span><\/span><u><span style=\"font-size: 11pt; line-height: 200%; font-family: Arial\" lang=\"ES-MX\"><a target=\"_blank\" href=\"http:\/\/www.parroquiadelrayo.org\/\"><span style=\"color: windowtext; text-decoration: none; text-underline: none\">Parroquia de Nuestra Se\u00f1ora del Rosario del Rayo<\/span><\/a><\/span><\/u><span style=\"font-size: 11pt; line-height: 200%; font-family: Arial\" lang=\"ES-MX\"> (Col. Cimatario)<\/span><span style=\"font-size: 11pt; line-height: 200%; font-family: Arial\"><o:p><\/o:p><\/span><\/p>\n<p style=\"margin: 0cm 0cm 0pt 36pt; text-indent: -18pt; line-height: 200%; tab-stops: list 36.0pt\"><span style=\"font-size: 10pt; line-height: 200%; font-family: Symbol\"><span><\/span><\/span><\/p>\n<p><span style=\"font-size: 10pt; line-height: 200%; font-family: Symbol\"><span>\u00b7<span style=\"font: 7pt 'Times New Roman'\">\u00a0\u00a0\u00a0\u00a0\u00a0\u00a0\u00a0\u00a0 <\/span><\/span><\/span><span style=\"font-size: 11pt; line-height: 200%; font-family: Arial\" lang=\"ES-MX\">Parroquia de Santa Mar\u00eda de Guadalupe (Col. Reforma Agraria)<\/span><span style=\"font-size: 11pt; line-height: 200%; font-family: Arial\">\u00a0<o:p><\/o:p><\/span><\/p>\n<p style=\"margin: 0cm 0cm 0pt 36pt; text-indent: -18pt; line-height: 200%; tab-stops: list 36.0pt\"><span style=\"font-size: 10pt; line-height: 200%; font-family: Symbol\"><span><\/span><\/span><\/p>\n<p><span style=\"font-size: 10pt; line-height: 200%; font-family: Symbol\"><span>\u00b7<span style=\"font: 7pt 'Times New Roman'\">\u00a0\u00a0\u00a0\u00a0\u00a0\u00a0\u00a0\u00a0 <\/span><\/span><\/span><span style=\"font-size: 11pt; line-height: 200%; font-family: Arial\">Parroquia de Nuestra Se\u00f1ora de Lourdes (Col. L\u00e1zaro C\u00e1rdenas)\u00a0<o:p><\/o:p><\/span><\/p>\n<p style=\"margin: 0cm 0cm 0pt 36pt; text-indent: -18pt; line-height: 200%; tab-stops: list 36.0pt\"><span style=\"font-size: 10pt; line-height: 200%; font-family: Symbol\"><span><\/span><\/span><\/p>\n<p><span style=\"font-size: 10pt; line-height: 200%; font-family: Symbol\"><span>\u00b7<span style=\"font: 7pt 'Times New Roman'\">\u00a0\u00a0\u00a0\u00a0\u00a0\u00a0\u00a0\u00a0 <\/span><\/span><\/span><span style=\"font-size: 11pt; line-height: 200%; font-family: Arial\">Parroquia de Nuestra Se\u00f1ora del Rosario (Col. Loma Linda)<o:p><\/o:p><\/span><span style=\"font-size: 11pt; font-family: Arial\"><o:p>\u00a0<\/o:p><\/span><\/p>\n<p style=\"margin: 0cm 0cm 0pt\" class=\"estilo4\">&nbsp;<\/p>\n<p><a name=\"DECANATO_DEL_SANTO_NI\u00d1O_DE_LA_SALUD\" title=\"DECANATO_DEL_SANTO_NI\u00d1O_DE_LA_SALUD\"><\/a><strong><span style=\"font-size: 14pt; font-family: Arial\">DECANATO DEL SANTO NI\u00d1O DE <\/span><\/strong><st1:personname ProductID=\"LA SALUD\" w:st=\"on\"><span><strong><span style=\"font-size: 14pt; font-family: Arial\">LA SALUD<\/span><\/strong><\/span><span><\/span><\/st1:personname><strong><span style=\"font-size: 14pt; font-family: Arial\"><o:p><\/o:p><\/span><\/strong><strong><span style=\"font-size: 11pt; font-family: Arial\"><o:p>\u00a0<\/o:p><\/span><\/strong><strong><span style=\"font-size: 11pt; font-family: Arial\"><o:p><\/o:p><\/span><\/strong>\u00a0<strong><span style=\"font-size: 11pt; font-family: Arial\"><o:p><\/o:p><\/span><\/strong>\u00a0<strong><span style=\"font-size: 11pt; font-family: Arial\"><o:p><\/o:p><\/span><\/strong>\u00a0<strong><span style=\"font-size: 11pt; font-family: Arial\"><o:p><\/o:p><\/span><\/strong>\u00a0<strong><span style=\"font-size: 11pt; font-family: Arial\"><o:p><\/o:p><\/span><\/strong><span style=\"font-size: 10pt; line-height: 200%; font-family: Symbol\"><span>\u00b7<span style=\"font: 7pt 'Times New Roman'\">\u00a0\u00a0\u00a0\u00a0\u00a0\u00a0\u00a0\u00a0 <\/span><\/span><\/span><span style=\"font-size: 11pt; line-height: 200%; font-family: Arial\" lang=\"ES-MX\">Parroquia del Santo Ni\u00f1o de <st1:personname ProductID=\"LA SALUD\" w:st=\"on\">la Salud<\/st1:personname> (Col. Lindavista)<\/span><span style=\"font-size: 11pt; line-height: 200%; font-family: Arial\"><o:p><\/o:p><\/span><\/p>\n<p style=\"margin: 0cm 0cm 0pt 36pt; text-indent: -18pt; line-height: 200%; tab-stops: list 36.0pt\"><span style=\"font-size: 10pt; line-height: 200%; font-family: Symbol\"><span><\/span><\/span><\/p>\n<p><span style=\"font-size: 10pt; line-height: 200%; font-family: Symbol\"><span>\u00b7<span style=\"font: 7pt 'Times New Roman'\">\u00a0\u00a0\u00a0\u00a0\u00a0\u00a0\u00a0\u00a0 <\/span><\/span><\/span><span style=\"font-size: 11pt; line-height: 200%; font-family: Arial\" lang=\"ES-MX\">Parroquia de San Sebasti\u00e1n <\/span><span style=\"font-size: 11pt; line-height: 200%; font-family: Arial\"><o:p><\/o:p><\/span><\/p>\n<p style=\"margin: 0cm 0cm 0pt 36pt; text-indent: -18pt; line-height: 200%; tab-stops: list 36.0pt\"><span style=\"font-size: 10pt; line-height: 200%; font-family: Symbol\"><span><\/span><\/span><\/p>\n<p><span style=\"font-size: 10pt; line-height: 200%; font-family: Symbol\"><span>\u00b7<span style=\"font: 7pt 'Times New Roman'\">\u00a0\u00a0\u00a0\u00a0\u00a0\u00a0\u00a0\u00a0 <\/span><\/span><\/span><span style=\"font-size: 11pt; line-height: 200%; font-family: Arial\" lang=\"ES-MX\">Parroquia de San Agust\u00edn del Retablo (Col. San Agust\u00edn del Retablo)<\/span><span style=\"font-size: 11pt; line-height: 200%; font-family: Arial\"><o:p><\/o:p><\/span><\/p>\n<p style=\"margin: 0cm 0cm 0pt 36pt; text-indent: -18pt; line-height: 200%; tab-stops: list 36.0pt\"><span style=\"font-size: 10pt; line-height: 200%; font-family: Symbol\"><span><\/span><\/span><\/p>\n<p><span style=\"font-size: 10pt; line-height: 200%; font-family: Symbol\"><span>\u00b7<span style=\"font: 7pt 'Times New Roman'\">\u00a0\u00a0\u00a0\u00a0\u00a0\u00a0\u00a0\u00a0 <\/span><\/span><\/span><span style=\"font-size: 11pt; line-height: 200%; font-family: Arial\" lang=\"ES-MX\">Parroquia de <st1:personname ProductID=\"la Resurrecci?n\" w:st=\"on\">la Resurrecci\u00f3n<\/st1:personname> del Se\u00f1or (Col. San Roque)<\/span><span style=\"font-size: 11pt; line-height: 200%; font-family: Arial\"><o:p><\/o:p><\/span><\/p>\n<p style=\"margin: 0cm 0cm 0pt 36pt; text-indent: -18pt; line-height: 200%; tab-stops: list 36.0pt\"><span style=\"font-size: 10pt; line-height: 200%; font-family: Symbol\"><span><\/span><\/span><\/p>\n<p><span style=\"font-size: 10pt; line-height: 200%; font-family: Symbol\"><span>\u00b7<span style=\"font: 7pt 'Times New Roman'\">\u00a0\u00a0\u00a0\u00a0\u00a0\u00a0\u00a0\u00a0 <\/span><\/span><\/span><span style=\"font-size: 11pt; line-height: 200%; font-family: Arial\" lang=\"ES-MX\">Parroquia del Cristo de las Bienaventuranzas (Col. Menchaca)<\/span><span style=\"font-size: 11pt; line-height: 200%; font-family: Arial\"><o:p><\/o:p><\/span><\/p>\n<p style=\"margin: 0cm 0cm 0pt 36pt; text-indent: -18pt; line-height: 200%; tab-stops: list 36.0pt\"><span style=\"font-size: 10pt; line-height: 200%; font-family: Symbol\"><span><\/span><\/span><\/p>\n<p><span style=\"font-size: 10pt; line-height: 200%; font-family: Symbol\"><span>\u00b7<span style=\"font: 7pt 'Times New Roman'\">\u00a0\u00a0\u00a0\u00a0\u00a0\u00a0\u00a0\u00a0 <\/span><\/span><\/span><span style=\"font-size: 11pt; line-height: 200%; font-family: Arial\" lang=\"ES-MX\"><a href=\"http:\/\/www.parroquiadesanpablo.org\/\"><span style=\"color: windowtext; text-decoration: none; text-underline: none\">Parroquia Mar\u00eda Madre de la Iglesia (Col. San Pablo)<\/span><\/a><\/span><span style=\"font-size: 11pt; line-height: 200%; font-family: Arial\"><o:p><\/o:p><\/span><\/p>\n<p style=\"margin: 0cm 0cm 0pt 36pt; text-indent: -18pt; line-height: 200%; tab-stops: list 36.0pt\"><span style=\"font-size: 10pt; line-height: 200%; font-family: Symbol\"><span><\/span><\/span><\/p>\n<p><span style=\"font-size: 10pt; line-height: 200%; font-family: Symbol\"><span>\u00b7<span style=\"font: 7pt 'Times New Roman'\">\u00a0\u00a0\u00a0\u00a0\u00a0\u00a0\u00a0\u00a0 <\/span><\/span><\/span><span style=\"font-size: 11pt; line-height: 200%; font-family: Arial\" lang=\"ES-MX\">Parroquia Jesucristo Sumo y Eterno Sacerdote (Col. Desarrollo San Pablo)<\/span><span style=\"font-size: 11pt; line-height: 200%; font-family: Arial\"><o:p><\/o:p><\/span><\/p>\n<p style=\"margin: 0cm 0cm 0pt 36pt; text-indent: -18pt; line-height: 200%; tab-stops: list 36.0pt\"><span style=\"font-size: 10pt; line-height: 200%; font-family: Symbol\"><span><\/span><\/span><\/p>\n<p><span style=\"font-size: 10pt; line-height: 200%; font-family: Symbol\"><span>\u00b7<span style=\"font: 7pt 'Times New Roman'\">\u00a0\u00a0\u00a0\u00a0\u00a0\u00a0\u00a0\u00a0 <\/span><\/span><\/span><span style=\"font-size: 11pt; line-height: 200%; font-family: Arial\" lang=\"ES-MX\">Parroquia de San Pedro Ap\u00f3stol (Col. San Pedrito Pe\u00f1uelas)<\/span><span style=\"font-size: 11pt; line-height: 200%; font-family: Arial\"><o:p><\/o:p><\/span><\/p>\n<p style=\"margin: 0cm 0cm 0pt 36pt; text-indent: -18pt; line-height: 200%; tab-stops: list 36.0pt\"><span style=\"font-size: 10pt; line-height: 200%; font-family: Symbol\"><span><\/span><\/span><\/p>\n<p><span style=\"font-size: 10pt; line-height: 200%; font-family: Symbol\"><span>\u00b7<span style=\"font: 7pt 'Times New Roman'\">\u00a0\u00a0\u00a0\u00a0\u00a0\u00a0\u00a0\u00a0 <\/span><\/span><\/span><span style=\"font-size: 11pt; line-height: 200%; font-family: Arial\">Parroquia Cristo Profeta (Col. Lomas de San Pedrito Pe\u00f1uelas)<o:p><\/o:p><\/span><\/p>\n<p style=\"margin: 0cm 0cm 0pt 36pt; text-indent: -18pt; line-height: 200%; tab-stops: list 36.0pt\"><span style=\"font-size: 10pt; line-height: 200%; font-family: Symbol\"><span><\/span><\/span><\/p>\n<p><span style=\"font-size: 10pt; line-height: 200%; font-family: Symbol\"><span>\u00b7<span style=\"font: 7pt 'Times New Roman'\">\u00a0\u00a0\u00a0\u00a0\u00a0\u00a0\u00a0\u00a0 <\/span><\/span><\/span><span style=\"font-size: 11pt; line-height: 200%; font-family: Arial\">Parroquia San Jos\u00e9 (San Jos\u00e9 El Alto)<o:p><\/o:p><\/span><\/p>\n<p style=\"margin: 0cm 0cm 0pt 36pt; text-indent: -18pt; line-height: 200%; tab-stops: list 36.0pt\"><span style=\"font-size: 10pt; line-height: 200%; font-family: Symbol\"><span><\/span><\/span><\/p>\n<p><span style=\"font-size: 10pt; line-height: 200%; font-family: Symbol\"><span>\u00b7<span style=\"font: 7pt 'Times New Roman'\">\u00a0\u00a0\u00a0\u00a0\u00a0\u00a0\u00a0\u00a0 <\/span><\/span><\/span><span style=\"font-size: 11pt; line-height: 200%; font-family: Arial\">Parroquia Santa Ana (Col. El Salitre)<o:p><\/o:p><\/span><span style=\"font-size: 11pt; font-family: Arial\"><o:p>\u00a0<\/o:p><\/span><\/p>\n<p style=\"margin: 0cm 0cm 0pt; line-height: 200%\">&nbsp;<\/p>\n<p><a name=\"DECANATO_NUESTRA_SE\u00d1ORA_DEL_PUEBLITO\" title=\"DECANATO_NUESTRA_SE\u00d1ORA_DEL_PUEBLITO\"><\/a><strong><span style=\"font-size: 14pt; line-height: 200%; font-family: Arial\">DECANATO NUESTRA SE\u00d1ORA DEL PUEBLITO<\/span><\/strong><span><\/span><strong><span style=\"font-size: 14pt; line-height: 200%; font-family: Arial\"><o:p><\/o:p><\/span><\/strong><\/p>\n<p style=\"margin: 0cm 0cm 0pt\">&nbsp;<\/p>\n<p><a name=\"DECANATO_DE_SAN_MIGUEL_ARC\u00c1NGEL_(Carrill\" title=\"DECANATO_DE_SAN_MIGUEL_ARC\u00c1NGEL_(Carrill\"><\/a><span style=\"font-size: 11pt; font-family: Arial\"><span>\u00a0\u00a0\u00a0\u00a0\u00a0\u00a0\u00a0\u00a0\u00a0\u00a0 <\/span>SAN MIGUEL ARC\u00c1NGEL (Carrillo Puerto)<\/span><span><\/span><span style=\"font-size: 11pt; font-family: Arial\"><o:p><\/o:p><\/span><strong><span style=\"font-size: 11pt; font-family: Arial\"><o:p>\u00a0<\/o:p><\/span><\/strong><\/p>\n<p style=\"margin: 0cm 0cm 0pt 36pt; text-indent: -18pt; line-height: 200%; tab-stops: list 36.0pt\"><span style=\"font-size: 10pt; line-height: 200%; font-family: Symbol\"><span><\/span><\/span><\/p>\n<p><span style=\"font-size: 10pt; line-height: 200%; font-family: Symbol\"><span>\u00b7<span style=\"font: 7pt 'Times New Roman'\">\u00a0\u00a0\u00a0\u00a0\u00a0\u00a0\u00a0\u00a0 <\/span><\/span><\/span><span style=\"font-size: 11pt; line-height: 200%; font-family: Arial\" lang=\"ES-MX\">Parroquia Encarnaci\u00f3n del Hijo de Dios (Col. Loma Bonita)<\/span><span style=\"font-size: 11pt; line-height: 200%; font-family: Arial\"><o:p><\/o:p><\/span><\/p>\n<p style=\"margin: 0cm 0cm 0pt 36pt; text-indent: -18pt; line-height: 200%; tab-stops: list 36.0pt\"><span style=\"font-size: 10pt; line-height: 200%; font-family: Symbol\"><span><\/span><\/span><\/p>\n<p><span style=\"font-size: 10pt; line-height: 200%; font-family: Symbol\"><span>\u00b7<span style=\"font: 7pt 'Times New Roman'\">\u00a0\u00a0\u00a0\u00a0\u00a0\u00a0\u00a0\u00a0 <\/span><\/span><\/span><span style=\"font-size: 11pt; line-height: 200%; font-family: Arial\" lang=\"ES-MX\">Parroquia de Nuestra Se\u00f1ora de <st1:personname ProductID=\"la Luz\" w:st=\"on\">la Luz<\/st1:personname> (Col. Cerito Colorado)<\/span><span style=\"font-size: 11pt; line-height: 200%; font-family: Arial\"><o:p><\/o:p><\/span><\/p>\n<p style=\"margin: 0cm 0cm 0pt 36pt; text-indent: -18pt; line-height: 200%; tab-stops: list 36.0pt\"><span style=\"font-size: 10pt; line-height: 200%; font-family: Symbol\"><span><\/span><\/span><\/p>\n<p><span style=\"font-size: 10pt; line-height: 200%; font-family: Symbol\"><span>\u00b7<span style=\"font: 7pt 'Times New Roman'\">\u00a0\u00a0\u00a0\u00a0\u00a0\u00a0\u00a0\u00a0 <\/span><\/span><\/span><span style=\"font-family: Arial\" lang=\"ES-MX\">Parroquia de Nuestra Se\u00f1ora de <st1:personname ProductID=\"la Paz\" w:st=\"on\">la Paz<\/st1:personname> (Col. Sat\u00e9lite)<\/span><span style=\"font-size: 11pt; line-height: 200%; font-family: Arial\"><o:p><\/o:p><\/span><\/p>\n<p style=\"margin: 0cm 0cm 0pt 36pt; text-indent: -18pt; line-height: 200%; tab-stops: list 36.0pt\"><span style=\"font-size: 10pt; line-height: 200%; font-family: Symbol\"><span><\/span><\/span><\/p>\n<p><span style=\"font-size: 10pt; line-height: 200%; font-family: Symbol\"><span>\u00b7<span style=\"font: 7pt 'Times New Roman'\">\u00a0\u00a0\u00a0\u00a0\u00a0\u00a0\u00a0\u00a0 <\/span><\/span><\/span><span style=\"font-size: 11pt; line-height: 200%; font-family: Arial\" lang=\"ES-MX\">Parroquia de San Francisco Galileo (El Pueblito, Qro.)<\/span><span style=\"font-size: 11pt; line-height: 200%; font-family: Arial\"><o:p><\/o:p><\/span><\/p>\n<p style=\"margin: 0cm 0cm 0pt 36pt; text-indent: -18pt; line-height: 200%; tab-stops: list 36.0pt\"><span style=\"font-size: 10pt; line-height: 200%; font-family: Symbol\"><span><\/span><\/span><\/p>\n<p><span style=\"font-size: 10pt; line-height: 200%; font-family: Symbol\"><span>\u00b7<span style=\"font: 7pt 'Times New Roman'\">\u00a0\u00a0\u00a0\u00a0\u00a0\u00a0\u00a0\u00a0 <\/span><\/span><\/span><span style=\"font-size: 11pt; line-height: 200%; font-family: Arial\" lang=\"ES-MX\">Parroquia de <st1:personname ProductID=\"la Sagrada Familia\" w:st=\"on\">la Sagrada Familia<\/st1:personname> (Col. Jardines de <st1:personname ProductID=\"la Hacienda\" w:st=\"on\">la Hacienda<\/st1:personname>)<\/span><span style=\"font-size: 11pt; line-height: 200%; font-family: Arial\">\u00a0<o:p><\/o:p><\/span><\/p>\n<p style=\"margin: 0cm 0cm 0pt 36pt; text-indent: -18pt; line-height: 200%; tab-stops: list 36.0pt\"><span style=\"font-size: 10pt; line-height: 200%; font-family: Symbol\"><span><\/span><\/span><\/p>\n<p><span style=\"font-size: 10pt; line-height: 200%; font-family: Symbol\"><span>\u00b7<span style=\"font: 7pt 'Times New Roman'\">\u00a0\u00a0\u00a0\u00a0\u00a0\u00a0\u00a0\u00a0 <\/span><\/span><\/span><span style=\"font-size: 11pt; line-height: 200%; font-family: Arial\" lang=\"ES-MX\">Parroquia de Nuestra Se\u00f1ora de <st1:personname ProductID=\"la Anunciaci?n\" w:st=\"on\">la Anunciaci\u00f3n<\/st1:personname> (Col. Tejeda)<\/span><span style=\"font-size: 11pt; line-height: 200%; font-family: Arial\">\u00a0<o:p><\/o:p><\/span><\/p>\n<p style=\"margin: 0cm 0cm 0pt 36pt; text-indent: -18pt; line-height: 200%; tab-stops: list 36.0pt\"><span style=\"font-size: 10pt; line-height: 200%; font-family: Symbol\"><span><\/span><\/span><\/p>\n<p><span style=\"font-size: 10pt; line-height: 200%; font-family: Symbol\"><span>\u00b7<span style=\"font: 7pt 'Times New Roman'\">\u00a0\u00a0\u00a0\u00a0\u00a0\u00a0\u00a0\u00a0 <\/span><\/span><\/span><span style=\"font-size: 11pt; line-height: 200%; font-family: Arial\" lang=\"ES-MX\">Parroquia de los Santos M\u00e1rtires Mexicanos de Cristo Rey (Ejido Modelo)<\/span><span style=\"font-size: 11pt; line-height: 200%; font-family: Arial\">\u00a0<o:p><\/o:p><\/span><\/p>\n<p style=\"margin: 0cm 0cm 0pt 36pt; text-indent: -18pt; line-height: 200%; tab-stops: list 36.0pt\"><span style=\"font-size: 10pt; line-height: 200%; font-family: Symbol\"><span><\/span><\/span><\/p>\n<p><span style=\"font-size: 10pt; line-height: 200%; font-family: Symbol\"><span>\u00b7<span style=\"font: 7pt 'Times New Roman'\">\u00a0\u00a0\u00a0\u00a0\u00a0\u00a0\u00a0\u00a0 <\/span><\/span><\/span><span style=\"font-size: 11pt; line-height: 200%; font-family: Arial\" lang=\"ES-MX\">Parroquia Nuestra Se\u00f1ora de <st1:personname ProductID=\"la Esperanza\" w:st=\"on\">la Esperanza<\/st1:personname> (Fracc. Misiones de Santa Sof\u00eda)<\/span><span style=\"font-size: 11pt; line-height: 200%; font-family: Arial\"><o:p><\/o:p><\/span><\/p>\n<p style=\"margin: 0cm 0cm 0pt 36pt; line-height: 200%\"><span style=\"font-size: 11pt; line-height: 200%; font-family: Arial\" lang=\"ES-MX\"><\/span><\/p>\n<p><span style=\"font-size: 11pt; line-height: 200%; font-family: Arial\" lang=\"ES-MX\">Parroquia Nuestra Se\u00f1ora de los \u00c1ngeles (Col. Los \u00c1ngeles)<\/span><span style=\"font-size: 11pt; line-height: 200%; font-family: Arial\"><o:p><\/o:p><\/span><span style=\"font-size: 11pt; font-family: Arial\"><o:p>\u00a0<\/o:p><\/span><\/p>\n<p style=\"margin: 0cm 0cm 0pt\" class=\"estilo4\">&nbsp;<\/p>\n<p><a name=\"DECANATO_SANTA_ROSA_J\u00c1UREGUI\" title=\"DECANATO_SANTA_ROSA_J\u00c1UREGUI\"><\/a><strong><span style=\"font-size: 14pt; font-family: Arial\" lang=\"PT-BR\">DECANATO SANTA ROSA J\u00c1UREGUI<\/span><\/strong><span><\/span><strong><span style=\"font-size: 14pt; font-family: Arial\" lang=\"PT-BR\"><o:p><\/o:p><\/span><\/strong><strong><span style=\"font-size: 11pt; font-family: Arial\" lang=\"PT-BR\"><o:p>\u00a0<\/o:p><\/span><\/strong><strong><span style=\"font-size: 11pt; font-family: Arial\" lang=\"PT-BR\"><o:p><\/o:p><\/span><\/strong>\u00a0<strong><span style=\"font-size: 11pt; font-family: Arial\" lang=\"PT-BR\"><o:p><\/o:p><\/span><\/strong>\u00a0<strong><span style=\"font-size: 11pt; font-family: Arial\" lang=\"PT-BR\"><o:p><\/o:p><\/span><\/strong>\u00a0<strong><span style=\"font-size: 11pt; font-family: Arial\" lang=\"PT-BR\"><o:p><\/o:p><\/span><\/strong>\u00a0<strong><span style=\"font-size: 11pt; font-family: Arial\" lang=\"PT-BR\"><o:p><\/o:p><\/span><\/strong><span style=\"font-size: 10pt; line-height: 200%; font-family: Symbol\" lang=\"PT-BR\"><span>\u00b7<span style=\"font: 7pt 'Times New Roman'\">\u00a0\u00a0\u00a0\u00a0\u00a0\u00a0\u00a0\u00a0 <\/span><\/span><\/span><span style=\"font-size: 11pt; line-height: 200%; font-family: Arial\" lang=\"PT-BR\">Parroquia de Santa Rosa de Lima (Santa Rosa J\u00e1uregui, Qro.)\u00a0<o:p><\/o:p><\/span><\/p>\n<p style=\"margin: 0cm 0cm 0pt 36pt; text-indent: -18pt; line-height: 200%; tab-stops: list 36.0pt\"><span style=\"font-size: 10pt; line-height: 200%; font-family: Symbol\"><span><\/span><\/span><\/p>\n<p><span style=\"font-size: 10pt; line-height: 200%; font-family: Symbol\"><span>\u00b7<span style=\"font: 7pt 'Times New Roman'\">\u00a0\u00a0\u00a0\u00a0\u00a0\u00a0\u00a0\u00a0 <\/span><\/span><\/span><span style=\"font-size: 11pt; line-height: 200%; font-family: Arial\" lang=\"ES-MX\">Parroquia de San Jos\u00e9 (Buenavista, Qro.)<\/span><span style=\"font-size: 11pt; line-height: 200%; font-family: Arial\">\u00a0<o:p><\/o:p><\/span><\/p>\n<p style=\"margin: 0cm 0cm 0pt 36pt; text-indent: -18pt; line-height: 200%; tab-stops: list 36.0pt\"><span style=\"font-size: 10pt; line-height: 200%; font-family: Symbol\"><span><\/span><\/span><\/p>\n<p><span style=\"font-size: 10pt; line-height: 200%; font-family: Symbol\"><span>\u00b7<span style=\"font: 7pt 'Times New Roman'\">\u00a0\u00a0\u00a0\u00a0\u00a0\u00a0\u00a0\u00a0 <\/span><\/span><\/span><span style=\"font-size: 11pt; line-height: 200%; font-family: Arial\" lang=\"ES-MX\">Parroquia del Beato Juan Diego (Jofrito, Qro.)<\/span><span style=\"font-size: 11pt; line-height: 200%; font-family: Arial\">\u00a0<o:p><\/o:p><\/span><\/p>\n<p style=\"margin: 0cm 0cm 0pt 36pt; text-indent: -18pt; line-height: 200%; tab-stops: list 36.0pt\"><span style=\"font-size: 10pt; line-height: 200%; font-family: Symbol\"><span><\/span><\/span><\/p>\n<p><span style=\"font-size: 10pt; line-height: 200%; font-family: Symbol\"><span>\u00b7<span style=\"font: 7pt 'Times New Roman'\">\u00a0\u00a0\u00a0\u00a0\u00a0\u00a0\u00a0\u00a0 <\/span><\/span><\/span><span style=\"font-size: 11pt; line-height: 200%; font-family: Arial\" lang=\"ES-MX\">Parroquia del Se\u00f1or de <st1:personname ProductID=\"la Piedad\" w:st=\"on\">la Piedad<\/st1:personname> (Col. Jurica)<\/span><span style=\"font-size: 11pt; line-height: 200%; font-family: Arial\">\u00a0<o:p><\/o:p><\/span><\/p>\n<p style=\"margin: 0cm 0cm 0pt 36pt; text-indent: -18pt; line-height: 200%; tab-stops: list 36.0pt\"><span style=\"font-size: 10pt; line-height: 200%; font-family: Symbol\"><span><\/span><\/span><\/p>\n<p><span style=\"font-size: 10pt; line-height: 200%; font-family: Symbol\"><span>\u00b7<span style=\"font: 7pt 'Times New Roman'\">\u00a0\u00a0\u00a0\u00a0\u00a0\u00a0\u00a0\u00a0 <\/span><\/span><\/span><span style=\"font-size: 11pt; line-height: 200%; font-family: Arial\">Parroquia Santa Cruz de Nuestro Se\u00f1or Jesucristo (Col. Juriquilla)<o:p><\/o:p><\/span><\/p>\n<p style=\"margin: 0cm 0cm 0pt 36pt; text-indent: -18pt; line-height: 200%; tab-stops: list 36.0pt\"><span style=\"font-size: 10pt; line-height: 200%; font-family: Symbol\"><span><\/span><\/span><\/p>\n<p><span style=\"font-size: 10pt; line-height: 200%; font-family: Symbol\"><span>\u00b7<span style=\"font: 7pt 'Times New Roman'\">\u00a0\u00a0\u00a0\u00a0\u00a0\u00a0\u00a0\u00a0 <\/span><\/span><\/span><span style=\"font-size: 11pt; line-height: 200%; font-family: Arial\">Parroquia El Sagrado Coraz\u00f3n de Jes\u00fas (Col. Puerto de Aguirre)<o:p><\/o:p><\/span><span style=\"font-size: 11pt; font-family: Arial\"><o:p>\u00a0<\/o:p><\/span><\/p>\n<p style=\"margin: 0cm 0cm 0pt\" class=\"estilo4\">&nbsp;<\/p>\n<p><a name=\"DECANATO_DE_SAN_PEDRO_AP\u00d3STOL_(LA_CA\u00d1ADA\" title=\"DECANATO_DE_SAN_PEDRO_AP\u00d3STOL_(LA_CA\u00d1ADA\"><\/a><strong><span style=\"font-size: 14pt; font-family: Arial\">DECANATO DE SAN PEDRO AP\u00d3STOL (<\/span><\/strong><st1:personname ProductID=\"LA CA?ADA\" w:st=\"on\"><span><strong><span style=\"font-size: 14pt; font-family: Arial\">LA CA\u00d1ADA<\/span><\/strong><\/span><\/st1:personname><span><strong><span style=\"font-size: 14pt; font-family: Arial\">)<\/span><\/strong><\/span><span><\/span><strong><span style=\"font-size: 14pt; font-family: Arial\"><o:p><\/o:p><\/span><\/strong><span style=\"font-size: 10pt; line-height: 200%; font-family: Symbol\"><span>\u00b7<span style=\"font: 7pt 'Times New Roman'\">\u00a0\u00a0\u00a0\u00a0\u00a0\u00a0\u00a0\u00a0\u00a0<\/span><\/span><\/span><span style=\"font-size: 10pt; line-height: 200%; font-family: Symbol\"><span><span style=\"font: 7pt 'Times New Roman'\"><\/span><\/span><\/span><\/p>\n<p><span style=\"font-size: 10pt; line-height: 200%; font-family: Symbol\"><span><span style=\"font: 7pt 'Times New Roman'\"><\/span><\/span><\/span><\/p>\n<p><span style=\"font-size: 10pt; line-height: 200%; font-family: Symbol\"><span><span style=\"font: 7pt 'Times New Roman'\"><\/span><\/span><\/span><\/p>\n<p><span style=\"font-size: 10pt; line-height: 200%; font-family: Symbol\"><span><span style=\"font: 7pt 'Times New Roman'\"><\/span><\/span><\/span><\/p>\n<p><span style=\"font-size: 10pt; line-height: 200%; font-family: Symbol\"><span><span style=\"font: 7pt 'Times New Roman'\"><\/span><\/span><\/span><span style=\"font-size: 11pt; line-height: 200%; font-family: Arial\"><o:p>\u00a0<\/o:p><\/span><span style=\"font-size: 10pt; line-height: 200%; font-family: Symbol\"><span>\u00b7<span style=\"font: 7pt 'Times New Roman'\">\u00a0\u00a0\u00a0\u00a0\u00a0\u00a0\u00a0\u00a0 <\/span><\/span><\/span><span style=\"font-size: 11pt; line-height: 200%; font-family: Arial\">Parroquia de San Pedro (<st1:personname ProductID=\"LA CA?ADA\" w:st=\"on\">La Ca\u00f1ada<\/st1:personname>)\u00a0<\/span><span style=\"font-size: 11pt; line-height: 200%; font-family: Arial\"><\/span><\/p>\n<p><span style=\"font-size: 11pt; line-height: 200%; font-family: Arial\"><\/span><\/p>\n<p><span style=\"font-size: 11pt; line-height: 200%; font-family: Arial\"><\/span><\/p>\n<p><span style=\"font-size: 11pt; line-height: 200%; font-family: Arial\"><\/span><\/p>\n<p><span style=\"font-size: 11pt; line-height: 200%; font-family: Arial\"><o:p><\/o:p><\/span><span style=\"font-size: 10pt; line-height: 200%; font-family: Symbol\"><span>\u00b7<span style=\"font: 7pt 'Times New Roman'\">\u00a0\u00a0\u00a0\u00a0\u00a0\u00a0\u00a0\u00a0 <\/span><\/span><\/span><span style=\"font-size: 11pt; line-height: 200%; font-family: Arial\" lang=\"ES-MX\">Parroquia de <st1:personname ProductID=\"la Pur?sima Concepci?n\" w:st=\"on\">la Pur\u00edsima Concepci\u00f3n<\/st1:personname> (H\u00e9rcules, Qro.)<\/span><span style=\"font-size: 11pt; line-height: 200%; font-family: Arial\" lang=\"ES-MX\"><\/span><\/p>\n<p><span style=\"font-size: 11pt; line-height: 200%; font-family: Arial\" lang=\"ES-MX\"><\/span><\/p>\n<p><span style=\"font-size: 11pt; line-height: 200%; font-family: Arial\" lang=\"ES-MX\"><\/span><\/p>\n<p><span style=\"font-size: 11pt; line-height: 200%; font-family: Arial\" lang=\"ES-MX\"><\/span><\/p>\n<p><span style=\"font-size: 11pt; line-height: 200%; font-family: Arial\" lang=\"ES-MX\"><\/span><span style=\"font-size: 11pt; line-height: 200%; font-family: Arial\"><o:p><\/o:p><\/span><span style=\"font-size: 10pt; line-height: 200%; font-family: Symbol\"><span>\u00b7<span style=\"font: 7pt 'Times New Roman'\">\u00a0\u00a0\u00a0\u00a0\u00a0\u00a0\u00a0\u00a0 <\/span><\/span><\/span><span style=\"font-size: 11pt; line-height: 200%; font-family: Arial\" lang=\"ES-MX\">Parroquia de San Alfonso Mar\u00eda Ligorio (Amazcala, Qro.)<\/span><span style=\"font-size: 11pt; line-height: 200%; font-family: Arial\">\u00a0<\/span><span style=\"font-size: 11pt; line-height: 200%; font-family: Arial\"><\/span><\/p>\n<p><span style=\"font-size: 11pt; line-height: 200%; font-family: Arial\"><\/span><\/p>\n<p><span style=\"font-size: 11pt; line-height: 200%; font-family: Arial\"><\/span><\/p>\n<p><span style=\"font-size: 11pt; line-height: 200%; font-family: Arial\"><\/span><\/p>\n<p><span style=\"font-size: 11pt; line-height: 200%; font-family: Arial\"><o:p><\/o:p><\/span><span style=\"font-size: 10pt; line-height: 200%; font-family: Symbol\"><span>\u00b7<span style=\"font: 7pt 'Times New Roman'\">\u00a0\u00a0\u00a0\u00a0\u00a0\u00a0\u00a0\u00a0 <\/span><\/span><\/span><span style=\"font-size: 11pt; line-height: 200%; font-family: Arial\" lang=\"ES-MX\">Parroquia de San Felipe de Jes\u00fas (Chchimequillas, Qro.)<\/span><span style=\"font-size: 11pt; line-height: 200%; font-family: Arial\">\u00a0<\/span><span style=\"font-size: 11pt; line-height: 200%; font-family: Arial\"><\/span><\/p>\n<p><span style=\"font-size: 11pt; line-height: 200%; font-family: Arial\"><\/span><\/p>\n<p><span style=\"font-size: 11pt; line-height: 200%; font-family: Arial\"><\/span><\/p>\n<p><span style=\"font-size: 11pt; line-height: 200%; font-family: Arial\"><\/span><\/p>\n<p><span style=\"font-size: 11pt; line-height: 200%; font-family: Arial\"><o:p><\/o:p><\/span><span style=\"font-size: 10pt; line-height: 200%; font-family: Symbol\"><span>\u00b7<span style=\"font: 7pt 'Times New Roman'\">\u00a0\u00a0\u00a0\u00a0\u00a0\u00a0\u00a0\u00a0 <\/span><\/span><\/span><span style=\"font-size: 11pt; line-height: 200%; font-family: Arial\" lang=\"ES-MX\">Parroquia de Nuestra Se\u00f1ora de Guadalupe (El Colorado, Qro.)<\/span><span style=\"font-size: 11pt; line-height: 200%; font-family: Arial\"><o:p><\/o:p><\/span><span style=\"font-size: 11pt; font-family: Arial\"><o:p>\u00a0<\/o:p><\/span><\/p>\n<p style=\"margin: 0cm 0cm 0pt\" class=\"estilo4\">&nbsp;<\/p>\n<p><a name=\"DECANATO_DE_NUESTRA_SE\u00d1ORA_DE_SORIANO\" title=\"DECANATO_DE_NUESTRA_SE\u00d1ORA_DE_SORIANO\"><\/a><strong><span style=\"font-family: Arial\">DECANATO DE NUESTRA SE\u00d1ORA DE SORIANO<\/span><\/strong><span><\/span><strong><span style=\"font-family: Arial\"><o:p><\/o:p><\/span><\/strong><strong><span style=\"font-size: 11pt; font-family: Arial\" lang=\"PT-BR\"><o:p>\u00a0<\/o:p><\/span><\/strong><strong><span style=\"font-size: 11pt; font-family: Arial\" lang=\"PT-BR\"><o:p><\/o:p><\/span><\/strong>\u00a0<strong><span style=\"font-size: 11pt; font-family: Arial\" lang=\"PT-BR\"><o:p><\/o:p><\/span><\/strong>\u00a0<strong><span style=\"font-size: 11pt; font-family: Arial\" lang=\"PT-BR\"><o:p><\/o:p><\/span><\/strong>\u00a0<strong><span style=\"font-size: 11pt; font-family: Arial\" lang=\"PT-BR\"><o:p><\/o:p><\/span><\/strong>\u00a0<strong><span style=\"font-size: 11pt; font-family: Arial\" lang=\"PT-BR\"><o:p><\/o:p><\/span><\/strong><span style=\"font-size: 10pt; line-height: 200%; font-family: Symbol\"><span>\u00b7<span style=\"font: 7pt 'Times New Roman'\">\u00a0\u00a0\u00a0\u00a0\u00a0\u00a0\u00a0\u00a0 <\/span><\/span><\/span><span style=\"font-size: 11pt; line-height: 200%; font-family: Arial\">Parroquia de San Antonio de Padua (El Doctor, Qro.)\u00a0<\/span><span style=\"font-size: 11pt; line-height: 200%; font-family: Arial\"><\/span><\/p>\n<p><span style=\"font-size: 11pt; line-height: 200%; font-family: Arial\"><\/span><\/p>\n<p><span style=\"font-size: 11pt; line-height: 200%; font-family: Arial\"><\/span><\/p>\n<p><span style=\"font-size: 11pt; line-height: 200%; font-family: Arial\"><\/span><\/p>\n<p><span style=\"font-size: 11pt; line-height: 200%; font-family: Arial\"><o:p><\/o:p><\/span><span style=\"font-size: 10pt; line-height: 200%; font-family: Symbol\"><span>\u00b7<span style=\"font: 7pt 'Times New Roman'\">\u00a0\u00a0\u00a0\u00a0\u00a0\u00a0\u00a0\u00a0 <\/span><\/span><\/span><span style=\"font-size: 11pt; line-height: 200%; font-family: Arial\">Parroquia de Mar\u00eda de <st1:personname ProductID=\"la Asunci?n\" w:st=\"on\">la Asunci\u00f3n<\/st1:personname> (Pe\u00f1amiller, Qro.)\u00a0<\/span><span style=\"font-size: 11pt; line-height: 200%; font-family: Arial\"><\/span><\/p>\n<p><span style=\"font-size: 11pt; line-height: 200%; font-family: Arial\"><\/span><\/p>\n<p><span style=\"font-size: 11pt; line-height: 200%; font-family: Arial\"><\/span><\/p>\n<p><span style=\"font-size: 11pt; line-height: 200%; font-family: Arial\"><\/span><\/p>\n<p><span style=\"font-size: 11pt; line-height: 200%; font-family: Arial\"><o:p><\/o:p><\/span><span style=\"font-size: 10pt; line-height: 200%; font-family: Symbol\"><span>\u00b7<span style=\"font: 7pt 'Times New Roman'\">\u00a0\u00a0\u00a0\u00a0\u00a0\u00a0\u00a0\u00a0 <\/span><\/span><\/span><span style=\"font-size: 11pt; line-height: 200%; font-family: Arial\">Parroquia de San Joaqu\u00edn (San Joaqu\u00edn, Qro.)<\/span><span style=\"font-size: 11pt; line-height: 200%; font-family: Arial\"><\/span><\/p>\n<p><span style=\"font-size: 11pt; line-height: 200%; font-family: Arial\"><\/span><\/p>\n<p><span style=\"font-size: 11pt; line-height: 200%; font-family: Arial\"><\/span><\/p>\n<p><span style=\"font-size: 11pt; line-height: 200%; font-family: Arial\"><\/span><\/p>\n<p><span style=\"font-size: 11pt; line-height: 200%; font-family: Arial\">\u00a0<o:p><\/o:p><\/span><span style=\"font-size: 10pt; line-height: 200%; font-family: Symbol\"><span>\u00b7<span style=\"font: 7pt 'Times New Roman'\">\u00a0\u00a0\u00a0\u00a0\u00a0\u00a0\u00a0\u00a0 <\/span><\/span><\/span><span style=\"font-size: 11pt; line-height: 200%; font-family: Arial\">Parroquia de San Jos\u00e9 (Vizarr\u00f3n, Qro.)\u00a0<\/span><span style=\"font-size: 11pt; line-height: 200%; font-family: Arial\"><\/span><\/p>\n<p><span style=\"font-size: 11pt; line-height: 200%; font-family: Arial\"><\/span><\/p>\n<p><span style=\"font-size: 11pt; line-height: 200%; font-family: Arial\"><\/span><\/p>\n<p><span style=\"font-size: 11pt; line-height: 200%; font-family: Arial\"><\/span><\/p>\n<p><span style=\"font-size: 11pt; line-height: 200%; font-family: Arial\"><o:p><\/o:p><\/span><span style=\"font-size: 10pt; line-height: 200%; font-family: Symbol\"><span>\u00b7<span style=\"font: 7pt 'Times New Roman'\">\u00a0\u00a0\u00a0\u00a0\u00a0\u00a0\u00a0\u00a0 <\/span><\/span><\/span><span style=\"font-size: 11pt; line-height: 200%; font-family: Arial\">Parroquia de Nuestra Se\u00f1ora de los Dolores (Macon\u00ed, Qro.)\u00a0<\/span><span style=\"font-size: 11pt; line-height: 200%; font-family: Arial\"><\/span><\/p>\n<p><span style=\"font-size: 11pt; line-height: 200%; font-family: Arial\"><\/span><\/p>\n<p><span style=\"font-size: 11pt; line-height: 200%; font-family: Arial\"><\/span><\/p>\n<p><span style=\"font-size: 11pt; line-height: 200%; font-family: Arial\"><\/span><\/p>\n<p><span style=\"font-size: 11pt; line-height: 200%; font-family: Arial\"><o:p><\/o:p><\/span><span style=\"font-size: 10pt; line-height: 200%; font-family: Symbol\"><span>\u00b7<span style=\"font: 7pt 'Times New Roman'\">\u00a0\u00a0\u00a0\u00a0\u00a0\u00a0\u00a0\u00a0 <\/span><\/span><\/span><span style=\"font-size: 11pt; line-height: 200%; font-family: Arial\">Parroquia de Santa Mar\u00eda de Guadalupe (El Palmar, Qro.)\u00a0<\/span><span style=\"font-size: 11pt; line-height: 200%; font-family: Arial\"><\/span><\/p>\n<p><span style=\"font-size: 11pt; line-height: 200%; font-family: Arial\"><\/span><\/p>\n<p><span style=\"font-size: 11pt; line-height: 200%; font-family: Arial\"><\/span><\/p>\n<p><span style=\"font-size: 11pt; line-height: 200%; font-family: Arial\"><\/span><\/p>\n<p><span style=\"font-size: 11pt; line-height: 200%; font-family: Arial\"><o:p><\/o:p><\/span><span style=\"font-size: 10pt; line-height: 200%; font-family: Symbol\"><span>\u00b7<span style=\"font: 7pt 'Times New Roman'\">\u00a0\u00a0\u00a0\u00a0\u00a0\u00a0\u00a0\u00a0 <\/span><\/span><\/span><span style=\"font-size: 11pt; line-height: 200%; font-family: Arial\">Parroquia de San Pedro y San Pablo (Cadereyta, Qro.)\u00a0<\/span><span style=\"font-size: 11pt; line-height: 200%; font-family: Arial\"><\/span><\/p>\n<p><span style=\"font-size: 11pt; line-height: 200%; font-family: Arial\"><\/span><\/p>\n<p><span style=\"font-size: 11pt; line-height: 200%; font-family: Arial\"><\/span><\/p>\n<p><span style=\"font-size: 11pt; line-height: 200%; font-family: Arial\"><\/span><\/p>\n<p><span style=\"font-size: 11pt; line-height: 200%; font-family: Arial\"><o:p><\/o:p><\/span><span style=\"font-size: 10pt; line-height: 200%; font-family: Symbol\"><span>\u00b7<span style=\"font: 7pt 'Times New Roman'\">\u00a0\u00a0\u00a0\u00a0\u00a0\u00a0\u00a0\u00a0 <\/span><\/span><\/span><span style=\"font-size: 11pt; line-height: 200%; font-family: Arial\" lang=\"ES-MX\">Parroquia de San Francisco de As\u00eds (Col\u00f3n, Qro.)<\/span><span style=\"font-size: 11pt; line-height: 200%; font-family: Arial\" lang=\"ES-MX\"><\/span><\/p>\n<p><span style=\"font-size: 11pt; line-height: 200%; font-family: Arial\" lang=\"ES-MX\"><\/span><\/p>\n<p><span style=\"font-size: 11pt; line-height: 200%; font-family: Arial\" lang=\"ES-MX\"><\/span><\/p>\n<p><span style=\"font-size: 11pt; line-height: 200%; font-family: Arial\" lang=\"ES-MX\"><\/span><span style=\"font-size: 11pt; line-height: 200%; font-family: Arial\"><o:p><\/o:p><\/span><span style=\"font-size: 10pt; line-height: 200%; font-family: Symbol\"><span>\u00b7<span style=\"font: 7pt 'Times New Roman'\">\u00a0\u00a0\u00a0\u00a0\u00a0\u00a0\u00a0\u00a0 <\/span><\/span><\/span><span style=\"font-size: 11pt; line-height: 200%; font-family: Arial\" lang=\"ES-MX\">Parroquia de Nuestra Se\u00f1ora de <st1:personname ProductID=\"la Esperanza\" w:st=\"on\">la Esperanza<\/st1:personname><\/span><span style=\"font-size: 11pt; line-height: 200%; font-family: Arial\">\u00a0<\/span><span style=\"font-size: 11pt; line-height: 200%; font-family: Arial\"><\/span><\/p>\n<p><span style=\"font-size: 11pt; line-height: 200%; font-family: Arial\"><\/span><\/p>\n<p><span style=\"font-size: 11pt; line-height: 200%; font-family: Arial\"><\/span><\/p>\n<p><span style=\"font-size: 11pt; line-height: 200%; font-family: Arial\"><\/span><\/p>\n<p><span style=\"font-size: 11pt; line-height: 200%; font-family: Arial\"><o:p><\/o:p><\/span><span style=\"font-size: 10pt; line-height: 200%; font-family: Symbol\"><span>\u00b7<span style=\"font: 7pt 'Times New Roman'\">\u00a0\u00a0\u00a0\u00a0\u00a0\u00a0\u00a0\u00a0 <\/span><\/span><\/span><span style=\"font-size: 11pt; line-height: 200%; font-family: Arial\">Parroquia de San Pedro (Tolim\u00e1n, Qro.)\u00a0<\/span><span style=\"font-size: 11pt; line-height: 200%; font-family: Arial\"><\/span><\/p>\n<p><span style=\"font-size: 11pt; line-height: 200%; font-family: Arial\"><\/span><\/p>\n<p><span style=\"font-size: 11pt; line-height: 200%; font-family: Arial\"><\/span><\/p>\n<p><span style=\"font-size: 11pt; line-height: 200%; font-family: Arial\"><\/span><\/p>\n<p><span style=\"font-size: 11pt; line-height: 200%; font-family: Arial\"><o:p><\/o:p><\/span><span style=\"font-size: 10pt; line-height: 200%; font-family: Symbol\"><span>\u00b7<span style=\"font: 7pt 'Times New Roman'\">\u00a0\u00a0\u00a0\u00a0\u00a0\u00a0\u00a0\u00a0 <\/span><\/span><\/span><span style=\"font-size: 11pt; line-height: 200%; font-family: Arial\">Parroquia de San Miguel (Villa Progreso, Qro.)\u00a0<\/span><span style=\"font-size: 11pt; line-height: 200%; font-family: Arial\"><\/span><\/p>\n<p><span style=\"font-size: 11pt; line-height: 200%; font-family: Arial\"><\/span><\/p>\n<p><span style=\"font-size: 11pt; line-height: 200%; font-family: Arial\"><\/span><\/p>\n<p><span style=\"font-size: 11pt; line-height: 200%; font-family: Arial\"><\/span><\/p>\n<p><span style=\"font-size: 11pt; line-height: 200%; font-family: Arial\"><o:p><\/o:p><\/span><span style=\"font-size: 10pt; line-height: 200%; font-family: Symbol\"><span>\u00b7<span style=\"font: 7pt 'Times New Roman'\">\u00a0\u00a0\u00a0\u00a0\u00a0\u00a0\u00a0\u00a0 <\/span><\/span><\/span><span style=\"font-size: 11pt; line-height: 200%; font-family: Arial\">Parroquia de <st1:personname ProductID=\"la Divina Providencia\" w:st=\"on\">la Divina Providencia<\/st1:personname> (Ezequiel Montes, Qro.)\u00a0<\/span><span style=\"font-size: 11pt; line-height: 200%; font-family: Arial\"><\/span><\/p>\n<p><span style=\"font-size: 11pt; line-height: 200%; font-family: Arial\"><\/span><\/p>\n<p><span style=\"font-size: 11pt; line-height: 200%; font-family: Arial\"><\/span><\/p>\n<p><span style=\"font-size: 11pt; line-height: 200%; font-family: Arial\"><\/span><\/p>\n<p><span style=\"font-size: 11pt; line-height: 200%; font-family: Arial\"><o:p><\/o:p><\/span><span style=\"font-size: 10pt; line-height: 200%; font-family: Symbol\"><span>\u00b7<span style=\"font: 7pt 'Times New Roman'\">\u00a0\u00a0\u00a0\u00a0\u00a0\u00a0\u00a0\u00a0 <\/span><\/span><\/span><span style=\"font-size: 11pt; line-height: 200%; font-family: Arial\">Parroquia de San Sebasti\u00e1n (Bernal, Qro.)\u00a0<\/span><span style=\"font-size: 11pt; line-height: 200%; font-family: Arial\"><\/span><\/p>\n<p><span style=\"font-size: 11pt; line-height: 200%; font-family: Arial\"><\/span><\/p>\n<p><span style=\"font-size: 11pt; line-height: 200%; font-family: Arial\"><\/span><\/p>\n<p><span style=\"font-size: 11pt; line-height: 200%; font-family: Arial\"><\/span><\/p>\n<p><span style=\"font-size: 11pt; line-height: 200%; font-family: Arial\"><o:p><\/o:p><\/span><span style=\"font-size: 10pt; line-height: 200%; font-family: Symbol\"><span>\u00b7<span style=\"font: 7pt 'Times New Roman'\">\u00a0\u00a0\u00a0\u00a0\u00a0\u00a0\u00a0\u00a0 <\/span><\/span><\/span><span style=\"font-size: 11pt; line-height: 200%; font-family: Arial\">Parroquia del Sagrado Coraz\u00f3n (El Zamorano, Qro.)<o:p><\/o:p><\/span><span style=\"font-size: 11pt; font-family: Arial\"><o:p>\u00a0<\/o:p><\/span><\/p>\n<p style=\"margin: 0cm 0cm 0pt\" class=\"estilo4\">&nbsp;<\/p>\n<p><a name=\"DECANATO_DE_SANTA_MAR\u00cdA_(Amealco)\" title=\"DECANATO_DE_SANTA_MAR\u00cdA_(Amealco)\"><\/a><strong><span style=\"font-size: 14pt; font-family: Arial\">DECANATO DE SANTA MAR\u00cdA (Amealco)<\/span><\/strong><span><\/span><strong><span style=\"font-size: 14pt; font-family: Arial\"><o:p><\/o:p><\/span><\/strong><strong><span style=\"font-size: 11pt; font-family: Arial\"><o:p>\u00a0<\/o:p><\/span><\/strong><strong><span style=\"font-size: 11pt; font-family: Arial\"><o:p><\/o:p><\/span><\/strong>\u00a0<strong><span style=\"font-size: 11pt; font-family: Arial\"><o:p><\/o:p><\/span><\/strong>\u00a0<strong><span style=\"font-size: 11pt; font-family: Arial\"><o:p><\/o:p><\/span><\/strong>\u00a0<strong><span style=\"font-size: 11pt; font-family: Arial\"><o:p><\/o:p><\/span><\/strong>\u00a0<strong><span style=\"font-size: 11pt; font-family: Arial\"><o:p><\/o:p><\/span><\/strong><span style=\"font-size: 10pt; line-height: 200%; font-family: Symbol\"><span>\u00b7<span style=\"font: 7pt 'Times New Roman'\">\u00a0\u00a0\u00a0\u00a0\u00a0\u00a0\u00a0\u00a0 <\/span><\/span><\/span><span style=\"font-size: 11pt; line-height: 200%; font-family: Arial\" lang=\"ES-MX\">Parroquia de San Miguel (Huimilpan, Qro.)<\/span><span style=\"font-size: 11pt; line-height: 200%; font-family: Arial\">\u00a0<\/span><span style=\"font-size: 11pt; line-height: 200%; font-family: Arial\"><\/span><\/p>\n<p><span style=\"font-size: 11pt; line-height: 200%; font-family: Arial\"><\/span><\/p>\n<p><span style=\"font-size: 11pt; line-height: 200%; font-family: Arial\"><\/span><\/p>\n<p><span style=\"font-size: 11pt; line-height: 200%; font-family: Arial\"><\/span><\/p>\n<p><span style=\"font-size: 11pt; line-height: 200%; font-family: Arial\"><o:p><\/o:p><\/span><span style=\"font-size: 10pt; line-height: 200%; font-family: Symbol\"><span>\u00b7<span style=\"font: 7pt 'Times New Roman'\">\u00a0\u00a0\u00a0\u00a0\u00a0\u00a0\u00a0\u00a0 <\/span><\/span><\/span><span style=\"font-size: 11pt; line-height: 200%; font-family: Arial\" lang=\"ES-MX\">Parroquia de Santa Mar\u00eda (Amealco, Qro.)<\/span><span style=\"font-size: 11pt; line-height: 200%; font-family: Arial\">\u00a0<\/span><span style=\"font-size: 11pt; line-height: 200%; font-family: Arial\"><\/span><\/p>\n<p><span style=\"font-size: 11pt; line-height: 200%; font-family: Arial\"><\/span><\/p>\n<p><span style=\"font-size: 11pt; line-height: 200%; font-family: Arial\"><\/span><\/p>\n<p><span style=\"font-size: 11pt; line-height: 200%; font-family: Arial\"><\/span><\/p>\n<p><span style=\"font-size: 11pt; line-height: 200%; font-family: Arial\"><o:p><\/o:p><\/span><span style=\"font-size: 10pt; line-height: 200%; font-family: Symbol\"><span>\u00b7<span style=\"font: 7pt 'Times New Roman'\">\u00a0\u00a0\u00a0\u00a0\u00a0\u00a0\u00a0\u00a0 <\/span><\/span><\/span><span style=\"font-size: 11pt; line-height: 200%; font-family: Arial\" lang=\"ES-MX\">Parroquia de Sagrado Coraz\u00f3n (Lagunillas, Qro.)<\/span><span style=\"font-size: 11pt; line-height: 200%; font-family: Arial\">\u00a0<\/span><span style=\"font-size: 11pt; line-height: 200%; font-family: Arial\"><\/span><\/p>\n<p><span style=\"font-size: 11pt; line-height: 200%; font-family: Arial\"><\/span><\/p>\n<p><span style=\"font-size: 11pt; line-height: 200%; font-family: Arial\"><\/span><\/p>\n<p><span style=\"font-size: 11pt; line-height: 200%; font-family: Arial\"><\/span><\/p>\n<p><span style=\"font-size: 11pt; line-height: 200%; font-family: Arial\"><o:p><\/o:p><\/span><span style=\"font-size: 10pt; line-height: 200%; font-family: Symbol\"><span>\u00b7<span style=\"font: 7pt 'Times New Roman'\">\u00a0\u00a0\u00a0\u00a0\u00a0\u00a0\u00a0\u00a0 <\/span><\/span><\/span><span style=\"font-size: 11pt; line-height: 200%; font-family: Arial\" lang=\"ES-MX\">Parroquia de Santa Luc\u00eda (Santa Luc\u00eda, Qro.)<\/span><span style=\"font-size: 11pt; line-height: 200%; font-family: Arial\">\u00a0<\/span><span style=\"font-size: 11pt; line-height: 200%; font-family: Arial\"><\/span><\/p>\n<p><span style=\"font-size: 11pt; line-height: 200%; font-family: Arial\"><\/span><\/p>\n<p><span style=\"font-size: 11pt; line-height: 200%; font-family: Arial\"><\/span><\/p>\n<p><span style=\"font-size: 11pt; line-height: 200%; font-family: Arial\"><o:p><\/o:p><\/span><span style=\"font-size: 10pt; line-height: 200%; font-family: Symbol\"><span>\u00b7<span style=\"font: 7pt 'Times New Roman'\">\u00a0\u00a0\u00a0\u00a0\u00a0\u00a0\u00a0\u00a0 <\/span><\/span><\/span><span style=\"font-size: 11pt; line-height: 200%; font-family: Arial\">Parroquia de <st1:personname ProductID=\"la Inmaculada Concepci?n\" w:st=\"on\">la Inmaculada Concepci\u00f3n<\/st1:personname> (<st1:personname ProductID=\"La Torre\" w:st=\"on\">La Torre<\/st1:personname>, Qro.)<o:p><\/o:p><\/span><span style=\"font-size: 11pt; font-family: Arial\"><o:p>\u00a0<\/o:p><\/span><\/p>\n<p style=\"margin: 0cm 0cm 0pt\" class=\"estilo4\">&nbsp;<\/p>\n<p><a name=\"DECANATO_DE_LA_SIERRA_GORDA\" title=\"DECANATO_DE_LA_SIERRA_GORDA\"><\/a><strong><span style=\"font-size: 14pt; font-family: Arial\">DECANATO DE <\/span><\/strong><st1:personname ProductID=\"LA SIERRA GORDA\" w:st=\"on\"><span><strong><span style=\"font-size: 14pt; font-family: Arial\">LA SIERRA GORDA<\/span><\/strong><\/span><span><\/span><\/st1:personname><strong><span style=\"font-size: 14pt; font-family: Arial\"><o:p><\/o:p><\/span><\/strong><strong><span style=\"font-size: 11pt; font-family: Arial\"><o:p>\u00a0<\/o:p><\/span><\/strong><strong><span style=\"font-size: 11pt; font-family: Arial\"><o:p><\/o:p><\/span><\/strong>\u00a0<strong><span style=\"font-size: 11pt; font-family: Arial\"><o:p><\/o:p><\/span><\/strong>\u00a0<strong><span style=\"font-size: 11pt; font-family: Arial\"><o:p><\/o:p><\/span><\/strong>\u00a0<strong><span style=\"font-size: 11pt; font-family: Arial\"><o:p><\/o:p><\/span><\/strong>\u00a0<strong><span style=\"font-size: 11pt; font-family: Arial\"><o:p><\/o:p><\/span><\/strong><span style=\"font-size: 10pt; line-height: 200%; font-family: Symbol\"><span>\u00b7<span style=\"font: 7pt 'Times New Roman'\">\u00a0\u00a0\u00a0\u00a0\u00a0\u00a0\u00a0\u00a0 <\/span><\/span><\/span><span style=\"font-size: 11pt; line-height: 200%; font-family: Arial\" lang=\"ES-MX\">Parroquia del Inmaculado Coraz\u00f3n de Mar\u00eda (Agua Zarca, Qro.)<\/span><span style=\"font-size: 11pt; line-height: 200%; font-family: Arial\">\u00a0<\/span><span style=\"font-size: 11pt; line-height: 200%; font-family: Arial\"><\/span><\/p>\n<p><span style=\"font-size: 11pt; line-height: 200%; font-family: Arial\"><\/span><\/p>\n<p><span style=\"font-size: 11pt; line-height: 200%; font-family: Arial\"><\/span><\/p>\n<p><span style=\"font-size: 11pt; line-height: 200%; font-family: Arial\"><\/span><\/p>\n<p><span style=\"font-size: 11pt; line-height: 200%; font-family: Arial\"><o:p><\/o:p><\/span><span style=\"font-size: 10pt; line-height: 200%; font-family: Symbol\"><span>\u00b7<span style=\"font: 7pt 'Times New Roman'\">\u00a0\u00a0\u00a0\u00a0\u00a0\u00a0\u00a0\u00a0 <\/span><\/span><\/span><span style=\"font-size: 11pt; line-height: 200%; font-family: Arial\">Parroquia de San Pedro (San Pedro Escanela, Qro.)\u00a0<\/span><span style=\"font-size: 11pt; line-height: 200%; font-family: Arial\"><\/span><\/p>\n<p><span style=\"font-size: 11pt; line-height: 200%; font-family: Arial\"><\/span><\/p>\n<p><span style=\"font-size: 11pt; line-height: 200%; font-family: Arial\"><\/span><\/p>\n<p><span style=\"font-size: 11pt; line-height: 200%; font-family: Arial\"><\/span><\/p>\n<p><span style=\"font-size: 11pt; line-height: 200%; font-family: Arial\"><o:p><\/o:p><\/span><span style=\"font-size: 10pt; line-height: 200%; font-family: Symbol\"><span>\u00b7<span style=\"font: 7pt 'Times New Roman'\">\u00a0\u00a0\u00a0\u00a0\u00a0\u00a0\u00a0\u00a0 <\/span><\/span><\/span><span style=\"font-size: 11pt; line-height: 200%; font-family: Arial\" lang=\"ES-MX\">Parroquia de Santa Mar\u00eda de Guadalupe (Ahuacatl\u00e1n, Qro.)<\/span><span style=\"font-size: 11pt; line-height: 200%; font-family: Arial\">\u00a0<\/span><span style=\"font-size: 11pt; line-height: 200%; font-family: Arial\"><\/span><\/p>\n<p><span style=\"font-size: 11pt; line-height: 200%; font-family: Arial\"><\/span><\/p>\n<p><span style=\"font-size: 11pt; line-height: 200%; font-family: Arial\"><\/span><\/p>\n<p><span style=\"font-size: 11pt; line-height: 200%; font-family: Arial\"><o:p><\/o:p><\/span><span style=\"font-size: 10pt; line-height: 200%; font-family: Symbol\"><span>\u00b7<span style=\"font: 7pt 'Times New Roman'\">\u00a0\u00a0\u00a0\u00a0\u00a0\u00a0\u00a0\u00a0 <\/span><\/span><\/span><span style=\"font-size: 11pt; line-height: 200%; font-family: Arial\" lang=\"ES-MX\">Parroquia de Santa Mar\u00eda de Guadalupe (Arroyo Seco, Qro.)<\/span><span style=\"font-size: 11pt; line-height: 200%; font-family: Arial\">\u00a0<\/span><span style=\"font-size: 11pt; line-height: 200%; font-family: Arial\"><\/span><\/p>\n<p><span style=\"font-size: 11pt; line-height: 200%; font-family: Arial\"><\/span><\/p>\n<p><span style=\"font-size: 11pt; line-height: 200%; font-family: Arial\"><\/span><\/p>\n<p><span style=\"font-size: 11pt; line-height: 200%; font-family: Arial\"><\/span><\/p>\n<p><span style=\"font-size: 11pt; line-height: 200%; font-family: Arial\"><o:p><\/o:p><\/span><span style=\"font-size: 10pt; line-height: 200%; font-family: Symbol\"><span>\u00b7<span style=\"font: 7pt 'Times New Roman'\">\u00a0\u00a0\u00a0\u00a0\u00a0\u00a0\u00a0\u00a0 <\/span><\/span><\/span><span style=\"font-size: 11pt; line-height: 200%; font-family: Arial\" lang=\"ES-MX\">Parroquia de Santa Teresita (<st1:personname ProductID=\"La Florida\" w:st=\"on\">La Florida<\/st1:personname>, Qro.)<\/span><span style=\"font-size: 11pt; line-height: 200%; font-family: Arial\">\u00a0<\/span><span style=\"font-size: 11pt; line-height: 200%; font-family: Arial\"><\/span><\/p>\n<p><span style=\"font-size: 11pt; line-height: 200%; font-family: Arial\"><\/span><\/p>\n<p><span style=\"font-size: 11pt; line-height: 200%; font-family: Arial\"><\/span><\/p>\n<p><span style=\"font-size: 11pt; line-height: 200%; font-family: Arial\"><\/span><\/p>\n<p><span style=\"font-size: 11pt; line-height: 200%; font-family: Arial\"><o:p><\/o:p><\/span><span style=\"font-size: 10pt; line-height: 200%; font-family: Symbol\"><span>\u00b7<span style=\"font: 7pt 'Times New Roman'\">\u00a0\u00a0\u00a0\u00a0\u00a0\u00a0\u00a0\u00a0 <\/span><\/span><\/span><span style=\"font-size: 11pt; line-height: 200%; font-family: Arial\">Parroquia de Santiago Ap\u00f3stol (Jalpan de Serra, Qro.)\u00a0<\/span><span style=\"font-size: 11pt; line-height: 200%; font-family: Arial\"><\/span><\/p>\n<p><span style=\"font-size: 11pt; line-height: 200%; font-family: Arial\"><\/span><\/p>\n<p><span style=\"font-size: 11pt; line-height: 200%; font-family: Arial\"><\/span><\/p>\n<p><span style=\"font-size: 11pt; line-height: 200%; font-family: Arial\"><\/span><\/p>\n<p><span style=\"font-size: 11pt; line-height: 200%; font-family: Arial\"><o:p><\/o:p><\/span><span style=\"font-size: 10pt; line-height: 200%; font-family: Symbol\"><span>\u00b7<span style=\"font: 7pt 'Times New Roman'\">\u00a0\u00a0\u00a0\u00a0\u00a0\u00a0\u00a0\u00a0 <\/span><\/span><\/span><span style=\"font-size: 11pt; line-height: 200%; font-family: Arial\">Parroquia de <st1:personname ProductID=\"la Pur?sima Concepci?n\" w:st=\"on\">la Pur\u00edsima Concepci\u00f3n<\/st1:personname> (Pur\u00edsima de Arista, Qro.)\u00a0<\/span><span style=\"font-size: 11pt; line-height: 200%; font-family: Arial\"><\/span><\/p>\n<p><span style=\"font-size: 11pt; line-height: 200%; font-family: Arial\"><\/span><\/p>\n<p><span style=\"font-size: 11pt; line-height: 200%; font-family: Arial\"><\/span><\/p>\n<p><span style=\"font-size: 11pt; line-height: 200%; font-family: Arial\"><\/span><\/p>\n<p><span style=\"font-size: 11pt; line-height: 200%; font-family: Arial\"><o:p><\/o:p><\/span><span style=\"font-size: 10pt; line-height: 200%; font-family: Symbol\"><span>\u00b7<span style=\"font: 7pt 'Times New Roman'\">\u00a0\u00a0\u00a0\u00a0\u00a0\u00a0\u00a0\u00a0 <\/span><\/span><\/span><span style=\"font-size: 11pt; line-height: 200%; font-family: Arial\">Parroquia de <st1:personname ProductID=\"la Pur?sima Concepci?n\" w:st=\"on\">la Pur\u00edsima Concepci\u00f3n<\/st1:personname> (Landa de Matamoros, Qro.)\u00a0<\/span><span style=\"font-size: 11pt; line-height: 200%; font-family: Arial\"><\/span><\/p>\n<p><span style=\"font-size: 11pt; line-height: 200%; font-family: Arial\"><\/span><\/p>\n<p><span style=\"font-size: 11pt; line-height: 200%; font-family: Arial\"><\/span><\/p>\n<p><span style=\"font-size: 11pt; line-height: 200%; font-family: Arial\"><\/span><\/p>\n<p><span style=\"font-size: 11pt; line-height: 200%; font-family: Arial\"><o:p><\/o:p><\/span><span style=\"font-size: 10pt; line-height: 200%; font-family: Symbol\"><span>\u00b7<span style=\"font: 7pt 'Times New Roman'\">\u00a0\u00a0\u00a0\u00a0\u00a0\u00a0\u00a0\u00a0 <\/span><\/span><\/span><span style=\"font-size: 11pt; line-height: 200%; font-family: Arial\">Parroquia de Nuestra Se\u00f1ora de <st1:personname ProductID=\"la Luz\" w:st=\"on\">la Luz<\/st1:personname> (Tancoyol, Qro.)\u00a0<\/span><span style=\"font-size: 11pt; line-height: 200%; font-family: Arial\"><\/span><\/p>\n<p><span style=\"font-size: 11pt; line-height: 200%; font-family: Arial\"><\/span><\/p>\n<p><span style=\"font-size: 11pt; line-height: 200%; font-family: Arial\"><\/span><\/p>\n<p><span style=\"font-size: 11pt; line-height: 200%; font-family: Arial\"><\/span><\/p>\n<p><span style=\"font-size: 11pt; line-height: 200%; font-family: Arial\"><o:p><\/o:p><\/span><span style=\"font-size: 10pt; line-height: 200%; font-family: Symbol\"><span>\u00b7<span style=\"font: 7pt 'Times New Roman'\">\u00a0\u00a0\u00a0\u00a0\u00a0\u00a0\u00a0\u00a0 <\/span><\/span><\/span><span style=\"font-size: 11pt; line-height: 200%; font-family: Arial\">Parroquia de San Francisco de As\u00eds (Tilaco, Qro.)<\/span><span style=\"font-size: 11pt; line-height: 200%; font-family: Arial\"><\/span><\/p>\n<p><span style=\"font-size: 11pt; line-height: 200%; font-family: Arial\"><\/span><\/p>\n<p><span style=\"font-size: 11pt; line-height: 200%; font-family: Arial\"><\/span><\/p>\n<p><span style=\"font-size: 11pt; line-height: 200%; font-family: Arial\"><\/span><\/p>\n<p><span style=\"font-size: 11pt; line-height: 200%; font-family: Arial\">\u00a0<o:p><\/o:p><\/span><span style=\"font-size: 10pt; line-height: 200%; font-family: Symbol\"><span>\u00b7<span style=\"font: 7pt 'Times New Roman'\">\u00a0\u00a0\u00a0\u00a0\u00a0\u00a0\u00a0\u00a0 <\/span><\/span><\/span><span style=\"font-size: 11pt; line-height: 200%; font-family: Arial\">Parroquia de San Jos\u00e9 (Pinal de Amoles, Qro.)<o:p><\/o:p><\/span><span style=\"font-size: 11pt; font-family: Arial\"><o:p>\u00a0<\/o:p><\/span><\/p>\n<p style=\"margin: 0cm 0cm 0pt\">&nbsp;<\/p>\n<p><a name=\"DECANATO_DE_SAN_JUAN_BAUTISTA_(San_Juan_\" title=\"DECANATO_DE_SAN_JUAN_BAUTISTA_(San_Juan_\"><\/a><strong><span style=\"font-size: 11pt; font-family: Arial\">DECANATO DE SAN JUAN BAUTISTA (San Juan del R\u00edo)<\/span><\/strong><span><\/span><strong><span style=\"font-size: 11pt; font-family: Arial\"><o:p><\/o:p><\/span><\/strong><strong><span style=\"font-size: 11pt; font-family: Arial\"><o:p>\u00a0<\/o:p><\/span><\/strong><strong><span style=\"font-size: 11pt; font-family: Arial\"><o:p><\/o:p><\/span><\/strong>\u00a0<strong><span style=\"font-size: 11pt; font-family: Arial\"><o:p><\/o:p><\/span><\/strong>\u00a0<strong><span style=\"font-size: 11pt; font-family: Arial\"><o:p><\/o:p><\/span><\/strong>\u00a0<strong><span style=\"font-size: 11pt; font-family: Arial\"><o:p><\/o:p><\/span><\/strong>\u00a0<strong><span style=\"font-size: 11pt; font-family: Arial\"><o:p><\/o:p><\/span><\/strong><span style=\"font-size: 10pt; line-height: 200%; font-family: Symbol\"><span>\u00b7<span style=\"font: 7pt 'Times New Roman'\">\u00a0\u00a0\u00a0\u00a0\u00a0\u00a0\u00a0\u00a0 <\/span><\/span><\/span><span style=\"font-size: 11pt; line-height: 200%; font-family: Arial\" lang=\"ES-MX\">Parroquia de San Juan Bautista (San Juan del R\u00edo)<\/span><span style=\"font-size: 11pt; line-height: 200%; font-family: Arial\" lang=\"ES-MX\"><\/span><\/p>\n<p><span style=\"font-size: 11pt; line-height: 200%; font-family: Arial\" lang=\"ES-MX\"><\/span><\/p>\n<p><span style=\"font-size: 11pt; line-height: 200%; font-family: Arial\" lang=\"ES-MX\"><\/span><\/p>\n<p><span style=\"font-size: 11pt; line-height: 200%; font-family: Arial\" lang=\"ES-MX\"><\/span><\/p>\n<p><span style=\"font-size: 11pt; line-height: 200%; font-family: Arial\" lang=\"ES-MX\"><\/span><span style=\"font-size: 11pt; line-height: 200%; font-family: Arial\"><o:p><\/o:p><\/span><span style=\"font-size: 10pt; line-height: 200%; font-family: Symbol\"><span>\u00b7<span style=\"font: 7pt 'Times New Roman'\">\u00a0\u00a0\u00a0\u00a0\u00a0\u00a0\u00a0\u00a0 <\/span><\/span><\/span><span style=\"font-size: 11pt; line-height: 200%; font-family: Arial\" lang=\"ES-MX\">Parroquia de San Jos\u00e9 Obrero (El Pedregoso)<\/span><span style=\"font-size: 11pt; line-height: 200%; font-family: Arial\">\u00a0<\/span><span style=\"font-size: 11pt; line-height: 200%; font-family: Arial\"><\/span><\/p>\n<p><span style=\"font-size: 11pt; line-height: 200%; font-family: Arial\"><\/span><\/p>\n<p><span style=\"font-size: 11pt; line-height: 200%; font-family: Arial\"><\/span><\/p>\n<p><span style=\"font-size: 11pt; line-height: 200%; font-family: Arial\"><\/span><\/p>\n<p><span style=\"font-size: 11pt; line-height: 200%; font-family: Arial\"><o:p><\/o:p><\/span><span style=\"font-size: 10pt; line-height: 200%; font-family: Symbol\"><span>\u00b7<span style=\"font: 7pt 'Times New Roman'\">\u00a0\u00a0\u00a0\u00a0\u00a0\u00a0\u00a0\u00a0 <\/span><\/span><\/span><span style=\"font-size: 11pt; line-height: 200%; font-family: Arial\">Parroquia de Jes\u00fas el Buen Pastor (Paso de Mata)\u00a0<\/span><span style=\"font-size: 11pt; line-height: 200%; font-family: Arial\"><\/span><\/p>\n<p><span style=\"font-size: 11pt; line-height: 200%; font-family: Arial\"><\/span><\/p>\n<p><span style=\"font-size: 11pt; line-height: 200%; font-family: Arial\"><\/span><\/p>\n<p><span style=\"font-size: 11pt; line-height: 200%; font-family: Arial\"><\/span><\/p>\n<p><span style=\"font-size: 11pt; line-height: 200%; font-family: Arial\"><o:p><\/o:p><\/span><span style=\"font-size: 10pt; line-height: 200%; font-family: Symbol\"><span>\u00b7<span style=\"font: 7pt 'Times New Roman'\">\u00a0\u00a0\u00a0\u00a0\u00a0\u00a0\u00a0\u00a0 <\/span><\/span><\/span><span style=\"font-size: 11pt; line-height: 200%; font-family: Arial\">Parroquia de <st1:personname ProductID=\"la Natividad\" w:st=\"on\">la Natividad<\/st1:personname> del Se\u00f1or (San Juan del R\u00edo, Qro.)\u00a0<\/span><span style=\"font-size: 11pt; line-height: 200%; font-family: Arial\"><\/span><\/p>\n<p><span style=\"font-size: 11pt; line-height: 200%; font-family: Arial\"><\/span><\/p>\n<p><span style=\"font-size: 11pt; line-height: 200%; font-family: Arial\"><\/span><\/p>\n<p><span style=\"font-size: 11pt; line-height: 200%; font-family: Arial\"><\/span><\/p>\n<p><span style=\"font-size: 11pt; line-height: 200%; font-family: Arial\"><\/span><\/p>\n<p><span style=\"font-size: 11pt; line-height: 200%; font-family: Arial\"><o:p><\/o:p><\/span><span style=\"font-size: 10pt; line-height: 200%; font-family: Symbol\"><span>\u00b7<span style=\"font: 7pt 'Times New Roman'\">\u00a0\u00a0\u00a0\u00a0\u00a0\u00a0\u00a0\u00a0 <\/span><\/span><\/span><span style=\"font-size: 11pt; line-height: 200%; font-family: Arial\" lang=\"ES-MX\">Parroquia de Nuestra Se\u00f1ora de Guadalupe (Col. Bhanti, S.J.R.)<\/span><span style=\"font-size: 11pt; line-height: 200%; font-family: Arial\">\u00a0<\/span><span style=\"font-size: 11pt; line-height: 200%; font-family: Arial\"><\/span><\/p>\n<p><span style=\"font-size: 11pt; line-height: 200%; font-family: Arial\"><\/span><\/p>\n<p><span style=\"font-size: 11pt; line-height: 200%; font-family: Arial\"><\/span><\/p>\n<p><span style=\"font-size: 11pt; line-height: 200%; font-family: Arial\"><\/span><\/p>\n<p><span style=\"font-size: 11pt; line-height: 200%; font-family: Arial\"><o:p><\/o:p><\/span><span style=\"font-size: 10pt; line-height: 200%; font-family: Symbol\"><span>\u00b7<span style=\"font: 7pt 'Times New Roman'\">\u00a0\u00a0\u00a0\u00a0\u00a0\u00a0\u00a0\u00a0 <\/span><\/span><\/span><span style=\"font-size: 11pt; line-height: 200%; font-family: Arial\">Parroquia de San Pedro (San Pedro Ahuacatl\u00e1n)\u00a0<\/span><span style=\"font-size: 11pt; line-height: 200%; font-family: Arial\"><\/span><\/p>\n<p><span style=\"font-size: 11pt; line-height: 200%; font-family: Arial\"><\/span><\/p>\n<p><span style=\"font-size: 11pt; line-height: 200%; font-family: Arial\"><\/span><\/p>\n<p><span style=\"font-size: 11pt; line-height: 200%; font-family: Arial\"><\/span><\/p>\n<p><span style=\"font-size: 11pt; line-height: 200%; font-family: Arial\"><o:p><\/o:p><\/span><span style=\"font-size: 10pt; line-height: 200%; font-family: Symbol\"><span>\u00b7<span style=\"font: 7pt 'Times New Roman'\">\u00a0\u00a0\u00a0\u00a0\u00a0\u00a0\u00a0\u00a0 <\/span><\/span><\/span><span style=\"font-size: 11pt; line-height: 200%; font-family: Arial\">Parroquia de Nuestra Se\u00f1ora de <st1:personname ProductID=\"la Asunci?n\" w:st=\"on\">la Asunci\u00f3n<\/st1:personname> (Tequisquiapan, Qro.)\u00a0<\/span><span style=\"font-size: 11pt; line-height: 200%; font-family: Arial\"><\/span><\/p>\n<p><span style=\"font-size: 11pt; line-height: 200%; font-family: Arial\"><\/span><\/p>\n<p><span style=\"font-size: 11pt; line-height: 200%; font-family: Arial\"><\/span><\/p>\n<p><span style=\"font-size: 11pt; line-height: 200%; font-family: Arial\"><\/span><\/p>\n<p><span style=\"font-size: 11pt; line-height: 200%; font-family: Arial\"><o:p><\/o:p><\/span><span style=\"font-size: 10pt; line-height: 200%; font-family: Symbol\" lang=\"PT-BR\"><span>\u00b7<span style=\"font: 7pt 'Times New Roman'\">\u00a0\u00a0\u00a0\u00a0\u00a0\u00a0\u00a0\u00a0 <\/span><\/span><\/span><span style=\"font-size: 11pt; line-height: 200%; font-family: Arial\" lang=\"PT-BR\">Parroquia Nuestra Se\u00f1ora de Guadalupe (Pedro Escobedo, Qro.)\u00a0<\/span><span style=\"font-size: 11pt; line-height: 200%; font-family: Arial\" lang=\"PT-BR\"><\/span><\/p>\n<p><span style=\"font-size: 11pt; line-height: 200%; font-family: Arial\" lang=\"PT-BR\"><\/span><\/p>\n<p><span style=\"font-size: 11pt; line-height: 200%; font-family: Arial\" lang=\"PT-BR\"><\/span><\/p>\n<p><span style=\"font-size: 11pt; line-height: 200%; font-family: Arial\" lang=\"PT-BR\"><\/span><\/p>\n<p><span style=\"font-size: 11pt; line-height: 200%; font-family: Arial\" lang=\"PT-BR\"><o:p><\/o:p><\/span><span style=\"font-size: 10pt; line-height: 200%; font-family: Symbol\"><span>\u00b7<span style=\"font: 7pt 'Times New Roman'\">\u00a0\u00a0\u00a0\u00a0\u00a0\u00a0\u00a0\u00a0 <\/span><\/span><\/span><span style=\"font-size: 11pt; line-height: 200%; font-family: Arial\" lang=\"ES-MX\">Parroquia de San Jos\u00e9 (Galindo)<\/span><span style=\"font-size: 11pt; line-height: 200%; font-family: Arial\" lang=\"ES-MX\"><\/span><\/p>\n<p><span style=\"font-size: 11pt; line-height: 200%; font-family: Arial\" lang=\"ES-MX\"><\/span><\/p>\n<p><span style=\"font-size: 11pt; line-height: 200%; font-family: Arial\" lang=\"ES-MX\"><\/span><\/p>\n<p><span style=\"font-size: 11pt; line-height: 200%; font-family: Arial\" lang=\"ES-MX\"><\/span><\/p>\n<p><span style=\"font-size: 11pt; line-height: 200%; font-family: Arial\" lang=\"ES-MX\"><\/span><span style=\"font-size: 11pt; line-height: 200%; font-family: Arial\"><o:p><\/o:p><\/span><span style=\"font-size: 10pt; line-height: 200%; font-family: Symbol\"><span>\u00b7<span style=\"font: 7pt 'Times New Roman'\">\u00a0\u00a0\u00a0\u00a0\u00a0\u00a0\u00a0\u00a0 <\/span><\/span><\/span><span style=\"font-size: 11pt; line-height: 200%; font-family: Arial\">Parroquia Santo Ni\u00f1o de Praga (<st1:personname ProductID=\"La Venta\" w:st=\"on\">La Venta<\/st1:personname>, Pedro Escobedo)\u00a0<\/span><span style=\"font-size: 11pt; line-height: 200%; font-family: Arial\"><\/span><\/p>\n<p><span style=\"font-size: 11pt; line-height: 200%; font-family: Arial\"><\/span><\/p>\n<p><span style=\"font-size: 11pt; line-height: 200%; font-family: Arial\"><\/span><\/p>\n<p><span style=\"font-size: 11pt; line-height: 200%; font-family: Arial\"><o:p><\/o:p><\/span><span style=\"font-size: 10pt; line-height: 200%; font-family: Symbol\"><span>\u00b7<span style=\"font: 7pt 'Times New Roman'\">\u00a0\u00a0\u00a0\u00a0\u00a0\u00a0\u00a0\u00a0 <\/span><\/span><\/span><span style=\"font-size: 11pt; line-height: 200%; font-family: Arial\">Parroquia de Nuestra Se\u00f1ora de Guadalupe (<st1:personname ProductID=\"La Estancia\" w:st=\"on\">La Estancia<\/st1:personname>, Qro.)<o:p><\/o:p><\/span><span style=\"font-size: 10pt; line-height: 200%; font-family: Symbol\"><span>\u00a0<\/span><\/span><span style=\"font-size: 10pt; line-height: 200%; font-family: Symbol\"><span><\/span><\/span><\/p>\n<p><span style=\"font-size: 10pt; line-height: 200%; font-family: Symbol\"><span><\/span><\/span><\/p>\n<p><span style=\"font-size: 10pt; line-height: 200%; font-family: Symbol\"><span><\/span><\/span><\/p>\n<p><span style=\"font-size: 10pt; line-height: 200%; font-family: Symbol\"><span><\/span><\/span><\/p>\n<p><span style=\"font-size: 10pt; line-height: 200%; font-family: Symbol\"><span><span style=\"font: 7pt 'Times New Roman'\">\u00a0\u00a0\u00a0\u00a0\u00a0\u00a0\u00a0\u00a0 <\/span><\/span><\/span><span style=\"font-size: 11pt; line-height: 200%; font-family: Arial\">Parroquia de San Jos\u00e9 (Fuentezuelas, Tequisquiapan, Qro.)<o:p><\/o:p><\/span><span style=\"font-size: 11pt; font-family: Arial\"><o:p>\u00a0<\/o:p><\/span><\/p>\n<p style=\"margin: 0cm 0cm 0pt; line-height: 150%\"><strong><span style=\"font-size: 14pt; line-height: 150%; font-family: Arial\"><\/span><\/strong><\/p>\n<p><strong><span style=\"font-size: 14pt; line-height: 150%; font-family: Arial\">\u00a0Decanato de Guanajuato<\/span><\/strong><\/p>\n<p><strong><span style=\"font-size: 14pt; line-height: 150%; font-family: Arial\"><\/span><\/strong><\/p>\n<p><strong><span style=\"font-size: 14pt; line-height: 150%; font-family: Arial\"><\/span><\/strong><\/p>\n<p><strong><span style=\"font-size: 14pt; line-height: 150%; font-family: Arial\"><\/span><\/strong><\/p>\n<p><strong><span style=\"font-size: 14pt; line-height: 150%; font-family: Arial\"><\/span><\/strong><\/p>\n<p><strong><span style=\"font-size: 14pt; line-height: 150%; font-family: Arial\"><o:p><\/o:p><\/span><\/strong><span style=\"font-family: Arial\">Nuestra Se\u00f1ora de Los Dolores. El Capul\u00edn. <\/span><span style=\"font-family: Arial\" lang=\"PT-BR\">Gto.<\/span><span style=\"font-family: Arial\" lang=\"PT-BR\"><\/span><\/p>\n<p><span style=\"font-family: Arial\" lang=\"PT-BR\"><\/span><\/p>\n<p><span style=\"font-family: Arial\" lang=\"PT-BR\"><\/span><\/p>\n<p><span style=\"font-family: Arial\" lang=\"PT-BR\"><\/span><\/p>\n<p><span style=\"font-family: Arial\" lang=\"PT-BR\"><o:p><\/o:p><\/span><span style=\"font-family: Arial\" lang=\"PT-BR\">Divino Salvador.<span>\u00a0 <\/span>Dr.Mora, Gto.<\/span><span style=\"font-family: Arial\" lang=\"PT-BR\"><\/span><\/p>\n<p><span style=\"font-family: Arial\" lang=\"PT-BR\"><\/span><\/p>\n<p><span style=\"font-family: Arial\" lang=\"PT-BR\"><\/span><\/p>\n<p><span style=\"font-family: Arial\" lang=\"PT-BR\"><\/span><\/p>\n<p><span style=\"font-family: Arial\" lang=\"PT-BR\"><o:p><\/o:p><\/span><span style=\"font-family: Arial\" lang=\"PT-BR\">Esp\u00edritu Santo<\/span><span style=\"font-family: Arial\" lang=\"PT-BR\"><\/span><\/p>\n<p><span style=\"font-family: Arial\" lang=\"PT-BR\"><\/span><\/p>\n<p><span style=\"font-family: Arial\" lang=\"PT-BR\"><\/span><\/p>\n<p><span style=\"font-family: Arial\" lang=\"PT-BR\"><\/span><\/p>\n<p><span style=\"font-family: Arial\" lang=\"PT-BR\"><o:p><\/o:p><\/span><span style=\"font-family: Arial\">San Miguel Palmas<\/span><span style=\"font-family: Arial\"><\/span><\/p>\n<p><span style=\"font-family: Arial\"><\/span><\/p>\n<p><span style=\"font-family: Arial\"><\/span><\/p>\n<p><span style=\"font-family: Arial\"><\/span><\/p>\n<p><span style=\"font-family: Arial\"><o:p><\/o:p><\/span><span style=\"font-family: Arial\">San Jos\u00e9 Iturbide<\/span><span style=\"font-family: Arial\"><\/span><\/p>\n<p><span style=\"font-family: Arial\"><\/span><\/p>\n<p><span style=\"font-family: Arial\"><\/span><\/p>\n<p><span style=\"font-family: Arial\"><\/span><\/p>\n<p><span style=\"font-family: Arial\"><o:p><\/o:p><\/span><span style=\"font-family: Arial\">Santo Tom\u00e1s Ap\u00f3stol. <\/span><span style=\"font-family: Arial\"><\/span><\/p>\n<p><span style=\"font-family: Arial\"><\/span><\/p>\n<p><span style=\"font-family: Arial\"><\/span><\/p>\n<p><span style=\"font-family: Arial\"><\/span><\/p>\n<p><span style=\"font-family: Arial\">Tierra Blanca, Gto.<\/span><\/p>\n<p><span style=\"font-family: Arial\"><\/span><\/p>\n<p><span style=\"font-family: Arial\"><\/span><\/p>\n<p><span style=\"font-family: Arial\"><\/span><\/p>\n<p><span style=\"font-family: Arial\"><\/span><\/p>\n<p><span style=\"font-family: Arial\"><o:p><\/o:p><\/span><span style=\"font-family: Arial\">San Juan Bautista. Victoria, Gto.<\/span><span style=\"font-family: Arial\"><\/span><\/p>\n<p><span style=\"font-family: Arial\"><\/span><\/p>\n<p><span style=\"font-family: Arial\"><\/span><\/p>\n<p><span style=\"font-family: Arial\"><\/span><\/p>\n<p><span style=\"font-family: Arial\"><o:p><\/o:p><\/span><span style=\"font-family: Arial\">San Francisco de As\u00eds. Xich\u00fa, Gto.<\/span><span style=\"font-family: Arial\"><\/span><\/p>\n<p><span style=\"font-family: Arial\"><\/span><\/p>\n<p><span style=\"font-family: Arial\"><\/span><\/p>\n<p><span style=\"font-family: Arial\"><\/span><\/p>\n<p><span style=\"font-family: Arial\"><o:p><\/o:p><\/span><span style=\"font-family: Arial\">Santa Catarina<o:p><\/o:p><\/span><\/p>\n","protected":false},"excerpt":{"rendered":"<p>Decanatos y Parroquias de la Di\u00f3cesis de Quer\u00e9taro\u00a0En la Di\u00f3cesis existen 12 Decanatos:\u00a0 &nbsp; DECANATO DE SANTIAGO\u00a0\u00a0\u00a0\u00a0\u00a0\u00b7\u00a0\u00a0\u00a0\u00a0\u00a0\u00a0\u00a0\u00a0 Parroquia de Santiago (del Sagrario) \u00b7\u00a0\u00a0\u00a0\u00a0\u00a0\u00a0\u00a0\u00a0 Parroquia del Sagrado Coraz\u00f3n de Jes\u00fas (Santa Clara) \u00b7\u00a0\u00a0\u00a0\u00a0\u00a0\u00a0\u00a0\u00a0 Parroquia de la Divina Pastora (Barrio de San Francisquito) \u00b7\u00a0\u00a0\u00a0\u00a0\u00a0\u00a0\u00a0\u00a0 Parroquia de Pentecostes (Col. Palmas) \u00b7\u00a0\u00a0\u00a0\u00a0\u00a0\u00a0\u00a0\u00a0 Parroquia Nuestra Se\u00f1ora del Perpetuo Socorro (Col. [&hellip;]<\/p>\n","protected":false},"author":249,"featured_media":0,"comment_status":"open","ping_status":"closed","sticky":false,"template":"","format":"standard","meta":{"footnotes":""},"categories":[8,10,3,7,5,4,6],"tags":[],"class_list":["post-834","post","type-post","status-publish","format-standard","hentry","category-ciudad-de-queretaro","category-historia","category-huasteca-queretana","category-queretaro-pre-hispanico","category-semidesierto","category-sierra-gorda","category-valles-centrales"],"_links":{"self":[{"href":"http:\/\/eloficiodehistoriar.com.mx\/index.php?rest_route=\/wp\/v2\/posts\/834","targetHints":{"allow":["GET"]}}],"collection":[{"href":"http:\/\/eloficiodehistoriar.com.mx\/index.php?rest_route=\/wp\/v2\/posts"}],"about":[{"href":"http:\/\/eloficiodehistoriar.com.mx\/index.php?rest_route=\/wp\/v2\/types\/post"}],"author":[{"embeddable":true,"href":"http:\/\/eloficiodehistoriar.com.mx\/index.php?rest_route=\/wp\/v2\/users\/249"}],"replies":[{"embeddable":true,"href":"http:\/\/eloficiodehistoriar.com.mx\/index.php?rest_route=%2Fwp%2Fv2%2Fcomments&post=834"}],"version-history":[{"count":0,"href":"http:\/\/eloficiodehistoriar.com.mx\/index.php?rest_route=\/wp\/v2\/posts\/834\/revisions"}],"wp:attachment":[{"href":"http:\/\/eloficiodehistoriar.com.mx\/index.php?rest_route=%2Fwp%2Fv2%2Fmedia&parent=834"}],"wp:term":[{"taxonomy":"category","embeddable":true,"href":"http:\/\/eloficiodehistoriar.com.mx\/index.php?rest_route=%2Fwp%2Fv2%2Fcategories&post=834"},{"taxonomy":"post_tag","embeddable":true,"href":"http:\/\/eloficiodehistoriar.com.mx\/index.php?rest_route=%2Fwp%2Fv2%2Ftags&post=834"}],"curies":[{"name":"wp","href":"https:\/\/api.w.org\/{rel}","templated":true}]}}