{"id":84,"date":"2008-05-21T13:24:22","date_gmt":"2008-05-21T18:24:22","guid":{"rendered":"https:\/\/eloficiodehistoriar.com.mx\/?p=84"},"modified":"2008-05-21T13:24:22","modified_gmt":"2008-05-21T18:24:22","slug":"congratulaciones-con-el-oficio-de-historiar","status":"publish","type":"post","link":"http:\/\/eloficiodehistoriar.com.mx\/?p=84","title":{"rendered":"Congratulaciones con El Oficio de Historiar"},"content":{"rendered":"<p><strong><span style=\"color: #444444; font-family: Arial\">Estimado Jos\u00e9:<o:p><\/o:p><\/span><\/strong><span style=\"color: #444444; font-family: Arial\"><o:p>\u00a0<\/o:p><\/span><span style=\"color: #444444; font-family: Arial\">Celebro que hayas conseguido este logro en materia cibern\u00e9tica, un mundo dif\u00edcil y distante para nuestra generaci\u00f3n, pero inevitable en los tiempos que corren.<o:p><\/o:p><\/span><span style=\"color: #444444; font-family: Arial\"><o:p>\u00a0<\/o:p><\/span><span style=\"color: #444444; font-family: Arial\">Te agradezco much\u00edsimo que a trav\u00e9s de esta tu p\u00e1gina est\u00e9s difundiendo algunas de nuestras actividades, y te aseguro que estar\u00e9 al pendiente de su contenido, pues siento por los temas que abordas un inter\u00e9s permanente.<o:p><\/o:p><\/span><span style=\"color: #444444; font-family: Arial\"><o:p>\u00a0<\/o:p><\/span><strong><span style=\"color: #444444; font-family: Arial\">Manuel Naredo.<o:p><\/o:p><\/span><\/strong><strong><span style=\"color: #444444; font-family: Arial\"><o:p>\u00a0<\/o:p><\/span><\/strong><span style=\"color: #444444; font-family: Arial\">Felicitaciones del<o:p><\/o:p><\/span><span style=\"color: #444444; font-family: Arial\">Lic. Manuel Naredo N.<o:p><\/o:p><\/span><span style=\"color: #444444; font-family: Arial\">Director General <o:p><\/o:p><\/span><span style=\"color: #444444; font-family: Arial\">Instituto de <st1:personname ProductID=\"la Cultura\" w:st=\"on\">la Cultura<\/st1:personname> y las Artes<o:p><\/o:p><\/span><span style=\"font-family: Arial\"><o:p>\u00a0<\/o:p><\/span><\/p>\n","protected":false},"excerpt":{"rendered":"<p>Estimado Jos\u00e9:\u00a0Celebro que hayas conseguido este logro en materia cibern\u00e9tica, un mundo dif\u00edcil y distante para nuestra generaci\u00f3n, pero inevitable en los tiempos que corren.\u00a0Te agradezco much\u00edsimo que a trav\u00e9s de esta tu p\u00e1gina est\u00e9s difundiendo algunas de nuestras actividades, y te aseguro que estar\u00e9 al pendiente de su contenido, pues siento por los temas [&hellip;]<\/p>\n","protected":false},"author":249,"featured_media":0,"comment_status":"open","ping_status":"closed","sticky":false,"template":"","format":"standard","meta":{"footnotes":""},"categories":[26],"tags":[],"class_list":["post-84","post","type-post","status-publish","format-standard","hentry","category-mundo"],"_links":{"self":[{"href":"http:\/\/eloficiodehistoriar.com.mx\/index.php?rest_route=\/wp\/v2\/posts\/84","targetHints":{"allow":["GET"]}}],"collection":[{"href":"http:\/\/eloficiodehistoriar.com.mx\/index.php?rest_route=\/wp\/v2\/posts"}],"about":[{"href":"http:\/\/eloficiodehistoriar.com.mx\/index.php?rest_route=\/wp\/v2\/types\/post"}],"author":[{"embeddable":true,"href":"http:\/\/eloficiodehistoriar.com.mx\/index.php?rest_route=\/wp\/v2\/users\/249"}],"replies":[{"embeddable":true,"href":"http:\/\/eloficiodehistoriar.com.mx\/index.php?rest_route=%2Fwp%2Fv2%2Fcomments&post=84"}],"version-history":[{"count":0,"href":"http:\/\/eloficiodehistoriar.com.mx\/index.php?rest_route=\/wp\/v2\/posts\/84\/revisions"}],"wp:attachment":[{"href":"http:\/\/eloficiodehistoriar.com.mx\/index.php?rest_route=%2Fwp%2Fv2%2Fmedia&parent=84"}],"wp:term":[{"taxonomy":"category","embeddable":true,"href":"http:\/\/eloficiodehistoriar.com.mx\/index.php?rest_route=%2Fwp%2Fv2%2Fcategories&post=84"},{"taxonomy":"post_tag","embeddable":true,"href":"http:\/\/eloficiodehistoriar.com.mx\/index.php?rest_route=%2Fwp%2Fv2%2Ftags&post=84"}],"curies":[{"name":"wp","href":"https:\/\/api.w.org\/{rel}","templated":true}]}}