{"id":842,"date":"2008-07-30T15:18:52","date_gmt":"2008-07-30T20:18:52","guid":{"rendered":"https:\/\/eloficiodehistoriar.com.mx\/?p=842"},"modified":"2008-07-30T16:26:44","modified_gmt":"2008-07-30T21:26:44","slug":"tres-grandes-teoricos-de-la-historia","status":"publish","type":"post","link":"http:\/\/eloficiodehistoriar.com.mx\/?p=842","title":{"rendered":"Tres grandes te\u00f3ricos de la historia&#8230;"},"content":{"rendered":"<p><a href=\"https:\/\/eloficiodehistoriar.com.mx\/wp-content\/uploads\/2008\/07\/escudo-pagina-049.jpg\" title=\"escudo-pagina-049.jpg\"><img decoding=\"async\" src=\"https:\/\/eloficiodehistoriar.com.mx\/wp-content\/uploads\/2008\/07\/escudo-pagina-049.thumbnail.jpg\" alt=\"escudo-pagina-049.jpg\" \/><\/a><a href=\"https:\/\/eloficiodehistoriar.com.mx\/wp-content\/uploads\/2008\/07\/escudo-pagina-046.jpg\" title=\"escudo-pagina-046.jpg\"><img decoding=\"async\" src=\"https:\/\/eloficiodehistoriar.com.mx\/wp-content\/uploads\/2008\/07\/escudo-pagina-046.thumbnail.jpg\" alt=\"escudo-pagina-046.jpg\" \/><\/a><a href=\"https:\/\/eloficiodehistoriar.com.mx\/wp-content\/uploads\/2008\/07\/escudo-pagina-047.jpg\" title=\"escudo-pagina-047.jpg\"><img decoding=\"async\" src=\"https:\/\/eloficiodehistoriar.com.mx\/wp-content\/uploads\/2008\/07\/escudo-pagina-047.thumbnail.jpg\" alt=\"escudo-pagina-047.jpg\" \/><\/a><a href=\"https:\/\/eloficiodehistoriar.com.mx\/wp-content\/uploads\/2008\/07\/lgg1.JPG\" title=\"lgg1.JPG\"><img decoding=\"async\" src=\"https:\/\/eloficiodehistoriar.com.mx\/wp-content\/uploads\/2008\/07\/lgg1.thumbnail.JPG\" alt=\"lgg1.JPG\" \/><\/a><\/p>\n<p>Luis Gonz\u00e1lez y Gonz\u00e1lez, en \u00abPueblo en Vilo\u00bb, al abordar minuciosamente todos los peque\u00f1os acontecimientos que dieron lugar a la formaci\u00f3n y consolidaci\u00f3n de San Jos\u00e9 de Gracia, un min\u00fasculo pueblo del estado de Michoac\u00e1n en M\u00e9xico, se vuleve el gran te\u00f3rico de la historia o mejor dicho de la microhistoria, a la par de Luci\u00e9n Febre y Fernad Braudel.<\/p>\n","protected":false},"excerpt":{"rendered":"<p>Luis Gonz\u00e1lez y Gonz\u00e1lez, en \u00abPueblo en Vilo\u00bb, al abordar minuciosamente todos los peque\u00f1os acontecimientos que dieron lugar a la formaci\u00f3n y consolidaci\u00f3n de San Jos\u00e9 de Gracia, un min\u00fasculo pueblo del estado de Michoac\u00e1n en M\u00e9xico, se vuleve el gran te\u00f3rico de la historia o mejor dicho de la microhistoria, a la par de [&hellip;]<\/p>\n","protected":false},"author":249,"featured_media":0,"comment_status":"open","ping_status":"closed","sticky":false,"template":"","format":"standard","meta":{"footnotes":""},"categories":[11,10],"tags":[],"class_list":["post-842","post","type-post","status-publish","format-standard","hentry","category-fotografia","category-historia"],"_links":{"self":[{"href":"http:\/\/eloficiodehistoriar.com.mx\/index.php?rest_route=\/wp\/v2\/posts\/842","targetHints":{"allow":["GET"]}}],"collection":[{"href":"http:\/\/eloficiodehistoriar.com.mx\/index.php?rest_route=\/wp\/v2\/posts"}],"about":[{"href":"http:\/\/eloficiodehistoriar.com.mx\/index.php?rest_route=\/wp\/v2\/types\/post"}],"author":[{"embeddable":true,"href":"http:\/\/eloficiodehistoriar.com.mx\/index.php?rest_route=\/wp\/v2\/users\/249"}],"replies":[{"embeddable":true,"href":"http:\/\/eloficiodehistoriar.com.mx\/index.php?rest_route=%2Fwp%2Fv2%2Fcomments&post=842"}],"version-history":[{"count":0,"href":"http:\/\/eloficiodehistoriar.com.mx\/index.php?rest_route=\/wp\/v2\/posts\/842\/revisions"}],"wp:attachment":[{"href":"http:\/\/eloficiodehistoriar.com.mx\/index.php?rest_route=%2Fwp%2Fv2%2Fmedia&parent=842"}],"wp:term":[{"taxonomy":"category","embeddable":true,"href":"http:\/\/eloficiodehistoriar.com.mx\/index.php?rest_route=%2Fwp%2Fv2%2Fcategories&post=842"},{"taxonomy":"post_tag","embeddable":true,"href":"http:\/\/eloficiodehistoriar.com.mx\/index.php?rest_route=%2Fwp%2Fv2%2Ftags&post=842"}],"curies":[{"name":"wp","href":"https:\/\/api.w.org\/{rel}","templated":true}]}}