{"id":847,"date":"2008-07-30T19:27:38","date_gmt":"2008-07-31T00:27:38","guid":{"rendered":"https:\/\/eloficiodehistoriar.com.mx\/?p=847"},"modified":"2008-07-30T19:27:38","modified_gmt":"2008-07-31T00:27:38","slug":"de-paseo-por-la-ciudad-de-oaxaca-a-principios-del-siglo-xx","status":"publish","type":"post","link":"http:\/\/eloficiodehistoriar.com.mx\/?p=847","title":{"rendered":"De Paseo por la ciudad de Oaxaca a principios del siglo XX"},"content":{"rendered":"<p><a href=\"https:\/\/eloficiodehistoriar.com.mx\/wp-content\/uploads\/2008\/07\/escudo-pagina-061.jpg\" title=\"escudo-pagina-061.jpg\"><img decoding=\"async\" src=\"https:\/\/eloficiodehistoriar.com.mx\/wp-content\/uploads\/2008\/07\/escudo-pagina-061.thumbnail.jpg\" alt=\"escudo-pagina-061.jpg\" \/><\/a><a href=\"https:\/\/eloficiodehistoriar.com.mx\/wp-content\/uploads\/2008\/07\/escudo-pagina-060.jpg\" title=\"escudo-pagina-060.jpg\"><img decoding=\"async\" src=\"https:\/\/eloficiodehistoriar.com.mx\/wp-content\/uploads\/2008\/07\/escudo-pagina-060.thumbnail.jpg\" alt=\"escudo-pagina-060.jpg\" \/><\/a><a href=\"https:\/\/eloficiodehistoriar.com.mx\/wp-content\/uploads\/2008\/07\/escudo-pagina-059.jpg\" title=\"escudo-pagina-059.jpg\"><img decoding=\"async\" src=\"https:\/\/eloficiodehistoriar.com.mx\/wp-content\/uploads\/2008\/07\/escudo-pagina-059.thumbnail.jpg\" alt=\"escudo-pagina-059.jpg\" \/><\/a><a href=\"https:\/\/eloficiodehistoriar.com.mx\/wp-content\/uploads\/2008\/07\/escudo-pagina-058.jpg\" title=\"escudo-pagina-058.jpg\"><img decoding=\"async\" src=\"https:\/\/eloficiodehistoriar.com.mx\/wp-content\/uploads\/2008\/07\/escudo-pagina-058.thumbnail.jpg\" alt=\"escudo-pagina-058.jpg\" \/><\/a><a href=\"https:\/\/eloficiodehistoriar.com.mx\/wp-content\/uploads\/2008\/07\/escudo-pagina-057.jpg\" title=\"escudo-pagina-057.jpg\"><img decoding=\"async\" src=\"https:\/\/eloficiodehistoriar.com.mx\/wp-content\/uploads\/2008\/07\/escudo-pagina-057.thumbnail.jpg\" alt=\"escudo-pagina-057.jpg\" \/><\/a><a href=\"https:\/\/eloficiodehistoriar.com.mx\/wp-content\/uploads\/2008\/07\/escudo-pagina-056.jpg\" title=\"escudo-pagina-056.jpg\"><img decoding=\"async\" src=\"https:\/\/eloficiodehistoriar.com.mx\/wp-content\/uploads\/2008\/07\/escudo-pagina-056.thumbnail.jpg\" alt=\"escudo-pagina-056.jpg\" \/><\/a><a href=\"https:\/\/eloficiodehistoriar.com.mx\/wp-content\/uploads\/2008\/07\/escudo-pagina-055.jpg\" title=\"escudo-pagina-055.jpg\"><img decoding=\"async\" src=\"https:\/\/eloficiodehistoriar.com.mx\/wp-content\/uploads\/2008\/07\/escudo-pagina-055.thumbnail.jpg\" alt=\"escudo-pagina-055.jpg\" \/><\/a><\/p>\n<p>En estas fotos se puede apreciar:<\/p>\n<p>El Palacio de Gobierno<\/p>\n<p>La fachada de los antiguos colegios jesuitas, despu\u00e9s Colegio Civil y por \u00faltimo La Universidad Aut\u00f3noma de Oaxaca<\/p>\n<p>Un desfile que vien por la actual Av. Ju\u00e1rez saliendo del \u00abLlano\u00bb<\/p>\n<p>Sigue el desfile por la calle Macedonio Alcal\u00e1<\/p>\n<p>Dos panor\u00e1micas de la ciudad de Oaxaca desde \u00abEl Fortin\u00bb\u00a0<\/p>\n","protected":false},"excerpt":{"rendered":"<p>En estas fotos se puede apreciar: El Palacio de Gobierno La fachada de los antiguos colegios jesuitas, despu\u00e9s Colegio Civil y por \u00faltimo La Universidad Aut\u00f3noma de Oaxaca Un desfile que vien por la actual Av. Ju\u00e1rez saliendo del \u00abLlano\u00bb Sigue el desfile por la calle Macedonio Alcal\u00e1 Dos panor\u00e1micas de la ciudad de Oaxaca [&hellip;]<\/p>\n","protected":false},"author":249,"featured_media":0,"comment_status":"open","ping_status":"closed","sticky":false,"template":"","format":"standard","meta":{"footnotes":""},"categories":[26],"tags":[],"class_list":["post-847","post","type-post","status-publish","format-standard","hentry","category-mundo"],"_links":{"self":[{"href":"http:\/\/eloficiodehistoriar.com.mx\/index.php?rest_route=\/wp\/v2\/posts\/847","targetHints":{"allow":["GET"]}}],"collection":[{"href":"http:\/\/eloficiodehistoriar.com.mx\/index.php?rest_route=\/wp\/v2\/posts"}],"about":[{"href":"http:\/\/eloficiodehistoriar.com.mx\/index.php?rest_route=\/wp\/v2\/types\/post"}],"author":[{"embeddable":true,"href":"http:\/\/eloficiodehistoriar.com.mx\/index.php?rest_route=\/wp\/v2\/users\/249"}],"replies":[{"embeddable":true,"href":"http:\/\/eloficiodehistoriar.com.mx\/index.php?rest_route=%2Fwp%2Fv2%2Fcomments&post=847"}],"version-history":[{"count":0,"href":"http:\/\/eloficiodehistoriar.com.mx\/index.php?rest_route=\/wp\/v2\/posts\/847\/revisions"}],"wp:attachment":[{"href":"http:\/\/eloficiodehistoriar.com.mx\/index.php?rest_route=%2Fwp%2Fv2%2Fmedia&parent=847"}],"wp:term":[{"taxonomy":"category","embeddable":true,"href":"http:\/\/eloficiodehistoriar.com.mx\/index.php?rest_route=%2Fwp%2Fv2%2Fcategories&post=847"},{"taxonomy":"post_tag","embeddable":true,"href":"http:\/\/eloficiodehistoriar.com.mx\/index.php?rest_route=%2Fwp%2Fv2%2Ftags&post=847"}],"curies":[{"name":"wp","href":"https:\/\/api.w.org\/{rel}","templated":true}]}}