{"id":85,"date":"2008-05-21T13:31:30","date_gmt":"2008-05-21T18:31:30","guid":{"rendered":"https:\/\/eloficiodehistoriar.com.mx\/?p=85"},"modified":"2008-05-21T13:33:36","modified_gmt":"2008-05-21T18:33:36","slug":"taller-sobre-derechos-humanos","status":"publish","type":"post","link":"http:\/\/eloficiodehistoriar.com.mx\/?p=85","title":{"rendered":"Taller sobre Derechos Humanos"},"content":{"rendered":"<p><span style=\"color: black; font-family: Arial\">EL COMIT\u00c9 PROMOTOR DE <st1:personname ProductID=\"LA RED CONTRA\" w:st=\"on\">LA RED CONTRA<\/st1:personname> <st1:personname ProductID=\"LA REPRESI\u00d3N Y\" w:st=\"on\">LA REPRESI\u00d3N Y<\/st1:personname> POR LOS DERECHOS HUMANOS INVITA A PARTICIPAR EN EL\u00a0<\/span><\/p>\n<p><span style=\"color: black; font-family: Arial\"><\/span><\/p>\n<p><span style=\"color: black; font-family: Arial\"><\/span><\/p>\n<p><span style=\"color: black; font-family: Arial\"><o:p><\/o:p><\/span><span style=\"color: black; font-family: Arial\"><o:p>\u00a0<\/o:p><\/span><span style=\"color: black\"><strong><font face=\"Arial\">1ER. TALLER SOBRE LOS DERECHOS HUMANOS, MECANISMOS PARA SU DEFENSA Y SOBRE OBLIGACIONES DEL ESTADO<o:p><\/o:p><\/font><\/strong><\/span><span style=\"color: black; font-family: Arial\"><o:p><strong>\u00a0<\/strong><\/o:p><\/span><span style=\"color: black; font-family: Arial\"><o:p><\/o:p><\/span>\u00a0<span style=\"color: black; font-family: Arial\"><o:p><\/o:p><\/span>\u00a0<span style=\"color: black; font-family: Arial\"><o:p><\/o:p><\/span><span style=\"color: black; font-family: Arial\">Que impartir\u00e1 personal del departamento de educaci\u00f3n del Centro de Derechos Humanos \u201cMiguel Agust\u00edn Pro Ju\u00e1rez\u201d<o:p><\/o:p><\/span><strong><span style=\"color: black; font-family: Arial\"><o:p>\u00a0<\/o:p><\/span><\/strong><strong><span style=\"color: black; font-family: Arial\"><o:p><\/o:p><\/span><\/strong><span style=\"color: black; font-family: Arial\">CONTENIDOS:<\/span><span style=\"color: black; font-family: Arial\"><\/span><\/p>\n<p><span style=\"color: black; font-family: Arial\"><\/span><\/p>\n<p><span style=\"color: black; font-family: Arial\"><o:p><\/o:p><\/span><span style=\"color: black; font-family: Arial\"><span>1.<span style=\"font: 7pt 'Times New Roman'\">\u00a0\u00a0\u00a0\u00a0\u00a0 <\/span><\/span><\/span><span style=\"color: black; font-family: Arial\">La defensa integral de los derechos humanos<o:p><\/o:p><\/span><span style=\"color: black\"><span><font face=\"Times New Roman\">&#8211;<span style=\"font: 7pt 'Times New Roman'\">\u00a0\u00a0\u00a0\u00a0\u00a0\u00a0\u00a0\u00a0 <\/span><\/font><\/span><\/span><span style=\"color: black; font-family: Arial\">definiciones b\u00e1sicas de derechos humanos<o:p><\/o:p><\/span><span style=\"color: black\"><span><font face=\"Times New Roman\">&#8211;<span style=\"font: 7pt 'Times New Roman'\">\u00a0\u00a0\u00a0\u00a0\u00a0\u00a0\u00a0\u00a0 <\/span><\/font><\/span><\/span><span style=\"color: black; font-family: Arial\">obligaciones del estado en materia de derechos humanos<o:p><\/o:p><\/span><span style=\"color: black\"><span><font face=\"Times New Roman\">&#8211;<span style=\"font: 7pt 'Times New Roman'\">\u00a0\u00a0\u00a0\u00a0\u00a0\u00a0\u00a0\u00a0 <\/span><\/font><\/span><\/span><span style=\"color: black; font-family: Arial\">diagn\u00f3stico de la situaci\u00f3n de los derechos humanos en Quer\u00e9taro<\/span><span style=\"color: black; font-family: Arial\"><\/span><\/p>\n<p><span style=\"color: black; font-family: Arial\"><\/span><\/p>\n<p><span style=\"color: black; font-family: Arial\"><o:p><\/o:p><\/span><span style=\"color: black; font-family: Arial\" lang=\"ES-MX\"><span>2.<span style=\"font: 7pt 'Times New Roman'\">\u00a0\u00a0\u00a0\u00a0\u00a0 <\/span><\/span><\/span><span style=\"color: black; font-family: Arial\" lang=\"ES-MX\">El estado en la promoci\u00f3n y defensa de los derechos humanos<o:p><\/o:p><\/span><span style=\"color: black\" lang=\"ES-MX\"><span><font face=\"Times New Roman\">&#8211;<span style=\"font: 7pt 'Times New Roman'\">\u00a0\u00a0\u00a0\u00a0\u00a0\u00a0\u00a0\u00a0 <\/span><\/font><\/span><\/span><span style=\"color: black; font-family: Arial\" lang=\"ES-MX\">divisi\u00f3n de poderes<o:p><\/o:p><\/span><span style=\"color: black\"><span><font face=\"Times New Roman\">&#8211;<span style=\"font: 7pt 'Times New Roman'\">\u00a0\u00a0\u00a0\u00a0\u00a0\u00a0\u00a0\u00a0 <\/span><\/font><\/span><\/span><span style=\"color: black; font-family: Arial\" lang=\"ES-MX\">derechos de los derechos humanos<\/span><span style=\"color: black; font-family: Arial\" lang=\"ES-MX\"><\/span><\/p>\n<p><span style=\"color: black; font-family: Arial\" lang=\"ES-MX\"><\/span><\/p>\n<p><span style=\"color: black; font-family: Arial\" lang=\"ES-MX\"><\/span><span style=\"color: black; font-family: Arial\"><o:p><\/o:p><\/span><span style=\"color: black; font-family: Arial\"><span>3.<span style=\"font: 7pt 'Times New Roman'\">\u00a0\u00a0\u00a0\u00a0\u00a0 <\/span><\/span><\/span><span style=\"color: black; font-family: Arial\">C<\/span><span style=\"color: black; font-family: Arial\" lang=\"ES-MX\">onceptualizaci\u00f3n y pr\u00e1ctica de la defensa integral de los derechos humanos<\/span><span style=\"color: black; font-family: Arial\"><o:p><\/o:p><\/span><span style=\"color: black\"><span><font face=\"Times New Roman\">&#8211;<span style=\"font: 7pt 'Times New Roman'\">\u00a0\u00a0\u00a0\u00a0\u00a0\u00a0\u00a0\u00a0 <\/span><\/font><\/span><\/span><span style=\"color: black; font-family: Arial\">an\u00e1lisis de casos concretos<o:p><\/o:p><\/span><span style=\"font-size: 10pt; color: black; font-family: Arial\">DIRIGIDO <\/span><span style=\"font-size: 10pt; color: black; font-family: Arial\"><\/span><\/p>\n<p><span style=\"font-size: 10pt; color: black; font-family: Arial\"><\/span><\/p>\n<p><span style=\"font-size: 10pt; color: black; font-family: Arial\">A:<o:p><\/o:p><\/span><span style=\"font-size: 10pt; color: black\"><span><font face=\"Times New Roman\">&#8211;<span style=\"font: 7pt 'Times New Roman'\">\u00a0\u00a0\u00a0\u00a0\u00a0\u00a0\u00a0\u00a0\u00a0 <\/span><\/font><\/span><\/span><span style=\"font-size: 10pt; color: black; font-family: Arial\">miembros de organismos de la sociedad civil<o:p><\/o:p><\/span><span style=\"font-size: 10pt; color: black\"><span><font face=\"Times New Roman\">&#8211;<span style=\"font: 7pt 'Times New Roman'\">\u00a0\u00a0\u00a0\u00a0\u00a0\u00a0\u00a0\u00a0\u00a0 <\/span><\/font><\/span><\/span><span style=\"font-size: 10pt; color: black; font-family: Arial\">acad\u00e9micos y universitarios<o:p><\/o:p><\/span><span style=\"font-size: 10pt; color: black\"><span><font face=\"Times New Roman\">&#8211;<span style=\"font: 7pt 'Times New Roman'\">\u00a0\u00a0\u00a0\u00a0\u00a0\u00a0\u00a0\u00a0\u00a0 <\/span><\/font><\/span><\/span><span style=\"font-size: 10pt; color: black; font-family: Arial\">toda persona interesada en la defensa y promoci\u00f3n de los derechos humanos y el combate a la represi\u00f3n<\/span><span style=\"font-size: 10pt; color: black; font-family: Arial\"><\/span><\/p>\n<p><span style=\"font-size: 10pt; color: black; font-family: Arial\"><\/span><\/p>\n<p><span style=\"font-size: 10pt; color: black; font-family: Arial\"><o:p><\/o:p><\/span><span style=\"font-size: 10pt; color: black; font-family: Arial\">LUGAR Y FECHA:<o:p><\/o:p><\/span><span style=\"font-size: 10pt; color: black; font-family: Arial\">Sal\u00f3n 11 de <st1:personname ProductID=\"la Facultad\" w:st=\"on\">la Facultad<\/st1:personname> de Filosof\u00eda de <st1:personname ProductID=\"la UAQ\" w:st=\"on\">la UAQ<\/st1:personname> (16 de septiembre 57, centro, Quer\u00e9taro Qro.)<o:p><\/o:p><\/span><span style=\"font-size: 10pt; color: black; font-family: Arial\">30 de mayo de <st1:metricconverter ProductID=\"10 a\" w:st=\"on\">10 a<\/st1:metricconverter> 18 horas, y el 31 de mayo de <st1:metricconverter ProductID=\"10 a\" w:st=\"on\">10 a<\/st1:metricconverter> 14 horas<o:p><\/o:p><\/span><span style=\"font-size: 10pt; color: black; font-family: Arial\">Entrada libre<o:p><\/o:p><\/span><span style=\"font-size: 10pt; color: black; font-family: Arial\"><o:p>\u00a0<\/o:p><\/span><span style=\"font-size: 10pt; color: black; font-family: Arial\">M\u00e1s informes:\u00a0<span>\u00a0 <\/span><\/span><span style=\"font-size: 10pt; color: black; font-family: Arial\"><span><\/span><\/span><\/p>\n<p><span style=\"font-size: 10pt; color: black; font-family: Arial\"><span><\/span><\/span><\/p>\n<p><span style=\"font-size: 10pt; color: black; font-family: Arial\"><span><\/span>Bernardo Romero, <a href=\"mailto:foucault30@hotmail.com\"><span style=\"color: black\">foucault30@hotmail.com<\/span><\/a><o:p><\/o:p><\/span><span style=\"font-size: 10pt; color: black; font-family: Arial\"><span>\u00a0\u00a0\u00a0\u00a0\u00a0\u00a0\u00a0\u00a0\u00a0\u00a0\u00a0\u00a0\u00a0\u00a0\u00a0\u00a0\u00a0\u00a0\u00a0\u00a0\u00a0\u00a0\u00a0 <\/span>Ma. Carmen Berm\u00fadez, <\/span><span style=\"font-size: 8.5pt; color: black; font-family: Verdana\"><a href=\"mailto:bercarmen@hotmail.com\"><span style=\"color: black\">bercarmen@hotmail.com<\/span><\/a><o:p><\/o:p><\/span><span style=\"color: black\"><o:p><font face=\"Times New Roman\">\u00a0<\/font><\/o:p><\/span><\/p>\n","protected":false},"excerpt":{"rendered":"<p>EL COMIT\u00c9 PROMOTOR DE LA RED CONTRA LA REPRESI\u00d3N Y POR LOS DERECHOS HUMANOS INVITA A PARTICIPAR EN EL\u00a0 \u00a01ER. TALLER SOBRE LOS DERECHOS HUMANOS, MECANISMOS PARA SU DEFENSA Y SOBRE OBLIGACIONES DEL ESTADO\u00a0\u00a0\u00a0Que impartir\u00e1 personal del departamento de educaci\u00f3n del Centro de Derechos Humanos \u201cMiguel Agust\u00edn Pro Ju\u00e1rez\u201d\u00a0CONTENIDOS: 1.\u00a0\u00a0\u00a0\u00a0\u00a0 La defensa integral de los [&hellip;]<\/p>\n","protected":false},"author":249,"featured_media":0,"comment_status":"open","ping_status":"closed","sticky":false,"template":"","format":"standard","meta":{"footnotes":""},"categories":[26],"tags":[],"class_list":["post-85","post","type-post","status-publish","format-standard","hentry","category-mundo"],"_links":{"self":[{"href":"http:\/\/eloficiodehistoriar.com.mx\/index.php?rest_route=\/wp\/v2\/posts\/85","targetHints":{"allow":["GET"]}}],"collection":[{"href":"http:\/\/eloficiodehistoriar.com.mx\/index.php?rest_route=\/wp\/v2\/posts"}],"about":[{"href":"http:\/\/eloficiodehistoriar.com.mx\/index.php?rest_route=\/wp\/v2\/types\/post"}],"author":[{"embeddable":true,"href":"http:\/\/eloficiodehistoriar.com.mx\/index.php?rest_route=\/wp\/v2\/users\/249"}],"replies":[{"embeddable":true,"href":"http:\/\/eloficiodehistoriar.com.mx\/index.php?rest_route=%2Fwp%2Fv2%2Fcomments&post=85"}],"version-history":[{"count":0,"href":"http:\/\/eloficiodehistoriar.com.mx\/index.php?rest_route=\/wp\/v2\/posts\/85\/revisions"}],"wp:attachment":[{"href":"http:\/\/eloficiodehistoriar.com.mx\/index.php?rest_route=%2Fwp%2Fv2%2Fmedia&parent=85"}],"wp:term":[{"taxonomy":"category","embeddable":true,"href":"http:\/\/eloficiodehistoriar.com.mx\/index.php?rest_route=%2Fwp%2Fv2%2Fcategories&post=85"},{"taxonomy":"post_tag","embeddable":true,"href":"http:\/\/eloficiodehistoriar.com.mx\/index.php?rest_route=%2Fwp%2Fv2%2Ftags&post=85"}],"curies":[{"name":"wp","href":"https:\/\/api.w.org\/{rel}","templated":true}]}}