{"id":855,"date":"2008-07-30T19:38:34","date_gmt":"2008-07-31T00:38:34","guid":{"rendered":"https:\/\/eloficiodehistoriar.com.mx\/?p=855"},"modified":"2008-07-30T19:38:34","modified_gmt":"2008-07-31T00:38:34","slug":"mesoamerica-deja-sus-vestigios-en-san-juan-del-rio","status":"publish","type":"post","link":"http:\/\/eloficiodehistoriar.com.mx\/?p=855","title":{"rendered":"Mesoam\u00e9rica deja sus vestigios en San Juan Del R\u00edo&#8230;"},"content":{"rendered":"<p><a href=\"https:\/\/eloficiodehistoriar.com.mx\/wp-content\/uploads\/2008\/07\/escudo-pagina-054.jpg\" title=\"escudo-pagina-054.jpg\"><img decoding=\"async\" src=\"https:\/\/eloficiodehistoriar.com.mx\/wp-content\/uploads\/2008\/07\/escudo-pagina-054.thumbnail.jpg\" alt=\"escudo-pagina-054.jpg\" \/><\/a><a href=\"https:\/\/eloficiodehistoriar.com.mx\/wp-content\/uploads\/2008\/07\/escudo-pagina-053.jpg\" title=\"escudo-pagina-053.jpg\"><img decoding=\"async\" src=\"https:\/\/eloficiodehistoriar.com.mx\/wp-content\/uploads\/2008\/07\/escudo-pagina-053.thumbnail.jpg\" alt=\"escudo-pagina-053.jpg\" \/><\/a><a href=\"https:\/\/eloficiodehistoriar.com.mx\/wp-content\/uploads\/2008\/07\/escudo-pagina-051.jpg\" title=\"escudo-pagina-051.jpg\"><img decoding=\"async\" src=\"https:\/\/eloficiodehistoriar.com.mx\/wp-content\/uploads\/2008\/07\/escudo-pagina-051.thumbnail.jpg\" alt=\"escudo-pagina-051.jpg\" \/><\/a><\/p>\n<p>Zona arqueol\u00f3gica en San Juan del R\u00edo, esta es parte de la Pir\u00e1mide, que tiene cuatro sobreposiciones, marcando distintas \u00e9pocas\u00a0 e influencias culturales. Parte de esta zona fue destruida pa construir la Central camionera de la poblaci\u00f3n,\u00a0 para edificar un restaurante<\/p>\n<p>de comida r\u00e1pida y parte de la autopista que va de Quer\u00e9taro a M\u00e9xico.<\/p>\n","protected":false},"excerpt":{"rendered":"<p>Zona arqueol\u00f3gica en San Juan del R\u00edo, esta es parte de la Pir\u00e1mide, que tiene cuatro sobreposiciones, marcando distintas \u00e9pocas\u00a0 e influencias culturales. Parte de esta zona fue destruida pa construir la Central camionera de la poblaci\u00f3n,\u00a0 para edificar un restaurante de comida r\u00e1pida y parte de la autopista que va de Quer\u00e9taro a M\u00e9xico.<\/p>\n","protected":false},"author":249,"featured_media":0,"comment_status":"open","ping_status":"closed","sticky":false,"template":"","format":"standard","meta":{"footnotes":""},"categories":[11,7,6],"tags":[],"class_list":["post-855","post","type-post","status-publish","format-standard","hentry","category-fotografia","category-queretaro-pre-hispanico","category-valles-centrales"],"_links":{"self":[{"href":"http:\/\/eloficiodehistoriar.com.mx\/index.php?rest_route=\/wp\/v2\/posts\/855","targetHints":{"allow":["GET"]}}],"collection":[{"href":"http:\/\/eloficiodehistoriar.com.mx\/index.php?rest_route=\/wp\/v2\/posts"}],"about":[{"href":"http:\/\/eloficiodehistoriar.com.mx\/index.php?rest_route=\/wp\/v2\/types\/post"}],"author":[{"embeddable":true,"href":"http:\/\/eloficiodehistoriar.com.mx\/index.php?rest_route=\/wp\/v2\/users\/249"}],"replies":[{"embeddable":true,"href":"http:\/\/eloficiodehistoriar.com.mx\/index.php?rest_route=%2Fwp%2Fv2%2Fcomments&post=855"}],"version-history":[{"count":0,"href":"http:\/\/eloficiodehistoriar.com.mx\/index.php?rest_route=\/wp\/v2\/posts\/855\/revisions"}],"wp:attachment":[{"href":"http:\/\/eloficiodehistoriar.com.mx\/index.php?rest_route=%2Fwp%2Fv2%2Fmedia&parent=855"}],"wp:term":[{"taxonomy":"category","embeddable":true,"href":"http:\/\/eloficiodehistoriar.com.mx\/index.php?rest_route=%2Fwp%2Fv2%2Fcategories&post=855"},{"taxonomy":"post_tag","embeddable":true,"href":"http:\/\/eloficiodehistoriar.com.mx\/index.php?rest_route=%2Fwp%2Fv2%2Ftags&post=855"}],"curies":[{"name":"wp","href":"https:\/\/api.w.org\/{rel}","templated":true}]}}