{"id":859,"date":"2008-07-30T20:10:20","date_gmt":"2008-07-31T01:10:20","guid":{"rendered":"https:\/\/eloficiodehistoriar.com.mx\/?p=859"},"modified":"2008-07-30T20:10:20","modified_gmt":"2008-07-31T01:10:20","slug":"zona-arqueologica-de-el-cerrito","status":"publish","type":"post","link":"http:\/\/eloficiodehistoriar.com.mx\/?p=859","title":{"rendered":"Zona arqueol\u00f3gica de \u00abEl Cerrito\u00bb&#8230;"},"content":{"rendered":"<p><a href=\"https:\/\/eloficiodehistoriar.com.mx\/wp-content\/uploads\/2008\/07\/escudo-pagina-078.jpg\" title=\"escudo-pagina-078.jpg\"><img decoding=\"async\" src=\"https:\/\/eloficiodehistoriar.com.mx\/wp-content\/uploads\/2008\/07\/escudo-pagina-078.thumbnail.jpg\" alt=\"escudo-pagina-078.jpg\" \/><\/a><a href=\"https:\/\/eloficiodehistoriar.com.mx\/wp-content\/uploads\/2008\/07\/escudo-pagina-077.jpg\" title=\"escudo-pagina-077.jpg\"><img decoding=\"async\" src=\"https:\/\/eloficiodehistoriar.com.mx\/wp-content\/uploads\/2008\/07\/escudo-pagina-077.thumbnail.jpg\" alt=\"escudo-pagina-077.jpg\" \/><\/a><\/p>\n<p>La zona arqueol\u00f3gica conocida como \u00abEl Cerrito\u00bb a ocho kilometros del centro de la ciudad de Quer\u00e9taro en 1991, antes de ser descubierta y donde se n ota una construcci\u00f3n hecha a fines del siglo XlX donde los propietarios de la Hacienda del Cerrito, que destruy\u00f3 la cima de la pir\u00e1mide, que ha dado tantas gratas sorpresas a los estudiosos.<\/p>\n<p>Gran parte de la zona arqueol\u00f3gica ha sido destruida por los habitantes de la regi\u00f3n y saqueada, como hago constar desde la llegada de los espa\u00f1oles\u00a0en el libro; \u00abEl Pueblito dos santuarios\u00bb, I T Q 1991.<\/p>\n","protected":false},"excerpt":{"rendered":"<p>La zona arqueol\u00f3gica conocida como \u00abEl Cerrito\u00bb a ocho kilometros del centro de la ciudad de Quer\u00e9taro en 1991, antes de ser descubierta y donde se n ota una construcci\u00f3n hecha a fines del siglo XlX donde los propietarios de la Hacienda del Cerrito, que destruy\u00f3 la cima de la pir\u00e1mide, que ha dado tantas [&hellip;]<\/p>\n","protected":false},"author":249,"featured_media":0,"comment_status":"open","ping_status":"closed","sticky":false,"template":"","format":"standard","meta":{"footnotes":""},"categories":[8,11,7,6],"tags":[],"class_list":["post-859","post","type-post","status-publish","format-standard","hentry","category-ciudad-de-queretaro","category-fotografia","category-queretaro-pre-hispanico","category-valles-centrales"],"_links":{"self":[{"href":"http:\/\/eloficiodehistoriar.com.mx\/index.php?rest_route=\/wp\/v2\/posts\/859","targetHints":{"allow":["GET"]}}],"collection":[{"href":"http:\/\/eloficiodehistoriar.com.mx\/index.php?rest_route=\/wp\/v2\/posts"}],"about":[{"href":"http:\/\/eloficiodehistoriar.com.mx\/index.php?rest_route=\/wp\/v2\/types\/post"}],"author":[{"embeddable":true,"href":"http:\/\/eloficiodehistoriar.com.mx\/index.php?rest_route=\/wp\/v2\/users\/249"}],"replies":[{"embeddable":true,"href":"http:\/\/eloficiodehistoriar.com.mx\/index.php?rest_route=%2Fwp%2Fv2%2Fcomments&post=859"}],"version-history":[{"count":0,"href":"http:\/\/eloficiodehistoriar.com.mx\/index.php?rest_route=\/wp\/v2\/posts\/859\/revisions"}],"wp:attachment":[{"href":"http:\/\/eloficiodehistoriar.com.mx\/index.php?rest_route=%2Fwp%2Fv2%2Fmedia&parent=859"}],"wp:term":[{"taxonomy":"category","embeddable":true,"href":"http:\/\/eloficiodehistoriar.com.mx\/index.php?rest_route=%2Fwp%2Fv2%2Fcategories&post=859"},{"taxonomy":"post_tag","embeddable":true,"href":"http:\/\/eloficiodehistoriar.com.mx\/index.php?rest_route=%2Fwp%2Fv2%2Ftags&post=859"}],"curies":[{"name":"wp","href":"https:\/\/api.w.org\/{rel}","templated":true}]}}