{"id":86,"date":"2008-05-21T17:03:36","date_gmt":"2008-05-21T22:03:36","guid":{"rendered":"https:\/\/eloficiodehistoriar.com.mx\/?p=86"},"modified":"2008-05-21T17:03:36","modified_gmt":"2008-05-21T22:03:36","slug":"oficio-de-tinieblas-y-rosario-castellanos","status":"publish","type":"post","link":"http:\/\/eloficiodehistoriar.com.mx\/?p=86","title":{"rendered":"Oficio de Tinieblas y Rosario Castellanos"},"content":{"rendered":"<p><span style=\"font-size: 13.5pt; font-family: Arial\"><\/p>\n<p><\/span><strong><span style=\"font-size: 20pt; font-family: Arial\">Oficio de Tinieblas y Rosario Castellanos<o:p><\/o:p><\/span><\/strong><\/p>\n<p style=\"text-align: justify\"><span style=\"font-family: Arial\">Francisco Rojas, Bruno Traven y Ricardo Pozas, este \u00faltimo destacado antrop\u00f3logo queretano, son representantes del indigenismo, que inaugura el veracruzano, Gonzalo Aguirre Beltr\u00e1n. <\/span><\/p>\n<p><span style=\"font-family: Arial\"><o:p><\/o:p><\/span>\u00a0<\/p>\n<p style=\"text-align: justify\"><span style=\"font-family: Arial\">La narrativa indigenista est\u00e1<span>\u00a0 <\/span>centrada en el enfrentamiento entre la cultura mesoamericana y la cultura occidental. <\/span><\/p>\n<p><span style=\"font-family: Arial\"><o:p><\/o:p><\/span>\u00a0<\/p>\n<p style=\"text-align: justify\"><span style=\"font-family: Arial\">Mientras en <span>\u00a0<\/span>Alemania se constru\u00eda el Muro de Berl\u00edn y la canci\u00f3n \u201cLa respuesta est\u00e1 en el viento\u2026\u201d de Bob Dylan, recorr\u00eda el mundo, en M\u00e9xico Rosario Castellanos publicaba su segunda novela \u201cOficio de tinieblas\u201d, era 1962.<\/span><\/p>\n<p><span style=\"font-family: Arial\"><o:p><\/o:p><\/span>\u00a0<span style=\"font-family: Arial\">Cuando la<span>\u00a0 <\/span>novela cae en mis manos, me transforma, San Crist\u00f3bal De Las Casas, se me aparece, lo mismo que P\u00e1tzcuaro y se vuelven una obsesi\u00f3n, donde la lectura, la arquitectura,<span>\u00a0 <\/span>sus habitantes me dicen algo sobre el M\u00e9xico Profundo, que no conoc\u00eda, pero si intu\u00eda. <o:p><\/o:p><\/span><\/p>\n<p style=\"text-align: justify\"><span style=\"font-family: Arial\">Esta obra recrea el conflicto que se da entre los ind\u00edgenas tzotziles y los ladinos o coletos, en aquel Viernes Santo de 1868, cuando un numeroso grupo de chamulas que acud\u00edan a una peregrinaci\u00f3n al pueblo de Tzajalhemel, crucificaron al ni\u00f1o Checheb para sustituir con la ejemplaridad de ese Cristo nativo, <span>\u00a0<\/span>la devoci\u00f3n por Jes\u00fas.<\/span><\/p>\n<p><span style=\"font-family: Arial\"><o:p><\/o:p><\/span>\u00a0<\/p>\n<p style=\"text-align: justify\"><span style=\"font-family: Arial\">Este hecho, aunado a otros, desencaden\u00f3 un conflicto, en donde miles de ind\u00edgenas se enfrentaron al gobierno chiapaneco, para exigir la liberaci\u00f3n de los intelectuales ind\u00edgenas de aquel acontecimiento. Fue <st1:personname ProductID=\"la Guerra\" w:st=\"on\">la Guerra<\/st1:personname> de Castas chiapaneca.<\/span><\/p>\n<p><span style=\"font-family: Arial\"><strong><o:p><\/o:p><\/strong><\/span>\u00a0<\/p>\n<p style=\"text-align: justify\"><strong><em><span style=\"font-family: Arial\">Bal\u00fan Can\u00e1n<\/span><\/em><\/strong><strong><span style=\"font-family: Arial\">, fue su primera novela, lleva ya un gran n\u00famero de ediciones y ha sido traducida a muchas lenguas. Esta novela junto con <em>Ciudad real<\/em>, su primer libro de cuentos, y <em>Oficio de tinieblas<\/em>, su segunda novela, forman la trilog\u00eda indigenista m\u00e1s importante de la narrativa mexicana de este siglo.<\/span><\/strong><\/p>\n<p><strong><span style=\"font-family: Arial\"><o:p><\/o:p><\/span><\/strong>\u00a0<\/p>\n<p style=\"margin: 0cm 0cm 0pt; text-align: justify\" class=\"MsoNormal\"><span style=\"font-family: Arial\">Sobre <strong>OFICIO DE TINIEBLAS<\/strong>, la novela de importante vigencia en el M\u00e9xico de hoy, ha dicho su autora Rosario Castellanos:<\/span><\/p>\n<p><span style=\"font-family: Arial\"><o:p><\/o:p><\/span>\u00a0<span style=\"font-family: Arial\"><o:p>\u00a0<\/o:p><\/span><\/p>\n<p style=\"margin: 0cm 0cm 0pt; text-align: justify\" class=\"MsoNormal\"><em><span style=\"font-family: Arial\">\u00a0 \u00abest\u00e1 basada en un hecho hist\u00f3rico: el levantamiento de los indios chamulas, en San Crist\u00f3bal, en 1867.<\/span><\/em><\/p>\n<p><em><span style=\"font-family: Arial\"><o:p><\/o:p><\/span><\/em>\u00a0<em><span style=\"font-family: Arial\"><o:p>\u00a0<\/o:p><\/span><\/em><\/p>\n<p style=\"margin: 0cm 0cm 0pt; text-align: justify\" class=\"MsoNormal\"><em><span style=\"font-family: Arial\">Este hecho culmin\u00f3 con la crucifixi\u00f3n de uno de estos indios al que proclamaron los amotinados como el Cristo Ind\u00edgena.<\/span><\/em><\/p>\n<p><em><span style=\"font-family: Arial\"><o:p><\/o:p><\/span><\/em>\u00a0<em><span style=\"font-family: Arial\"><o:p>\u00a0<\/o:p><\/span><\/em><\/p>\n<p style=\"margin: 0cm 0cm 0pt; text-align: justify\" class=\"MsoNormal\"><em><span style=\"font-family: Arial\">Por un momento, y por ese hecho, los chamulas se sintieron iguales a los blancos.<\/span><\/em><\/p>\n<p><em><span style=\"font-family: Arial\"><o:p><\/o:p><\/span><\/em>\u00a0<em><span style=\"font-family: Arial\"><o:p>\u00a0<\/o:p><\/span><\/em><\/p>\n<p style=\"margin: 0cm 0cm 0pt; text-align: justify\" class=\"MsoNormal\"><em><span style=\"font-family: Arial\">En los testimonios que pude recoger se resiente, como es l\u00f3gico, el partidismo m\u00e1s o menos ingenuo.<\/span><\/em><\/p>\n<p><em><span style=\"font-family: Arial\"><o:p><\/o:p><\/span><\/em>\u00a0<em><span style=\"font-family: Arial\"><o:p>\u00a0<\/o:p><\/span><\/em><\/p>\n<p style=\"margin: 0cm 0cm 0pt; text-align: justify\" class=\"MsoNormal\"><em><span style=\"font-family: Arial\">Intent\u00e9 penetrar en las circunstancias, entender los m\u00f3viles y captar la psicolog\u00eda de los personajes que intervinieron en estos acontecimientos.<\/span><\/em><\/p>\n<p><em><span style=\"font-family: Arial\"><o:p><\/o:p><\/span><\/em>\u00a0<em><span style=\"font-family: Arial\"><o:p>\u00a0<\/o:p><\/span><\/em><\/p>\n<p style=\"margin: 0cm 0cm 0pt; text-align: justify\" class=\"MsoNormal\"><em><span style=\"font-family: Arial\">A medida que avanzaba, me di cuenta que la l\u00f3gica hist\u00f3rica es absolutamente distinta de la l\u00f3gica literaria; abandon\u00e9 poco a poco el suceso real.<\/span><\/em><\/p>\n<p><em><span style=\"font-family: Arial\"><o:p><\/o:p><\/span><\/em>\u00a0<em><span style=\"font-family: Arial\"><o:p>\u00a0<\/o:p><\/span><\/em><\/p>\n<p style=\"margin: 0cm 0cm 0pt; text-align: justify\" class=\"MsoNormal\"><em><span style=\"font-family: Arial\">Lo traslad\u00e9 de tiempo, a un tiempo que conoc\u00eda mejor, la \u00e9poca de C\u00e1rdenas, momento en el que, seg\u00fan todas las apariencias, va a efectuarse la reforma agraria en Chiapas.<\/span><\/em><\/p>\n<p><em><span style=\"font-family: Arial\"><o:p><\/o:p><\/span><\/em>\u00a0<em><span style=\"font-family: Arial\"><o:p>\u00a0<\/o:p><\/span><\/em><\/p>\n<p style=\"margin: 0cm 0cm 0pt; text-align: justify\" class=\"MsoNormal\"><em><span style=\"font-family: Arial\">Este hecho produce malestar entre los que poseen la tierra y los que aspiran a poseerla: entre los blancos y\u00a0 los indios.\u00bb <\/span><\/em><\/p>\n<p><em><span style=\"font-family: Arial\"><o:p><\/o:p><\/span><\/em>\u00a0<\/p>\n<p style=\"text-align: justify\"><strong><span style=\"font-family: Arial\">La obra literaria de Rosario Castellanos se inicia en 1948 con la publicaci\u00f3n de su obra po\u00e9tica Trayectoria del polvo. En 1957 publica su primera novela Bal\u00fan Can\u00e1n y en 1962 su segunda novela \u00abOficio de Tinieblas\u00bb. Posteriormente inicia su etapa cuent\u00edstica y ensay\u00edstica con su obra Ciudad Real.<\/span><\/strong><\/p>\n<p><strong><span style=\"font-family: Arial\"><o:p><\/o:p><\/span><\/strong>\u00a0<\/p>\n<p style=\"text-align: justify\"><span style=\"font-family: Arial\">Tanto Bal\u00fan Can\u00e1n como Oficio de Tinieblas compiten literariamente en el contexto internacional con lo mejor de la literatura sovi\u00e9tica de Mayakowski, Pasternak y Solyenitzin.<\/span><\/p>\n<p><span style=\"font-family: Arial\"><o:p><\/o:p><\/span>\u00a0<span style=\"font-family: Arial\">Los Convidados de Agosto, \u00c1lbum de Familia y Mujer que sabe lat\u00edn. Su obra literaria la hizo merecer los siguientes premios:<o:p><\/o:p><\/span><\/p>\n<p style=\"text-align: justify\"><span style=\"font-family: Arial\">Premio Chiapas 1958, por Bal\u00fan Can\u00e1n. Premio Xavier Villaurrutia por Ciudad Real.<\/span><\/p>\n<p><span style=\"font-family: Arial\"><o:p><\/o:p><\/span>\u00a0<\/p>\n<p style=\"text-align: justify\"><strong><span style=\"font-family: Arial\">En 1962 su libro Oficio de tinieblas, <span>\u00a0<\/span>obtuvo el premio Sor Juana In\u00e9s de <st1:personname ProductID=\"la Cruz. Premio\" w:st=\"on\">la Cruz. Premio<\/st1:personname> Carlos Trouyet de Letras, 1967. Premio El\u00edas Sourasky de Letras, 1972. <\/span><\/strong><\/p>\n<p><strong><span style=\"font-family: Arial\"><o:p><\/o:p><\/span><\/strong>\u00a0<\/p>\n<p style=\"text-align: justify\"><span style=\"font-family: Arial\">Para entender la obra de Rosario Castellanos, <span>\u00a0<\/span>hay que explicar y trazar las coordenadas del contexto social, hist\u00f3rico, pol\u00edtico y art\u00edstico en que se desarrollan su vida y su obra. <\/span><\/p>\n<p><span style=\"font-family: Arial\"><o:p><\/o:p><\/span>\u00a0<\/p>\n<p style=\"text-align: justify\"><span style=\"font-family: Arial\">Rosario proviene de una familia pudiente de la ciudad de Comit\u00e1n, situada al sur del estado de Chiapas, muy cerca de la frontera con Guatemala. Es una familia de terratenientes y de no muy buenas referencias entre los indios tojolabales y tzeltales. <\/span><\/p>\n<p><span style=\"font-family: Arial\"><o:p><\/o:p><\/span>\u00a0<\/p>\n<p style=\"text-align: justify\"><span style=\"font-family: Arial\">Es la cl\u00e1sica familia finquera, que deja sentir su presencia en las regiones chiapanecas de los altos y de las ca\u00f1adas, desde mediados del siglo pasado. Hoy, para los que conocen esa zona, pueden encontrar en la tradici\u00f3n oral, voces de desprecio entre los indios hacia do\u00f1a \u00abChayota\u00bb Castellanos, la abuela de Rosario, la matrona implacable de la familia Castellanos en la regi\u00f3n, y que actualmente tiene su exponente a trav\u00e9s de la figura de otro personaje de la familia: el general Absal\u00f3n Castellanos Dom\u00ednguez, ex gobernador chiapaneco, secuestrado y liberado por el Ej\u00e9rcito Zapatista de Liberaci\u00f3n Nacional, en 1994. Esa era la prosapia de Rosario. <\/span><\/p>\n<p><span style=\"font-family: Arial\"><o:p><\/o:p><\/span>\u00a0<\/p>\n<p style=\"text-align: justify\"><span style=\"font-family: Arial\">Sin embargo, Rosario Castellanos, es la parte creativa, humana, femenina, cr\u00edtica y sensible, que logr\u00f3 con su obra, sus ideas y acciones, trascender el peso de su familia en Chiapas. <\/span><\/p>\n<p><span style=\"font-family: Arial\"><o:p><\/o:p><\/span>\u00a0<\/p>\n<p style=\"text-align: justify\"><span style=\"font-family: Arial\">Naci\u00f3 Rosario Castellanos en la ciudad de M\u00e9xico, el 25 de mayo de 1925, y muri\u00f3 en Tel Aviv, Israel, el 7 de agosto de 1974.<\/span><\/p>\n<p><span style=\"font-family: Arial\"><o:p><\/o:p><\/span>\u00a0<\/p>\n<p style=\"text-align: justify\"><span style=\"font-family: Arial\">Reci\u00e9n nacida fue llevada a Comit\u00e1n, Chiapas, la tierra de sus mayores.<\/span><\/p>\n<p><span style=\"font-family: Arial\"><o:p><\/o:p><\/span>\u00a0<\/p>\n<p style=\"text-align: justify\"><span style=\"font-family: Arial\">Ah\u00ed hizo sus estudios primarios y dos de secundaria.<\/span><\/p>\n<p><span style=\"font-family: Arial\"><o:p><\/o:p><\/span>\u00a0<\/p>\n<p style=\"text-align: justify\"><span style=\"font-family: Arial\">Regres\u00f3 a la capital a los diecis\u00e9is a\u00f1os. Se gradu\u00f3 de maestra en filosof\u00eda en <st1:personname ProductID=\"la Universidad Nacional\" w:st=\"on\">la Universidad Nacional<\/st1:personname> Aut\u00f3noma de M\u00e9xico, en 1950; m\u00e1s tarde, en <st1:personname ProductID=\"la Universidad\" w:st=\"on\">la Universidad<\/st1:personname> de Madrid, llev\u00f3 cursos de est\u00e9tica y estil\u00edstica.<\/span><\/p>\n<p><span style=\"font-family: Arial\"><o:p><\/o:p><\/span>\u00a0<\/p>\n<p style=\"text-align: justify\"><span style=\"font-family: Arial\">A su regreso a M\u00e9xico fue promotora de cultura en el Instituto de Ciencias y Artes de Chiapas, en Tuxtla Guti\u00e9rrez (1952). De <st1:metricconverter ProductID=\"1954 a\" w:st=\"on\">1954 a<\/st1:metricconverter> 1955, con la beca Rockefeller escribi\u00f3 poes\u00eda y ensayo.<\/span><\/p>\n<p><span style=\"font-family: Arial\"><o:p><\/o:p><\/span>\u00a0<\/p>\n<p style=\"text-align: justify\"><span style=\"font-family: Arial\">De <st1:metricconverter ProductID=\"1956 a\" w:st=\"on\">1956 a<\/st1:metricconverter> 1957, trabaj\u00f3 en el Centro Coordinador del Instituto Indigenista de San Crist\u00f3bal las Casas, en Chiapas; en el Indigenista de M\u00e9xico, de <st1:metricconverter ProductID=\"1958 a\" w:st=\"on\">1958 a<\/st1:metricconverter> 1961, fue redactora de textos escolares.<\/span><\/p>\n<p><span style=\"font-family: Arial\"><o:p><\/o:p><\/span>\u00a0<span style=\"font-family: Arial\">De <st1:metricconverter ProductID=\"1961 a\" w:st=\"on\">1961 a<\/st1:metricconverter> 1966 desempe\u00f1\u00f3 la jefatura de Informaci\u00f3n y Prensa en <st1:personname ProductID=\"la UNAM\" w:st=\"on\">la UNAM<\/st1:personname>, bajo el rectorado del doctor Ignacio Ch\u00e1vez, e imparti\u00f3 las c\u00e1tedras de literatura comparada, novela contempor\u00e1nea y seminario de cr\u00edtica en <st1:personname ProductID=\"la Facultad\" w:st=\"on\">la Facultad<\/st1:personname> de Filosof\u00eda y Letras de la misma Universidad, de <st1:metricconverter ProductID=\"1961 a\" w:st=\"on\">1961 a<\/st1:metricconverter> 1971.<o:p><\/o:p><\/span><\/p>\n<p style=\"text-align: justify\">&nbsp;<\/p>\n<p><span style=\"font-family: Arial\">Ejerci\u00f3 con gran \u00e9xito el magisterio, en M\u00e9xico y en el extranjero; en los Estados Unidos como maestra invitada por las Universidades de Wisconsin y Bloomington, los a\u00f1os de 1966 y 1967, y en Israel, en <st1:personname ProductID=\"la Universidad Hebrea\" w:st=\"on\">la Universidad Hebrea<\/st1:personname> de Jerusal\u00e9n, desde su nombramiento como embajadora de M\u00e9xico en ese pa\u00eds, en 1971, hasta su muerte.<o:p><\/o:p><\/span><\/p>\n<p style=\"text-align: justify\">&nbsp;<\/p>\n<p style=\"text-align: justify\"><span style=\"font-family: Arial\">Rosario Castellanos cultiv\u00f3 todos los g\u00e9neros, especialmente la poes\u00eda, la narrativa y el ensayo; colabor\u00f3 con cuentos, poemas, cr\u00edtica literaria y art\u00edculos de diversa \u00edndole en los suplementos culturales de los principales diarios del pa\u00eds y en revistas especializadas de M\u00e9xico y del extranjero.<\/span><\/p>\n<p><span style=\"font-family: Arial\"><o:p><\/o:p><\/span>\u00a0<span style=\"font-family: Arial\">En <em>Exc\u00e9lsior<\/em> colabor\u00f3 asiduamente en su p\u00e1gina editorial, desde 1963 hasta 1974.<o:p><\/o:p><\/span><\/p>\n<p style=\"text-align: justify\"><span style=\"font-family: Arial\">Se inici\u00f3 en la literatura como poeta; desde 1948 hasta 1957 s\u00f3lo public\u00f3 poes\u00eda.<\/span><\/p>\n<p><span style=\"font-family: Arial\"><o:p><\/o:p><\/span>\u00a0<em><span style=\"font-family: Arial\">Los convidados de agosto<\/span><\/em><span style=\"font-family: Arial\">, su segundo libro de relatos, recrea los prejuicios de la clase media provinciana de su estado natal, y <em>\u00c1lbum de familia<\/em>, el tercero y \u00faltimo, los de la clase media urbana.<o:p><\/o:p><\/span><\/p>\n<p style=\"text-align: justify\">&nbsp;<\/p>\n<p style=\"text-align: justify\"><span style=\"font-family: Arial\">En 1972, Rosario Castellanos reuni\u00f3 su obra po\u00e9tica en el volumen intitulado <em>Poes\u00eda no eres t\u00fa<\/em>. Desde 1950, a\u00f1o en que public\u00f3 su tesis <em>Sobre cultura femenina<\/em>, la escritora no dej\u00f3 nunca de incursionar en el ensayo.<\/span><\/p>\n<p><span style=\"font-family: Arial\"><o:p><\/o:p><\/span>\u00a0<\/p>\n<p style=\"text-align: justify\"><span style=\"font-family: Arial\">En vida public\u00f3 cinco vol\u00famenes y p\u00f3stumamente otros dos. De toda su obra, incluyendo su \u00fanico volumen de teatro, <em>El eterno femenino<\/em>, se desprende una clara consciencia del problema que significa, para su autora, la doble condici\u00f3n de ser mujer y mexicana.<\/span><\/p>\n<p><span style=\"font-family: Arial\"><o:p><\/o:p><\/span>\u00a0<\/p>\n<p style=\"text-align: justify\"><span style=\"font-family: Arial\">Directora de un grupo de teatro tzeltal-tzotzil, secretaria del PEN Club.<span>\u00a0 <\/span><\/span><\/p>\n<p><span style=\"font-family: Arial\"><span><\/span><o:p><\/o:p><\/span>\u00a0<\/p>\n<p style=\"text-align: justify\"><span style=\"font-family: Arial\">La obra de esta mujer, digna de homenaje, est\u00e1 enmarcada hist\u00f3ricamente: <\/span><\/p>\n<p><span style=\"font-family: Arial\"><o:p><\/o:p><\/span>\u00a0<span style=\"font-family: Arial\">Por un lado, tenemos el entorno tradicional de una familia caciquil en el campo mexicano, de larga tradici\u00f3n dentro del sistema pol\u00edtico en nuestro pa\u00eds.<o:p><\/o:p><\/span><\/p>\n<p style=\"text-align: justify\">&nbsp;<\/p>\n<p style=\"text-align: justify\"><span style=\"font-family: Arial\">Tenemos un contexto internacional marcado por <st1:personname ProductID=\"la Guerra Fr?a\" w:st=\"on\">la Guerra Fr\u00eda<\/st1:personname>, que va de la guerra de Corea hasta la guerra del Yom Kipur, entre Israel, Egipto y Siria.<\/span><\/p>\n<p><span style=\"font-family: Arial\"><o:p><\/o:p><\/span>\u00a0<\/p>\n<p style=\"text-align: justify\"><span style=\"font-family: Arial\">En otras palabras, Rosario Castellanos y su obra se desarrollan en un tiempo de conflictos mundiales y de ideolog\u00edas radicalizadas.<\/span><\/p>\n<p><span style=\"font-family: Arial\"><o:p><\/o:p><\/span>\u00a0<\/p>\n<p style=\"text-align: justify\"><span style=\"font-family: Arial\">La lucha entre Oriente y Occidente, entre el comunismo y el capitalismo, entre <st1:personname ProductID=\"la Uni?n Sovi?tica\" w:st=\"on\">la Uni\u00f3n Sovi\u00e9tica<\/st1:personname> y los Estados Unidos, y los problemas irresueltos de etnicidad y territorialidad en el Medio Oriente. <\/span><\/p>\n<p><span style=\"font-family: Arial\"><o:p><\/o:p><\/span>\u00a0<span style=\"font-family: Arial\">Fueron los a\u00f1os cincuentas, de persecuci\u00f3n macartista, en donde podemos entender en la novela de Rosario Castellanos, <strong>Oficio de tinieblas<\/strong>, aquella referencia al maestro \u201cFernando\u201d, cuando lo atacaban de \u00abcomunista\u00bb por el sentido de sus cursos de civismo. \u00ab.<o:p><\/o:p><\/span><\/p>\n<p style=\"text-align: justify\">&nbsp;<\/p>\n<p style=\"text-align: justify\"><span style=\"font-family: Arial\">Para la mayor\u00eda, el vocablo comunista carec\u00eda de significaci\u00f3n, pero sonaba en sus o\u00eddos como el anuncio de algo siniestro y amenazador, encarnado en este hombre de quien nadie sab\u00eda su historia\u00bb. <\/span><\/p>\n<p><span style=\"font-family: Arial\"><o:p><\/o:p><\/span>\u00a0<\/p>\n<p style=\"text-align: justify\"><span style=\"font-family: Arial\">La obra de Rosario Castellanos tiene un precedente de gran peso, un peso masculino.<\/span><\/p>\n<p><span style=\"font-family: Arial\"><o:p><\/o:p><\/span>\u00a0<\/p>\n<p style=\"text-align: justify\"><span style=\"font-family: Arial\">Apenas tres a\u00f1os antes de la publicaci\u00f3n de Bal\u00fan Can\u00e1n, el Premio N\u00f3bel de Literatura se le hab\u00eda otorgado al mejor exponente del estilo viril, el del hombre, su soledad y la aventura, al escritor norteamericano Ernest Hemingway, el estoico y el constante conflictivo ante la muerte.<\/span><\/p>\n<p><span style=\"font-family: Arial\"><o:p><\/o:p><\/span>\u00a0<span style=\"font-family: Arial\">Evidentemente eran los tiempos donde la literatura segu\u00eda signada por la obra masculina. <o:p><\/o:p><\/span><\/p>\n<p style=\"text-align: justify\"><span style=\"font-family: Arial\">La obra de Rosario, dentro de estas coordenadas hist\u00f3ricas, tambi\u00e9n est\u00e1 contextualizada por la obra gubernativa de Adolfo Ruiz Cortinez, aquel presidente que concedi\u00f3 el derecho al voto de la mujer, y por la puesta en circulaci\u00f3n, en 1960, de la p\u00edldora anticonceptiva.<\/span><\/p>\n<p><span style=\"font-family: Arial\"><o:p><\/o:p><\/span>\u00a0<\/p>\n<p style=\"text-align: justify\"><span style=\"font-family: Arial\">Bal\u00fan Can\u00e1n nace en 1957 cuando el cineasta japon\u00e9s Akira Kurozawa termina su m\u00e1xima obra, Los Siete Samurais, y nace tambi\u00e9n cuando en \u00c1frica se inicia un movimiento de independencia generalizada ante la presencia europea.<\/span><\/p>\n<p><span style=\"font-family: Arial\"><o:p><\/o:p><\/span>\u00a0<\/p>\n<p style=\"text-align: justify\"><span style=\"font-family: Arial\">Bal\u00fan Can\u00e1n, la primera novela de Rosario Castellanos, convive con la presencia pl\u00e1stica de David Alfaro Siqueiros, aquel pintor y muralista que dec\u00eda que no existe arte sin contenido ideol\u00f3gico. <\/span><\/p>\n<p><span style=\"font-family: Arial\"><o:p><\/o:p><\/span>\u00a0<span style=\"font-family: Arial\">Bal\u00fan Can\u00e1n, que significa \u00abnueve estrellas\u00bb, novela que recrea el campo ind\u00edgena de Chiapas durante el cardenismo, conoce en el momento de su publicaci\u00f3n la exploraci\u00f3n del espacio con el Sputnik que lanza <st1:personname ProductID=\"la Uni?n Sovi?tica.\" w:st=\"on\">la Uni\u00f3n Sovi\u00e9tica.<\/st1:personname><o:p><\/o:p><\/span><\/p>\n<p style=\"text-align: justify\"><span style=\"font-family: Arial\">Bal\u00fan Can\u00e1n no es ajeno en tiempo a Erich Fromm y su conocida obra \u00abEl Arte de Amar\u00bb, aquel psicoanalista antifreudiano que defend\u00eda la libertad del hombre frente a s\u00ed mismo y frente a la sociedad. <\/span><\/p>\n<p><span style=\"font-family: Arial\"><o:p><\/o:p><\/span>\u00a0<\/p>\n<p style=\"text-align: justify\"><span style=\"font-family: Arial\">Bal\u00fan Can\u00e1n, la primera obra novel\u00edstica de Rosario, era, parad\u00f3jicamente, de las \u00faltimas obras literarias indigenistas que se produc\u00edan en M\u00e9xico, y que iniciara en 1935 Gustavo L\u00f3pez y Fuentes con la obra El indio, una obra que resaltaba la documentaci\u00f3n de usos y costumbres de la vida del nativo y la recuperaci\u00f3n del indio instrumentalizado, m\u00e1s con fines pol\u00edticos que la denuncia de la opresi\u00f3n. <\/span><\/p>\n<p><span style=\"font-family: Arial\"><o:p><\/o:p><\/span>\u00a0<\/p>\n<p style=\"text-align: justify\"><span style=\"font-family: Arial\">Rosario Castellanos, una mujer que se hab\u00eda criado con una ind\u00edgena tzeltal, la nana Rufina, de quien aprendiera su idioma y de quien retoma simb\u00f3licamente el siguiente p\u00e1rrafo en Bal\u00fan Can\u00e1n: -\u00ab\u2026Y entonces, col\u00e9ricos, nos desposeyeron, nos arrebataron lo que hab\u00edamos atesorado: la palabra, que es el arca de la memoria\u2026\u00bb. <\/span><\/p>\n<p><span style=\"font-family: Arial\"><o:p><\/o:p><\/span>\u00a0<\/p>\n<p style=\"text-align: justify\"><span style=\"font-family: Arial\">Hay que decirlo, estamos hablando ahora del contexto literario, de las coordenadas indigenistas de la literatura que van del poeta C\u00e9sar Vallejo, Jos\u00e9 Carlos Mari\u00e1tegui, Manuel Soroza, Jos\u00e9 Mar\u00eda Arguedas, todos ellos peruanos; del Premio N\u00f3bel de Literatura Miguel \u00c1ngel Asturias, escritor guatemalteco. <\/span><\/p>\n<p style=\"text-align: justify\"><span style=\"font-family: Arial\"><\/span><\/p>\n<p><span style=\"font-family: Arial\"><o:p>\u00a0<\/o:p><\/span><\/p>\n<p style=\"text-align: justify\"><span style=\"font-family: Arial\">Voy a ser simple: la obra novel\u00edstica de Rosario Castellanos llega cuando la moda literaria del indigenismo estaba terminando, y por el contrario, arribaban nuevas formas literarias, como el neorrealismo sovi\u00e9tico y el existencialismo franc\u00e9s y, por otro lado, la obra din\u00e1mica de las artes pl\u00e1sticas en Vasarely y el expresionismo profano de Pedro Coronel, la confabulaci\u00f3n pl\u00e1stica de Toledo, y las configuraciones escondidas del narcisista Jos\u00e9 Luis Cuevas, ya estaban presentes. <\/span><\/p>\n<p style=\"text-align: justify\"><span style=\"font-family: Arial\"><\/span><\/p>\n<p><span style=\"font-family: Arial\"><o:p>\u00a0<\/o:p><\/span><\/p>\n<p style=\"text-align: justify\"><span style=\"font-family: Arial\">La obra novel\u00edstica de Rosario, es en realidad una trilog\u00eda compuesta por Bal\u00fan Can\u00e1n, Oficio de Tinieblas y la reci\u00e9n editada Rito de iniciaci\u00f3n, con ella se cerr\u00f3 el ciclo Chiapas y se inici\u00f3 la etapa citadina, influenciada por el entusiasmo, el vigor y la inteligencia del \u00abnouveau roman\u00bb. <\/span><\/p>\n<p><span style=\"font-family: Arial\"><o:p><\/o:p><\/span>\u00a0<\/p>\n<p style=\"text-align: justify\"><span style=\"font-family: Arial\">Cuando Rosario se encontraba en lo mejor de su etapa feminista, 1970-1974, el mundo ya hab\u00eda cambiado. <\/span><\/p>\n<p><span style=\"font-family: Arial\"><o:p><\/o:p><\/span>\u00a0<\/p>\n<p style=\"text-align: justify\"><span style=\"font-family: Arial\">Vientos favorables a la mujer llegaban. En el escenario internacional, el movimiento feminista era ya una realidad.<\/span><\/p>\n<p><span style=\"font-family: Arial\"><o:p><\/o:p><\/span>\u00a0<\/p>\n<p style=\"text-align: justify\"><span style=\"font-family: Arial\">Voces como la de Susan Sontag, Simone de Beauvoir, Jane Fonda, Sol Arguedas, Alaide Foppa y un grupo de mujeres intelectuales mexicanas, que luego constituyeron la revista Fem, hac\u00edan escuchar sus propuestas y sus inquietudes.<\/span><\/p>\n<p><span style=\"font-family: Arial\"><o:p><\/o:p><\/span>\u00a0<\/p>\n<p style=\"text-align: justify\"><span style=\"font-family: Arial\">En este contexto, Rosario Castellanos se manifestaba como una intelectual, que se encontraba en la primera l\u00ednea de un frente contra la discriminaci\u00f3n, la inferiorizaci\u00f3n y la desigualdad de relaciones y derechos que corresponden a la mujer. <\/span><\/p>\n<p><span style=\"font-family: Arial\"><o:p><\/o:p><\/span>\u00a0<\/p>\n<p style=\"text-align: justify\"><span style=\"font-family: Arial\">Cuando Rosario Castellanos muere en aquel lamentable accidente en Tel Aviv, Israel, era el a\u00f1o en que el crecimiento demogr\u00e1fico era la preocupaci\u00f3n mundial: 4 mil millones de personas estaban en relaci\u00f3n asim\u00e9trica con el desarrollo arm\u00f3nico y el consumo de energ\u00e9ticos y alimentos. <\/span><\/p>\n<p><span style=\"font-family: Arial\"><o:p><\/o:p><\/span>\u00a0<\/p>\n<p style=\"text-align: justify\"><span style=\"font-family: Arial\">Consecuentemente se inician en el mundo con toda intensidad los programas de control de natalidad, con la carga que ello significaba para los derechos de la mujer.<\/span><\/p>\n<p><span style=\"font-family: Arial\"><o:p><\/o:p><\/span>\u00a0<\/p>\n<p style=\"text-align: justify\"><span style=\"font-family: Arial\">La mujer y la reproducci\u00f3n humana pasaban a ser punto de soluci\u00f3n a una situaci\u00f3n que ten\u00eda causas estructurales.<\/span><\/p>\n<p><span style=\"font-family: Arial\"><o:p><\/o:p><\/span>\u00a0<\/p>\n<p style=\"text-align: justify\"><span style=\"font-family: Arial\">Al a\u00f1o siguiente, 1975, ya sin la presencia de Rosario, se celebra el A\u00f1o Internacional de <st1:personname ProductID=\"la Mujer\" w:st=\"on\">la Mujer<\/st1:personname>, iniciativa por la que Rosario Castellanos Figueroa luch\u00f3 y que ya no pudo ver culminada.<\/span><\/p>\n<p><span style=\"font-family: Arial\"><o:p><\/o:p><\/span>\u00a0<span style=\"font-size: 10pt; font-family: Arial\">\u00a0Su obra ha sido incluida en diversas antolog\u00edas y<br \/>\ntraducida a varios idiomas.<\/p>\n<p>CUENTO:<\/p>\n<p>Ciudad real, Universidad Veracruzana, M\u00e9xico, Ficci\u00f3n,.<\/p>\n<p>Los convidados de agosto, Era, M\u00e9xico, 1974.<\/p>\n<p>ENSAYO:<\/p>\n<p>La novela mexicana contempor\u00e1nea y su valor<br \/>\ntestimonial, Instituto Nacional de la Juventud,<br \/>\nCuadernos de <st1:personname ProductID=\"la Juventud\" w:st=\"on\">la Juventud<\/st1:personname>, M\u00e9xico, 1966.<\/p>\n<p>El uso de la palabra, Excelsior, Serie Cr\u00f3nicas,<br \/>\nM\u00e9xico, 1974; Editores Mexicanos Unidos, M\u00e9xico, 1987.<\/p>\n<p>Mujer que sabe lat\u00edn&#8230;, Secretar\u00eda de Educaci\u00f3n<br \/>\nP\u00fablica, SepSetentas, 83, M\u00e9xico, 1974; Secretar\u00eda de<br \/>\nEducaci\u00f3n P\u00fablica<\/p>\n<p>NOVELA:<\/p>\n<p>Oficio de tinieblas, Joaqu\u00edn Mortiz, M\u00e9xico, 1962.<\/p>\n<p><o:p><\/o:p><\/span><span style=\"font-size: 10pt; font-family: Arial\">POES\u00cdA:<\/p>\n<p>Trayectoria del polvo, El Cristal Fugitivo, M\u00e9xico,<br \/>\n1948.<\/p>\n<p>El rescate del mundo, Direcci\u00f3n de Prensa y Turismo<br \/>\ndel estado de Chiapas, M\u00e9xico, 1952.<\/p>\n<p>Presentaci\u00f3n en el templo, Madrid, Espa\u00f1a, 1951; 2a.<br \/>\ned., en Revista Antol\u00f3gica, M\u00e9xico, 1952.<\/p>\n<p>Poemas:1953-1955, Met\u00e1fora, M\u00e9xico, 1957.<\/p>\n<p>Al pie de la letra, Universidad Veracruzana, M\u00e9xico,<br \/>\n1959.<\/p>\n<p>Salom\u00e9 y Judith, Jus, Voces Nuevas, 5, M\u00e9xico, 1959.<\/p>\n<p>L\u00edvida luz, Universidad Nacional Aut\u00f3noma de M\u00e9xico,<br \/>\n1960.<\/p>\n<p>\u00c1lbum de familia, Joaqu\u00edn Mortiz, Serie del Volador,<br \/>\nM\u00e9xico, 1971.<\/p>\n<p>Poes\u00eda no eres t\u00fa, obra po\u00e9tica 1948-1971, Fondo de<br \/>\nCultura Econ\u00f3mica, Letras Mexicanas, M\u00e9xico, 1972.<\/p>\n<p>TEATRO:<\/p>\n<p>El eterno femenino, estrenada en 1976; Fondo de<br \/>\nCultura Econ\u00f3mica, Popular, 144, M\u00e9xico, 1975.<o:p><\/o:p><\/span><\/p>\n","protected":false},"excerpt":{"rendered":"<p>Oficio de Tinieblas y Rosario Castellanos Francisco Rojas, Bruno Traven y Ricardo Pozas, este \u00faltimo destacado antrop\u00f3logo queretano, son representantes del indigenismo, que inaugura el veracruzano, Gonzalo Aguirre Beltr\u00e1n. \u00a0 La narrativa indigenista est\u00e1\u00a0 centrada en el enfrentamiento entre la cultura mesoamericana y la cultura occidental. \u00a0 Mientras en \u00a0Alemania se constru\u00eda el Muro de [&hellip;]<\/p>\n","protected":false},"author":249,"featured_media":0,"comment_status":"open","ping_status":"closed","sticky":false,"template":"","format":"standard","meta":{"footnotes":""},"categories":[26],"tags":[],"class_list":["post-86","post","type-post","status-publish","format-standard","hentry","category-mundo"],"_links":{"self":[{"href":"http:\/\/eloficiodehistoriar.com.mx\/index.php?rest_route=\/wp\/v2\/posts\/86","targetHints":{"allow":["GET"]}}],"collection":[{"href":"http:\/\/eloficiodehistoriar.com.mx\/index.php?rest_route=\/wp\/v2\/posts"}],"about":[{"href":"http:\/\/eloficiodehistoriar.com.mx\/index.php?rest_route=\/wp\/v2\/types\/post"}],"author":[{"embeddable":true,"href":"http:\/\/eloficiodehistoriar.com.mx\/index.php?rest_route=\/wp\/v2\/users\/249"}],"replies":[{"embeddable":true,"href":"http:\/\/eloficiodehistoriar.com.mx\/index.php?rest_route=%2Fwp%2Fv2%2Fcomments&post=86"}],"version-history":[{"count":0,"href":"http:\/\/eloficiodehistoriar.com.mx\/index.php?rest_route=\/wp\/v2\/posts\/86\/revisions"}],"wp:attachment":[{"href":"http:\/\/eloficiodehistoriar.com.mx\/index.php?rest_route=%2Fwp%2Fv2%2Fmedia&parent=86"}],"wp:term":[{"taxonomy":"category","embeddable":true,"href":"http:\/\/eloficiodehistoriar.com.mx\/index.php?rest_route=%2Fwp%2Fv2%2Fcategories&post=86"},{"taxonomy":"post_tag","embeddable":true,"href":"http:\/\/eloficiodehistoriar.com.mx\/index.php?rest_route=%2Fwp%2Fv2%2Ftags&post=86"}],"curies":[{"name":"wp","href":"https:\/\/api.w.org\/{rel}","templated":true}]}}