{"id":861,"date":"2008-07-30T20:34:08","date_gmt":"2008-07-31T01:34:08","guid":{"rendered":"https:\/\/eloficiodehistoriar.com.mx\/?p=861"},"modified":"2008-07-30T20:34:08","modified_gmt":"2008-07-31T01:34:08","slug":"derechos-humanos-frayba-informa-2","status":"publish","type":"post","link":"http:\/\/eloficiodehistoriar.com.mx\/?p=861","title":{"rendered":"Derechos Humanos FRAYBA informa:"},"content":{"rendered":"<p align=\"right\" style=\"text-align: right\" class=\"EC_MsoNormal\">Comunidad de Cruzt\u00f3n, Municipio de Venustiano Carranza, Chiapas.<\/p>\n<p align=\"right\" style=\"text-align: right\" class=\"EC_MsoNormal\">A 28 de julio de 2008<\/p>\n<p class=\"EC_MsoNormal\">&nbsp;<\/p>\n<p class=\"EC_MsoNormal\"><strong>AL CCRI-CG DEL EZLN<\/strong><\/p>\n<p class=\"EC_MsoNormal\"><strong>A LA JUNTA DE BUEN GOBIERNO DE LOS ALTOS DE CHIAPAS<\/strong><\/p>\n<p class=\"EC_MsoNormal\"><strong>A LA ZEZTA INTERNACIONAL<\/strong><\/p>\n<p class=\"EC_MsoNormal\"><strong>A LA OTRA CAMPA\u00d1A<\/strong><\/p>\n<p class=\"EC_MsoNormal\"><strong>A LOS MEDIOS ALTERNATIVOS DE COMUNICACI\u00d3N<\/strong><\/p>\n<p class=\"EC_MsoNormal\"><strong>A LAS ORGANIZACIONES NO GUBERNAMENTALES DE DERECHOS HUMANOS<\/strong><\/p>\n<p class=\"EC_MsoNormal\">&nbsp;<\/p>\n<p class=\"EC_MsoNormal\">Compa\u00f1eras y compa\u00f1eros,<\/p>\n<p class=\"EC_MsoNormal\">&nbsp;<\/p>\n<p style=\"text-align: justify\" class=\"EC_MsoNormal\">Las mujeres, hombres y ni\u00f1os de nuestra comunidad les enviamos un saludo revolucionario, tambi\u00e9n queremos agradecerles todo la solidaridad que hemos recibido de ustedes durante el proceso de lucha por el respeto a nuestra tierra y territorio.<\/p>\n<p style=\"text-align: justify\" class=\"EC_MsoNormal\">&nbsp;<\/p>\n<p style=\"text-align: justify\" class=\"EC_MsoNormal\">Como ustedes saben el pasado el 22 de julio del presente a\u00f1o, las 28 familias adherentes a La Otra Campa\u00f1a y 2 familias bases de apoyo zapatista de nuestra comunidad, decidimos entrar a limpiar nuestro manantial de agua y nuestras milpas, invitando como observadores a compa\u00f1eros de La Otra Jovel. Despu\u00e9s de haber limpiado nuestro manantial y nuestra milpa, 35 Polic\u00edas Estatal Preventiva dirigidos por el Fiscal del Ministerio P\u00fablico de apellidos CARBONEY con n\u00famero de credencial CR1420 que quedo tirado en el lugar, entraron brutalmente y abusando del poder a terrenos de nuestra comunidad, terrenos que no esta dentro del predio que recl\u00e1manos y golpearon violentamente a nuestros compa\u00f1eros y pretend\u00edan detener a todos los observadores, pero s\u00f3lo detuvieran a nuestro compa\u00f1ero V\u00edctor Manuel Escobar de la Otra Jovel que gracias al apoyo de todos ya esta libre.<\/p>\n<p style=\"text-align: justify\" class=\"EC_MsoNormal\">&nbsp;<\/p>\n<p style=\"text-align: justify\" class=\"EC_MsoNormal\">Hasta el d\u00eda de hoy tanto la Polic\u00eda Estatal Preventiva as\u00ed como los priistas se han ido de nuestro predio. Por eso compa\u00f1eras y compa\u00f1eros, de acuerdo a nuestros derechos leg\u00edtimos con el que contamos y que defenderemos hasta las \u00faltimas consecuencias, el pr\u00f3ximo d\u00eda 30 de julio del presente, recuperaremos por segunda ocasi\u00f3n nuestras 249 hect\u00e1reas y exigimos al mal gobierno el respeto y soluci\u00f3n a nuestros derechos. Tambi\u00e9n lo hacemos responsable de lo que nos pueda pasar tanto a los habitantes de nuestra comunidad como a nuestros compa\u00f1eros observadores.<\/p>\n<p style=\"text-align: justify\" class=\"EC_MsoNormal\">&nbsp;<\/p>\n<p style=\"text-align: justify\" class=\"EC_MsoNormal\">Exigimos el retiro inmediato del ganado de los priistas que todav\u00eda se encuentra en nuestro predio, ya que los mismos priistas han dicho que fue el Fiscal del Ministerio P\u00fablico, el Delegado de Gobierno y la Polic\u00eda Estatal Preventiva quienes ordenaron que metieran el ganado porque ellos lo iban a cuidar hasta que los de la comunidad de Cruzt\u00f3n dejaran de \u201cchingar\u201d.<\/p>\n<p style=\"text-align: justify\" class=\"EC_MsoNormal\">&nbsp;<\/p>\n<p style=\"text-align: justify\" class=\"EC_MsoNormal\">Exigimos castigos a los Polic\u00edas Estatales Preventivos y al Fiscal del Ministerio P\u00fablico CARBONEY que participaron en la agresi\u00f3n violenta que sufrimos el pasado 22 de julio.<\/p>\n<p class=\"EC_MsoNormal\">&nbsp;<\/p>\n<p class=\"EC_MsoNormal\">Compa\u00f1eras y compa\u00f1eros les pedimos que est\u00e9n pendientes para hacer respetar y proteger nuestros derechos.<\/p>\n<p class=\"EC_MsoNormal\">&nbsp;<\/p>\n<p class=\"EC_MsoNormal\">&nbsp;<\/p>\n<p align=\"center\" style=\"text-align: center\" class=\"EC_MsoNormal\">Respetuosamente,<\/p>\n<p align=\"center\" style=\"text-align: center\" class=\"EC_MsoNormal\">&nbsp;<\/p>\n<p align=\"center\" style=\"text-align: center\" class=\"EC_MsoNormal\">La Comunidad de Cruzt\u00f3n<\/p>\n<p align=\"center\" style=\"text-align: center\" class=\"EC_MsoNormal\">Adherentes a La Otra Campa\u00f1a<\/p>\n<p class=\"EC_MsoNormal\">&nbsp;<\/p>\n","protected":false},"excerpt":{"rendered":"<p>Comunidad de Cruzt\u00f3n, Municipio de Venustiano Carranza, Chiapas. A 28 de julio de 2008 &nbsp; AL CCRI-CG DEL EZLN A LA JUNTA DE BUEN GOBIERNO DE LOS ALTOS DE CHIAPAS A LA ZEZTA INTERNACIONAL A LA OTRA CAMPA\u00d1A A LOS MEDIOS ALTERNATIVOS DE COMUNICACI\u00d3N A LAS ORGANIZACIONES NO GUBERNAMENTALES DE DERECHOS HUMANOS &nbsp; Compa\u00f1eras y [&hellip;]<\/p>\n","protected":false},"author":249,"featured_media":0,"comment_status":"open","ping_status":"closed","sticky":false,"template":"","format":"standard","meta":{"footnotes":""},"categories":[26],"tags":[],"class_list":["post-861","post","type-post","status-publish","format-standard","hentry","category-mundo"],"_links":{"self":[{"href":"http:\/\/eloficiodehistoriar.com.mx\/index.php?rest_route=\/wp\/v2\/posts\/861","targetHints":{"allow":["GET"]}}],"collection":[{"href":"http:\/\/eloficiodehistoriar.com.mx\/index.php?rest_route=\/wp\/v2\/posts"}],"about":[{"href":"http:\/\/eloficiodehistoriar.com.mx\/index.php?rest_route=\/wp\/v2\/types\/post"}],"author":[{"embeddable":true,"href":"http:\/\/eloficiodehistoriar.com.mx\/index.php?rest_route=\/wp\/v2\/users\/249"}],"replies":[{"embeddable":true,"href":"http:\/\/eloficiodehistoriar.com.mx\/index.php?rest_route=%2Fwp%2Fv2%2Fcomments&post=861"}],"version-history":[{"count":0,"href":"http:\/\/eloficiodehistoriar.com.mx\/index.php?rest_route=\/wp\/v2\/posts\/861\/revisions"}],"wp:attachment":[{"href":"http:\/\/eloficiodehistoriar.com.mx\/index.php?rest_route=%2Fwp%2Fv2%2Fmedia&parent=861"}],"wp:term":[{"taxonomy":"category","embeddable":true,"href":"http:\/\/eloficiodehistoriar.com.mx\/index.php?rest_route=%2Fwp%2Fv2%2Fcategories&post=861"},{"taxonomy":"post_tag","embeddable":true,"href":"http:\/\/eloficiodehistoriar.com.mx\/index.php?rest_route=%2Fwp%2Fv2%2Ftags&post=861"}],"curies":[{"name":"wp","href":"https:\/\/api.w.org\/{rel}","templated":true}]}}