{"id":862,"date":"2008-07-31T08:30:26","date_gmt":"2008-07-31T13:30:26","guid":{"rendered":"https:\/\/eloficiodehistoriar.com.mx\/?p=862"},"modified":"2008-07-31T08:30:26","modified_gmt":"2008-07-31T13:30:26","slug":"la-educacion-laica-y-gratuita-en-mexico","status":"publish","type":"post","link":"http:\/\/eloficiodehistoriar.com.mx\/?p=862","title":{"rendered":"La educaci\u00f3n laica y gratuita en M\u00e9xico"},"content":{"rendered":"<p style=\"margin: auto 0cm; text-align: justify\" class=\"bullet\"><span style=\"font-size: 10pt; font-family: Arial\">Movimiento ciudadano en favor de la educaci\u00f3n gratuita<\/span><\/p>\n<p><span style=\"font-size: 10pt; font-family: Arial\"><o:p><\/o:p><\/span>\u00a0<\/p>\n<p style=\"border-right: medium none; border-top: medium none; border-left: medium none; border-bottom: #dddddd 1pt solid; padding: 0cm\">\n<h1 align=\"center\" style=\"margin: 0cm 0cm 3pt; text-align: center\"><strong><span style=\"font-size: 16pt; font-family: Arial\">Llama Hugo Guti\u00e9rrez Vega<\/span><\/strong><\/h1>\n<h1 align=\"center\" style=\"margin: 0cm 0cm 3pt; text-align: center\"><strong><span style=\"font-size: 16pt; font-family: Arial\"><\/span><\/strong><\/h1>\n<h1 align=\"center\" style=\"margin: 0cm 0cm 3pt; text-align: center\"><strong><span style=\"font-size: 16pt; font-family: Arial\"><\/span><\/strong><\/h1>\n<h1 align=\"center\" style=\"margin: 0cm 0cm 3pt; text-align: center\"><strong><span style=\"font-size: 16pt; font-family: Arial\"><\/span><\/strong><\/h1>\n<h1 align=\"center\" style=\"margin: 0cm 0cm 3pt; text-align: center\"><strong><span style=\"font-size: 16pt; font-family: Arial\">\u00a0a rescatar la escuela p\u00fablica y el estado laico<o:p><\/o:p><\/span><\/strong><\/h1>\n<p style=\"text-align: justify\"><span style=\"font-family: Arial\"><\/span><\/p>\n<p><span style=\"font-family: Arial\">Tres ni\u00f1as declamadoras, cinco mariachis, un guitarrista electr\u00f3nico, un trovador y hasta decenas de bicitecas se unieron a maestros y padres de familia para dar color al <em><span style=\"font-family: Arial\">sui generis<\/span><\/em> homenaje en honor del escritor Hugo Guti\u00e9rrez Vega, en el contexto de la inauguraci\u00f3n de la sede del Movimiento por <st1:personname ProductID=\"la Escuela P?blica.\" w:st=\"on\">la Escuela P\u00fablica.<\/st1:personname><o:p><\/o:p><\/span><\/p>\n<p style=\"text-align: justify\"><span style=\"font-family: Arial\"><\/span><\/p>\n<p><span style=\"font-family: Arial\">Mientras desde la calle llegaba el rumor parlanch\u00edn de los j\u00f3venes del Movimiento Biciteca que fueron a saludar al poeta, \u00e9ste destacaba, en el vest\u00edbulo del edificio de Tabasco 262, colonia Roma, dos aspectos fundamentales para la sociedad y el Estado mexicanos: la educaci\u00f3n p\u00fablica y gratuita, y la laicidad.<o:p><\/o:p><\/span><\/p>\n<p style=\"text-align: justify\"><span style=\"font-family: Arial\"><\/span><\/p>\n<p><span style=\"font-family: Arial\">La escuela p\u00fablica, dijo Guti\u00e9rrez Vega, es lo mejor de la tradici\u00f3n republicana, con ra\u00edces en <st1:personname ProductID=\"la Revoluci?n\" w:st=\"on\">la Revoluci\u00f3n<\/st1:personname> francesa, uno de los movimientos m\u00e1s democratizadores de la historia mundial. Y el Estado laico, agreg\u00f3, es indispensable para la salud de <st1:personname ProductID=\"la Rep?blica.\" w:st=\"on\">la Rep\u00fablica.<\/st1:personname><o:p><\/o:p><\/span><\/p>\n<p style=\"text-align: justify\"><span style=\"font-family: Arial\"><\/span><\/p>\n<p><span style=\"font-family: Arial\">El director del suplemento <st1:personname ProductID=\"La Jornada Semanal\" w:st=\"on\"><em><span style=\"font-family: Arial\">La Jornada Semanal<\/span><\/em><\/st1:personname> describi\u00f3 los momentos actuales del pa\u00eds como dif\u00edciles debido al descontento de la sociedad y el desasosiego ante las instituciones.<o:p><\/o:p><\/span><\/p>\n<p style=\"text-align: justify\"><span style=\"font-family: Arial\"><\/span><\/p>\n<p><span style=\"font-family: Arial\">Y en ese contexto, dijo, el Movimiento por <st1:personname ProductID=\"la Escuela P?blica\" w:st=\"on\">la Escuela P\u00fablica<\/st1:personname> (MEP) da una ruta ciudadana, en apariencia sencilla: la necesidad de mallas solares para los colegios, de nuevos pizarrones y tecnolog\u00edas, de m\u00e1s y mejores maestros, \u201cporque lo que m\u00e1s importa es el hombre y la mujer nuevos\u201d.<o:p><\/o:p><\/span><\/p>\n<p style=\"text-align: justify\"><span style=\"font-family: Arial\"><\/span><\/p>\n<p><span style=\"font-family: Arial\">En la escuela se da el mayor proceso de humanizaci\u00f3n, dijo, junto con la familia, aunque desde hace varios a\u00f1os esta \u00faltima se encuentra en crisis. La escuela, agreg\u00f3, mejora en mucho el trabajo realizado en el interior de la familia.<o:p><\/o:p><\/span><\/p>\n<p style=\"text-align: justify\"><span style=\"font-family: Arial\"><\/span><\/p>\n<p><span style=\"font-family: Arial\">Llam\u00f3 a los integrantes de ese movimiento ciudadano a seguir impulsando un \u201chumanismo renovador\u201d y a sacar de la crisis los principios de la escuela p\u00fablica y gratuita y del estado laico.<o:p><\/o:p><\/span><\/p>\n<p style=\"text-align: justify\"><span style=\"font-family: Arial\"><\/span><\/p>\n<p><span style=\"font-family: Arial\">Tambi\u00e9n participaron el investigador John Ackerman y los maestros Juventino Rodr\u00edguez, Leticia Mart\u00ednez Gallegos y Juan Calvo, coordinador del movimiento y quien record\u00f3 que \u00e9ste se gest\u00f3 hace dos a\u00f1os en concordancia con planteamientos del ex candidato presidencial Andr\u00e9s Manuel L\u00f3pez Obrador acerca de la educaci\u00f3n p\u00fablica y otros temas nacionales.<o:p><\/o:p><\/span><\/p>\n<p style=\"text-align: justify\"><span style=\"font-family: Arial\"><\/span><\/p>\n<p><span style=\"font-family: Arial\">Despu\u00e9s, Guti\u00e9rrez Vega revel\u00f3 una placa en la entrada del edificio y en el tercer piso cort\u00f3 el list\u00f3n de las nuevas oficinas del MEP.<o:p><\/o:p><\/span><\/p>\n<p style=\"text-align: justify\"><span style=\"font-family: Arial\"><\/span><\/p>\n<p><span style=\"font-family: Arial\">Poco antes, al comenzar el homenaje-inauguraci\u00f3n, las peque\u00f1as Estefany Valtierres, Cinthya Barajas y Karen Hern\u00e1ndez hab\u00edan declamado el poema <em><span style=\"font-family: Arial\">Para la abuela, que hablaba con p\u00e1jaros crey\u00e9ndolos angeles<\/span><\/em>, de Guti\u00e9rrez Vega.<o:p><\/o:p><\/span><\/p>\n<p style=\"text-align: justify\"><span style=\"font-family: Arial\"><\/span><\/p>\n<p><span style=\"font-family: Arial\">Luego de que fue le\u00edda una s\u00edntesis de la carrera literaria y diplom\u00e1tica de Guti\u00e9rrez Vega, le obsequiaron una placa en la que lo describen: \u201cPoeta, maestro y trabajador incansable por las mejores causas de la humanidad y por un mundo mejor\u201d<o:p><\/o:p><\/span><\/p>\n","protected":false},"excerpt":{"rendered":"<p>Movimiento ciudadano en favor de la educaci\u00f3n gratuita \u00a0 Llama Hugo Guti\u00e9rrez Vega \u00a0a rescatar la escuela p\u00fablica y el estado laico Tres ni\u00f1as declamadoras, cinco mariachis, un guitarrista electr\u00f3nico, un trovador y hasta decenas de bicitecas se unieron a maestros y padres de familia para dar color al sui generis homenaje en honor del [&hellip;]<\/p>\n","protected":false},"author":249,"featured_media":0,"comment_status":"open","ping_status":"closed","sticky":false,"template":"","format":"standard","meta":{"footnotes":""},"categories":[26],"tags":[],"class_list":["post-862","post","type-post","status-publish","format-standard","hentry","category-mundo"],"_links":{"self":[{"href":"http:\/\/eloficiodehistoriar.com.mx\/index.php?rest_route=\/wp\/v2\/posts\/862","targetHints":{"allow":["GET"]}}],"collection":[{"href":"http:\/\/eloficiodehistoriar.com.mx\/index.php?rest_route=\/wp\/v2\/posts"}],"about":[{"href":"http:\/\/eloficiodehistoriar.com.mx\/index.php?rest_route=\/wp\/v2\/types\/post"}],"author":[{"embeddable":true,"href":"http:\/\/eloficiodehistoriar.com.mx\/index.php?rest_route=\/wp\/v2\/users\/249"}],"replies":[{"embeddable":true,"href":"http:\/\/eloficiodehistoriar.com.mx\/index.php?rest_route=%2Fwp%2Fv2%2Fcomments&post=862"}],"version-history":[{"count":0,"href":"http:\/\/eloficiodehistoriar.com.mx\/index.php?rest_route=\/wp\/v2\/posts\/862\/revisions"}],"wp:attachment":[{"href":"http:\/\/eloficiodehistoriar.com.mx\/index.php?rest_route=%2Fwp%2Fv2%2Fmedia&parent=862"}],"wp:term":[{"taxonomy":"category","embeddable":true,"href":"http:\/\/eloficiodehistoriar.com.mx\/index.php?rest_route=%2Fwp%2Fv2%2Fcategories&post=862"},{"taxonomy":"post_tag","embeddable":true,"href":"http:\/\/eloficiodehistoriar.com.mx\/index.php?rest_route=%2Fwp%2Fv2%2Ftags&post=862"}],"curies":[{"name":"wp","href":"https:\/\/api.w.org\/{rel}","templated":true}]}}