{"id":863,"date":"2008-07-31T08:36:47","date_gmt":"2008-07-31T13:36:47","guid":{"rendered":"https:\/\/eloficiodehistoriar.com.mx\/?p=863"},"modified":"2008-07-31T08:36:47","modified_gmt":"2008-07-31T13:36:47","slug":"una-nota-sobre-educacion-un-poco-atrasadapero","status":"publish","type":"post","link":"http:\/\/eloficiodehistoriar.com.mx\/?p=863","title":{"rendered":"Una nota sobre educaci\u00f3n un poco atrasada,pero&#8230;"},"content":{"rendered":"<p style=\"margin: auto 0cm\" class=\"bullet\"><span style=\"font-size: 10pt; color: black; font-family: Arial\">Se deben evitar decisiones de car\u00e1cter anual y precipitado. <\/span><\/p>\n<p><span style=\"font-size: 10pt; color: black; font-family: Arial\"><o:p><\/o:p><\/span>\u00a0<\/p>\n<p style=\"border-right: medium none; border-top: medium none; border-left: medium none; border-bottom: #dddddd 1pt solid; padding: 0cm\">\n<h1 align=\"center\" style=\"margin: 0cm 0cm 3pt; text-align: center\"><strong><span style=\"font-size: 16pt; font-family: Arial\">Necesaria una pol\u00edtica<span>\u00a0 <\/span>para financiar la educaci\u00f3n<\/span><\/strong><\/h1>\n<h1 align=\"center\" style=\"margin: 0cm 0cm 3pt; text-align: center\"><strong><span style=\"font-size: 16pt; font-family: Arial\"><\/span><\/strong><\/h1>\n<h1 align=\"center\" style=\"margin: 0cm 0cm 3pt; text-align: center\"><strong><span style=\"font-size: 16pt; font-family: Arial\"><\/span><\/strong><\/h1>\n<h1 align=\"center\" style=\"margin: 0cm 0cm 3pt; text-align: center\"><strong><span style=\"font-size: 16pt; font-family: Arial\">\u00a0en Quer\u00e9taro<o:p><\/o:p><\/span><\/strong><\/h1>\n<p align=\"center\" style=\"text-align: center\"><strong><span style=\"color: black; font-family: Arial\">Jos\u00e9 F\u00e9lix Zavala<\/span><\/strong><\/p>\n<p><strong><span style=\"color: black; font-family: Arial\"><o:p><\/o:p><\/span><\/strong>\u00a0<span style=\"color: black; font-family: Arial\">Lo se\u00f1alado por Juan Ram\u00f3n De <st1:personname ProductID=\"la Fuente\" w:st=\"on\">La Fuente<\/st1:personname>, ex\u00a0rector de <st1:personname ProductID=\"la UNAM\" w:st=\"on\">la UNAM<\/st1:personname>, \u00bfya se habr\u00e1 analizado por el rector del <st1:personname ProductID=\"la UAQ\" w:st=\"on\">la UAQ<\/st1:personname> y los diputados locales, o se sigue pensado que <st1:personname ProductID=\"la Universidad Oficial\" w:st=\"on\"><st1:personname ProductID=\"la Universidad\" w:st=\"on\">la Universidad<\/st1:personname> Oficial<\/st1:personname> debe seguir siendo disminuida y dar paso a la educaci\u00f3n privada? <o:p><\/o:p><\/span><\/p>\n<p style=\"text-align: justify\"><span style=\"color: black; font-family: Arial\"><\/span><\/p>\n<p><span style=\"color: black; font-family: Arial\">\u00bfSe habr\u00e1n acabado los privilegios para aceptar alumnos en las facultades con mayor demanda o sigue siendo la mano de Dios quien los elije?<o:p><\/o:p><\/span><\/p>\n<p style=\"text-align: justify\"><span style=\"color: black; font-family: Arial\"><\/span><\/p>\n<p><span style=\"color: black; font-family: Arial\">\u00bfPorque son muy pocos los aceptados en <st1:personname ProductID=\"la UAQ\" w:st=\"on\">la UAQ<\/st1:personname>, respecto a las solicitudes que recibe, impidiendo que los queretanos est\u00e9n formados \u00edntegramente para enfrentar un mundo que no esperaban?<o:p><\/o:p><\/span><\/p>\n<p style=\"text-align: justify\"><span style=\"color: black; font-family: Arial\"><\/span><\/p>\n<p><span style=\"color: black; font-family: Arial\">Vale la pena recordar las palabras de Juan Ram\u00f3n De L a Fuente:<o:p><\/o:p><\/span><\/p>\n<p style=\"text-align: justify\"><span style=\"color: black; font-family: Arial\"><\/span><\/p>\n<p><span style=\"color: black; font-family: Arial\">El ex\u00a0rector de <st1:personname ProductID=\"la UNAM\" w:st=\"on\">la UNAM<\/st1:personname>, Juan Ram\u00f3n de <st1:personname ProductID=\"la Fuente\" w:st=\"on\">la Fuente<\/st1:personname>, propuso a <st1:personname ProductID=\"la C?mara\" w:st=\"on\">la C\u00e1mara<\/st1:personname> de Diputados construir una clara pol\u00edtica de Estado en materia de financiamiento de la educaci\u00f3n superior, que evite decisiones de car\u00e1cter anual, que se toman con tiempo insuficiente y de manera precipitada.<o:p><\/o:p><\/span><span style=\"color: black; font-family: Arial\">Definir una pol\u00edtica de financiamiento de la ense\u00f1anza superior con criterios expl\u00edcitos, objetivos y metas evaluables permitir\u00edan en un marco de absoluta transparencia, tomar las mejores decisiones en un sector tan delicado para el futuro del pa\u00eds, expuso.<o:p><\/o:p><\/span><\/p>\n<p style=\"text-align: justify\"><span style=\"color: black; font-family: Arial\"><\/span><\/p>\n<p><span style=\"color: black; font-family: Arial\">El ex rector tambi\u00e9n asegur\u00f3 que debe modernizarse la oferta educativa no s\u00f3lo de esa casa de estudios, sino de todas las instituciones de educaci\u00f3n superior, y advirti\u00f3 que si el pa\u00eds no invierte m\u00e1s en investigaci\u00f3n ser\u00e1 dif\u00edcil que M\u00e9xico mejore en competitividad.<o:p><\/o:p><\/span><\/p>\n<p style=\"text-align: justify\"><span style=\"color: black; font-family: Arial\"><\/span><\/p>\n<p><span style=\"color: black; font-family: Arial\">Necesitamos construir una red de universidades de clase mundial, para que realmente puedan ser palancas del desarrollo, de la productividad y la competitividad, dijo.<o:p><\/o:p><\/span><\/p>\n<p style=\"text-align: justify\"><span style=\"color: black; font-family: Arial\"><\/span><\/p>\n<p><span style=\"color: black; font-family: Arial\">M\u00e1s tarde, dijo que la atenci\u00f3n en la ense\u00f1anza superior no debe enfocarse s\u00f3lo en <st1:personname ProductID=\"la UNAM\" w:st=\"on\">la UNAM<\/st1:personname>, sino a todo el sistema de universidades p\u00fablicas y privadas, que tambi\u00e9n juegan un papel en la formaci\u00f3n profesional.<o:p><\/o:p><\/span><\/p>\n<p style=\"text-align: justify\"><span style=\"color: black; font-family: Arial\"><\/span><\/p>\n<p><span style=\"color: black; font-family: Arial\">Las universidades, agreg\u00f3, deben contribuir a formar un sistema educativo de mayor calidad, en t\u00e9rminos generales, al actual que una y otra vez, en las diversas evaluaciones, muestra sus limitaciones y sus deficiencias.<o:p><\/o:p><\/span><\/p>\n<p style=\"text-align: justify\"><span style=\"color: black; font-family: Arial\"><\/span><\/p>\n<p><span style=\"color: black; font-family: Arial\">De <st1:personname ProductID=\"la Fuente\" w:st=\"on\">la Fuente<\/st1:personname> expres\u00f3 su satisfacci\u00f3n porque <st1:personname ProductID=\"la C?mara\" w:st=\"on\">la C\u00e1mara<\/st1:personname> encontrar\u00e1 posibilidades de apoyo al gasto de la universidad, a pesar de la estrechez de los recursos p\u00fablicos, sobre todo porque se trata probablemente de la mejor inversi\u00f3n que M\u00e9xico pueda hacer ahora y en los pr\u00f3ximos a\u00f1os. Adem\u00e1s, dijo, las universidades p\u00fablicas del pa\u00eds pueden dar m\u00e1s si cuentan con recursos adicionales.<o:p><\/o:p><\/span><\/p>\n<p style=\"text-align: justify\"><st1:personname ProductID=\"la UNAM\" w:st=\"on\"><span style=\"color: black; font-family: Arial\">\u00a0<\/span><\/st1:personname><\/p>\n<p><st1:personname ProductID=\"la UNAM\" w:st=\"on\"><span style=\"color: black; font-family: Arial\">La UNAM<\/span><\/st1:personname><span style=\"color: black; font-family: Arial\">, agreg\u00f3, merece la atenci\u00f3n de la autoridad porque desde la \u00f3ptica de la casa de estudios los grandes retos del pa\u00eds est\u00e1n en la educaci\u00f3n, la investigaci\u00f3n y la innovaci\u00f3n para avanzar en un desarrollo menos desigual, con mayores posibilidades de competir y generar condiciones de vida dignas para m\u00e1s personas.<o:p><\/o:p><\/span><\/p>\n<p style=\"text-align: justify\"><span style=\"color: black; font-family: Arial\"><\/span><\/p>\n<p><span style=\"color: black; font-family: Arial\">Refiri\u00f3 que con <st1:personname ProductID=\"la Comisi?n\" w:st=\"on\">la Comisi\u00f3n<\/st1:personname> de Educaci\u00f3n de <st1:personname ProductID=\"la C?mara\" w:st=\"on\">la C\u00e1mara<\/st1:personname> de Diputados se ha trabajado, en los meses recientes, en construir elementos que permitan tener una visi\u00f3n de mediano y largo plazo en el financiamiento a la educaci\u00f3n superior p\u00fablica para que pueda dar mejores dividendos.<o:p><\/o:p><\/span><\/p>\n<p style=\"text-align: justify\"><span style=\"color: black; font-family: Arial\"><\/span><\/p>\n<p><span style=\"color: black; font-family: Arial\">Despu\u00e9s se\u00f1al\u00f3 que <span>\u00a0<\/span>el presupuesto de egresos 2007 que se asign\u00f3 a <st1:personname ProductID=\"la UNAM\" w:st=\"on\">la UNAM<\/st1:personname> permitir\u00e1 cumplir sus proyectos, la instituci\u00f3n requiere crecer m\u00e1s y abrir nuevos centros de investigaci\u00f3n en \u00e1reas en las cuales no se generan recursos humanos necesarios.<o:p><\/o:p><\/span><\/p>\n","protected":false},"excerpt":{"rendered":"<p>Se deben evitar decisiones de car\u00e1cter anual y precipitado. \u00a0 Necesaria una pol\u00edtica\u00a0 para financiar la educaci\u00f3n \u00a0en Quer\u00e9taro Jos\u00e9 F\u00e9lix Zavala \u00a0Lo se\u00f1alado por Juan Ram\u00f3n De La Fuente, ex\u00a0rector de la UNAM, \u00bfya se habr\u00e1 analizado por el rector del la UAQ y los diputados locales, o se sigue pensado que la Universidad [&hellip;]<\/p>\n","protected":false},"author":249,"featured_media":0,"comment_status":"open","ping_status":"closed","sticky":false,"template":"","format":"standard","meta":{"footnotes":""},"categories":[26],"tags":[],"class_list":["post-863","post","type-post","status-publish","format-standard","hentry","category-mundo"],"_links":{"self":[{"href":"http:\/\/eloficiodehistoriar.com.mx\/index.php?rest_route=\/wp\/v2\/posts\/863","targetHints":{"allow":["GET"]}}],"collection":[{"href":"http:\/\/eloficiodehistoriar.com.mx\/index.php?rest_route=\/wp\/v2\/posts"}],"about":[{"href":"http:\/\/eloficiodehistoriar.com.mx\/index.php?rest_route=\/wp\/v2\/types\/post"}],"author":[{"embeddable":true,"href":"http:\/\/eloficiodehistoriar.com.mx\/index.php?rest_route=\/wp\/v2\/users\/249"}],"replies":[{"embeddable":true,"href":"http:\/\/eloficiodehistoriar.com.mx\/index.php?rest_route=%2Fwp%2Fv2%2Fcomments&post=863"}],"version-history":[{"count":0,"href":"http:\/\/eloficiodehistoriar.com.mx\/index.php?rest_route=\/wp\/v2\/posts\/863\/revisions"}],"wp:attachment":[{"href":"http:\/\/eloficiodehistoriar.com.mx\/index.php?rest_route=%2Fwp%2Fv2%2Fmedia&parent=863"}],"wp:term":[{"taxonomy":"category","embeddable":true,"href":"http:\/\/eloficiodehistoriar.com.mx\/index.php?rest_route=%2Fwp%2Fv2%2Fcategories&post=863"},{"taxonomy":"post_tag","embeddable":true,"href":"http:\/\/eloficiodehistoriar.com.mx\/index.php?rest_route=%2Fwp%2Fv2%2Ftags&post=863"}],"curies":[{"name":"wp","href":"https:\/\/api.w.org\/{rel}","templated":true}]}}