{"id":867,"date":"2008-07-31T09:13:54","date_gmt":"2008-07-31T14:13:54","guid":{"rendered":"https:\/\/eloficiodehistoriar.com.mx\/?p=867"},"modified":"2008-07-31T09:22:38","modified_gmt":"2008-07-31T14:22:38","slug":"monumento-a-cien-anos-de-la-independencia-nacional","status":"publish","type":"post","link":"http:\/\/eloficiodehistoriar.com.mx\/?p=867","title":{"rendered":"Monumento a cien a\u00f1os de la independencia nacional"},"content":{"rendered":"<p><a href=\"https:\/\/eloficiodehistoriar.com.mx\/wp-content\/uploads\/2008\/07\/escudo-pagina-038.jpg\" title=\"escudo-pagina-038.jpg\"><img decoding=\"async\" src=\"https:\/\/eloficiodehistoriar.com.mx\/wp-content\/uploads\/2008\/07\/escudo-pagina-038.thumbnail.jpg\" alt=\"escudo-pagina-038.jpg\" \/><\/a><\/p>\n<p>Monumento a la Corregidora de Quer\u00e9taro, Josefa Ort\u00edz de Dominguez, quien fuera iniciadora del movimiento de independencia de M\u00e9xico en 1810, levantado en la antigua huerta del convento de los dieguinos, del mercado de San Antonio y ahora actual Jard\u00edn \u00abDe Las Aguilas\u00bb, en la ciudad de Quer\u00e9taro, es toda una obra de arte y donde colaboraron todos los estados que conforman la federaci\u00f3n mexicana.<\/p>\n<p>El autor del proyecto fue Carlos Noriega, pero la estatua de La Corregidora, el esclavo y las aguilas fueron fundios en Alemania en la \u00abcasa Glandenbeck und Sohn\u00bb de Belrl\u00edn. Fue inaugurado el 13 de septiembre de 1910.<\/p>\n","protected":false},"excerpt":{"rendered":"<p>Monumento a la Corregidora de Quer\u00e9taro, Josefa Ort\u00edz de Dominguez, quien fuera iniciadora del movimiento de independencia de M\u00e9xico en 1810, levantado en la antigua huerta del convento de los dieguinos, del mercado de San Antonio y ahora actual Jard\u00edn \u00abDe Las Aguilas\u00bb, en la ciudad de Quer\u00e9taro, es toda una obra de arte y [&hellip;]<\/p>\n","protected":false},"author":249,"featured_media":0,"comment_status":"open","ping_status":"closed","sticky":false,"template":"","format":"standard","meta":{"footnotes":""},"categories":[8,11,10],"tags":[],"class_list":["post-867","post","type-post","status-publish","format-standard","hentry","category-ciudad-de-queretaro","category-fotografia","category-historia"],"_links":{"self":[{"href":"http:\/\/eloficiodehistoriar.com.mx\/index.php?rest_route=\/wp\/v2\/posts\/867","targetHints":{"allow":["GET"]}}],"collection":[{"href":"http:\/\/eloficiodehistoriar.com.mx\/index.php?rest_route=\/wp\/v2\/posts"}],"about":[{"href":"http:\/\/eloficiodehistoriar.com.mx\/index.php?rest_route=\/wp\/v2\/types\/post"}],"author":[{"embeddable":true,"href":"http:\/\/eloficiodehistoriar.com.mx\/index.php?rest_route=\/wp\/v2\/users\/249"}],"replies":[{"embeddable":true,"href":"http:\/\/eloficiodehistoriar.com.mx\/index.php?rest_route=%2Fwp%2Fv2%2Fcomments&post=867"}],"version-history":[{"count":0,"href":"http:\/\/eloficiodehistoriar.com.mx\/index.php?rest_route=\/wp\/v2\/posts\/867\/revisions"}],"wp:attachment":[{"href":"http:\/\/eloficiodehistoriar.com.mx\/index.php?rest_route=%2Fwp%2Fv2%2Fmedia&parent=867"}],"wp:term":[{"taxonomy":"category","embeddable":true,"href":"http:\/\/eloficiodehistoriar.com.mx\/index.php?rest_route=%2Fwp%2Fv2%2Fcategories&post=867"},{"taxonomy":"post_tag","embeddable":true,"href":"http:\/\/eloficiodehistoriar.com.mx\/index.php?rest_route=%2Fwp%2Fv2%2Ftags&post=867"}],"curies":[{"name":"wp","href":"https:\/\/api.w.org\/{rel}","templated":true}]}}