{"id":868,"date":"2008-07-31T10:37:10","date_gmt":"2008-07-31T15:37:10","guid":{"rendered":"https:\/\/eloficiodehistoriar.com.mx\/?p=868"},"modified":"2008-07-31T10:37:10","modified_gmt":"2008-07-31T15:37:10","slug":"hoy-en-madrid-murio-alejandro-aura-poeta-mexicano","status":"publish","type":"post","link":"http:\/\/eloficiodehistoriar.com.mx\/?p=868","title":{"rendered":"Hoy en Madrid muri\u00f3 Alejandro Aura, poeta mexicano&#8230;"},"content":{"rendered":"<p><span style=\"font-family: Arial\"><\/span><\/p>\n<p><span style=\"font-family: Arial\">El poeta y dramaturgo Alejandro Aura muri\u00f3 hoy en el hospital universitario de <st1:personname ProductID=\"La Princesa\" w:st=\"on\">La Princesa<\/st1:personname>, de Madrid, alrededor de las cuatro y media de la tarde, v\u00edctima de un c\u00e1ncer de pulm\u00f3n que le fue detectado hace tres a\u00f1os.<o:p><\/o:p><\/span><span style=\"font-family: Arial\"><\/span><\/p>\n<p><span style=\"font-family: Arial\">Sus palabras de despedida:<o:p><\/o:p><\/span><span style=\"font-family: Arial\"><o:p>\u00a0<\/o:p><\/span><strong><em><span style=\"font-family: Arial\">\u201cAs\u00ed pues, hay que en alg\u00fan momento cerrar la cuenta,\/ <o:p><\/o:p><\/span><\/em><\/strong><strong><em><span style=\"font-family: Arial\"><\/span><\/em><\/strong><\/p>\n<p><strong><em><span style=\"font-family: Arial\">pedir los abrigos y marcharnos,\/ <o:p><\/o:p><\/span><\/em><\/strong><strong><em><span style=\"font-family: Arial\"><\/span><\/em><\/strong><\/p>\n<p><strong><em><span style=\"font-family: Arial\">aqu\u00ed se quedar\u00e1n las cosas que trajimos al siglo\/ <o:p><\/o:p><\/span><\/em><\/strong><strong><em><span style=\"font-family: Arial\"><\/span><\/em><\/strong><\/p>\n<p><strong><em><span style=\"font-family: Arial\">y en las que cada uno pusimos nuestra identidad;\/ <o:p><\/o:p><\/span><\/em><\/strong><strong><em><span style=\"font-family: Arial\"><\/span><\/em><\/strong><\/p>\n<p><strong><em><span style=\"font-family: Arial\">se quedar\u00e1n los dem\u00e1s, que cada vez son otros\/ <o:p><\/o:p><\/span><\/em><\/strong><strong><em><span style=\"font-family: Arial\"><\/span><\/em><\/strong><\/p>\n<p><strong><em><span style=\"font-family: Arial\">y entre los cuales habr\u00e1 de construirse lo que sigue,\/ <o:p><\/o:p><\/span><\/em><\/strong><strong><em><span style=\"font-family: Arial\"><\/span><\/em><\/strong><\/p>\n<p><strong><em><span style=\"font-family: Arial\">tambi\u00e9n el hueco de nuestra imaginaci\u00f3n se queda\/ <o:p><\/o:p><\/span><\/em><\/strong><strong><em><span style=\"font-family: Arial\"><\/span><\/em><\/strong><\/p>\n<p><strong><em><span style=\"font-family: Arial\">para que entre todos se encarguen de llenarlo,\/ <o:p><\/o:p><\/span><\/em><\/strong><strong><em><span style=\"font-family: Arial\"><\/span><\/em><\/strong><\/p>\n<p><strong><em><span style=\"font-family: Arial\">y nos vamos a nada, limpiamente como las plantas,\/ <o:p><\/o:p><\/span><\/em><\/strong><strong><em><span style=\"font-family: Arial\"><\/span><\/em><\/strong><\/p>\n<p><strong><em><span style=\"font-family: Arial\">como los p\u00e1jaros, como todo lo que est\u00e1 vivo un tiempo\/ <o:p><\/o:p><\/span><\/em><\/strong><strong><em><span style=\"font-family: Arial\"><\/span><\/em><\/strong><\/p>\n<p><strong><em><span style=\"font-family: Arial\">y luego, sin rencor, deja de estarlo\u201d.<o:p><\/o:p><\/span><\/em><\/strong><\/p>\n<p align=\"right\" style=\"margin: 0cm 0cm 0pt; text-align: right\" class=\"MsoNormal\"><strong><em><\/em><\/strong><\/p>\n<p align=\"right\" style=\"margin: 0cm 0cm 0pt; text-align: right\" class=\"MsoNormal\"><strong><em><\/em><\/strong><\/p>\n<p><strong><em><font face=\"Times New Roman\">Alejandro Aura<o:p><\/o:p><\/font><\/em><\/strong><\/p>\n","protected":false},"excerpt":{"rendered":"<p>El poeta y dramaturgo Alejandro Aura muri\u00f3 hoy en el hospital universitario de La Princesa, de Madrid, alrededor de las cuatro y media de la tarde, v\u00edctima de un c\u00e1ncer de pulm\u00f3n que le fue detectado hace tres a\u00f1os. Sus palabras de despedida:\u00a0\u201cAs\u00ed pues, hay que en alg\u00fan momento cerrar la cuenta,\/ pedir los abrigos [&hellip;]<\/p>\n","protected":false},"author":249,"featured_media":0,"comment_status":"open","ping_status":"closed","sticky":false,"template":"","format":"standard","meta":{"footnotes":""},"categories":[26],"tags":[],"class_list":["post-868","post","type-post","status-publish","format-standard","hentry","category-mundo"],"_links":{"self":[{"href":"http:\/\/eloficiodehistoriar.com.mx\/index.php?rest_route=\/wp\/v2\/posts\/868","targetHints":{"allow":["GET"]}}],"collection":[{"href":"http:\/\/eloficiodehistoriar.com.mx\/index.php?rest_route=\/wp\/v2\/posts"}],"about":[{"href":"http:\/\/eloficiodehistoriar.com.mx\/index.php?rest_route=\/wp\/v2\/types\/post"}],"author":[{"embeddable":true,"href":"http:\/\/eloficiodehistoriar.com.mx\/index.php?rest_route=\/wp\/v2\/users\/249"}],"replies":[{"embeddable":true,"href":"http:\/\/eloficiodehistoriar.com.mx\/index.php?rest_route=%2Fwp%2Fv2%2Fcomments&post=868"}],"version-history":[{"count":0,"href":"http:\/\/eloficiodehistoriar.com.mx\/index.php?rest_route=\/wp\/v2\/posts\/868\/revisions"}],"wp:attachment":[{"href":"http:\/\/eloficiodehistoriar.com.mx\/index.php?rest_route=%2Fwp%2Fv2%2Fmedia&parent=868"}],"wp:term":[{"taxonomy":"category","embeddable":true,"href":"http:\/\/eloficiodehistoriar.com.mx\/index.php?rest_route=%2Fwp%2Fv2%2Fcategories&post=868"},{"taxonomy":"post_tag","embeddable":true,"href":"http:\/\/eloficiodehistoriar.com.mx\/index.php?rest_route=%2Fwp%2Fv2%2Ftags&post=868"}],"curies":[{"name":"wp","href":"https:\/\/api.w.org\/{rel}","templated":true}]}}