{"id":869,"date":"2008-07-31T10:45:17","date_gmt":"2008-07-31T15:45:17","guid":{"rendered":"https:\/\/eloficiodehistoriar.com.mx\/?p=869"},"modified":"2008-07-31T11:00:13","modified_gmt":"2008-07-31T16:00:13","slug":"adios-a-victor-hugo-rascon-hay-chihuahua-no-te-rajes","status":"publish","type":"post","link":"http:\/\/eloficiodehistoriar.com.mx\/?p=869","title":{"rendered":"Adios a V\u00edctor Hugo Rasc\u00f3n, Hay chihuahua no te rajes&#8230;"},"content":{"rendered":"<h1 class=\"title_normal\"><strong>Muere<\/strong><\/h1>\n<h1 class=\"title_normal\"><\/h1>\n<h1 class=\"title_normal\"><strong>\u00a0el dramaturgo mexicano <\/strong><\/h1>\n<h1 class=\"title_normal\"><\/h1>\n<h1 class=\"title_normal\"><\/h1>\n<h1 class=\"title_normal\"><\/h1>\n<h1 class=\"title_normal\"><strong>V\u00edctor Hugo Rasc\u00f3n<\/strong><\/h1>\n<p class=\"ggchild c1 relatedlinks\">&nbsp;<\/p>\n<p class=\"img_normal\"><img loading=\"lazy\" decoding=\"async\" width=\"160\" src=\"http:\/\/blstb.msn.com\/i\/49\/FE2D2B624611F994C84D618B2F6A60.jpg\" alt=\"FOTO: Notimex\" height=\"241\" \/><\/p>\n<p style=\"padding-right: 0cm; margin-top: 0cm; padding-left: 0cm; margin-bottom: 10pt; line-height: 115%\">&nbsp;<\/p>\n<p style=\"padding-right: 0cm; margin-top: 0cm; padding-left: 0cm; margin-bottom: 10pt; line-height: 115%\">\u00a0<span style=\"font-size: 11pt; font-family: Arial\">\u201cEscrib\u00ed como hace cualquiera por primera vez: acerca de la carga que tra\u00eda en mi valija: sue\u00f1os, recuerdos de la sierra d\u00f3nde nac\u00ed, de un pueblo que tiene 250 a\u00f1os de existir y a donde llegaron los Rasc\u00f3n a fundar un mineral.\u201d<\/p>\n<p><span style=\"font-size: 11pt; font-family: Arial\"><br \/>\nPara 1980, con m\u00e1s de 10 obras de teatro Rasc\u00f3n Banda era reconocido en el medio cultural, por lo que incursion\u00f3 en la novela con <em>Contrabando<\/em>-Premio Juan Rulfo (1991)-, que ir\u00f3nicamente fue rechazada al menos por tres casas editoriales a pesar de haber sido recomendada por Vicente Le\u00f1ero, Silvia Molina y Ruy S\u00e1nchez, y a\u00fan se mantiene in\u00e9dita. Por lo tanto, V\u00edctor Hugo la tuvo que adaptar como obra teatral para que fuera presentada al p\u00fablico de alguna manera. A esta sigui\u00f3 el t\u00edtulo <em>Volver a Santa Rosa<\/em>.<\/p>\n<p><\/span><\/span><\/p>\n<p style=\"padding-right: 0cm; margin-top: 0cm; padding-left: 0cm; margin-bottom: 10pt; line-height: 115%\"><span style=\"font-size: 11pt; font-family: Arial\"><span style=\"font-size: 11pt; font-family: Arial\">Con una larga trayectoria que incluye la dramaturgia, el montaje de obras, su incursi\u00f3n en la literatura, tambi\u00e9n ha colaborado en diversas publicaciones como el extinto suplemento cultura <em>Confabulario<\/em>, editado por El Universal, as\u00ed como para la revista Proceso<\/span><br \/>\n<\/span><\/p>\n<p style=\"padding-right: 0cm; margin-top: 0cm; padding-left: 0cm; margin-bottom: 10pt; line-height: 115%\">&nbsp;<\/p>\n<p style=\"padding-right: 0cm; margin-top: 0cm; padding-left: 0cm; margin-bottom: 10pt; line-height: 115%\"><font face=\"Tahoma\" style=\"font-size: 8.5pt\">Esta madrugada, falleci\u00f3 uno de los m\u00e1s grandes dramaturgos mexicanos de todos los tiempos, V\u00edctor Hugo Rasc\u00f3n Banda, quien dirig\u00eda la Sociedad General de Escritores de M\u00e9xico, (Sogem).<\/font><\/p>\n<p style=\"padding-right: 0cm; margin-top: 0cm; padding-left: 0cm; margin-bottom: 10pt; line-height: 115%\"><font face=\"Tahoma\" style=\"font-size: 8.5pt\">En su programa, Ricardo Rocha, dio a conocer la noticia y record\u00f3 que el escritor, cr\u00edtico teatral, guionista y argumentista de cine, naci\u00f3 en Uru\u00e1chic, Chihuahua, el 6 de agosto de 1948. <\/font><\/p>\n<p style=\"padding-right: 0cm; margin-top: 0cm; padding-left: 0cm; margin-bottom: 10pt; line-height: 115%\"><font face=\"Tahoma\" style=\"font-size: 8.5pt\">Cabe mencionar que Rasc\u00f3n Banda fue profesor egresado de la Escuela Normal de Chihuahua y estudi\u00f3 la especializaci\u00f3n en Lengua y Literatura Espa\u00f1olas en la Escuela Normal Superior Jos\u00e9 Medrano, posteriormente se traslad\u00f3 a la Ciudad de M\u00e9xico donde obtuvo el doctorado en Derecho en la Universidad Nacional Aut\u00f3noma de M\u00e9xico (UNAM).<\/font><\/p>\n<p style=\"padding-right: 0cm; margin-top: 0cm; padding-left: 0cm; margin-bottom: 10pt; line-height: 115%\"><font face=\"Tahoma\" style=\"font-size: 8.5pt\">Los restos del escritor ser\u00e1n trasladados a una agencia funeraria ubicada en F\u00e9lix Cuevas.<\/font><\/p>\n<p style=\"padding-right: 0cm; margin-top: 0cm; padding-left: 0cm; margin-bottom: 10pt; line-height: 115%\">&nbsp;<\/p>\n<p style=\"padding-right: 0cm; margin-top: 0cm; padding-left: 0cm; margin-bottom: 10pt; line-height: 115%\"><font face=\"Tahoma\">Nota dada por el periodista Ricardo Rocha, en su noticiero \u00abDetras de la noticia\u00bb hoy a las seis horas.<\/font><\/p>\n","protected":false},"excerpt":{"rendered":"<p>Muere \u00a0el dramaturgo mexicano V\u00edctor Hugo Rasc\u00f3n &nbsp; &nbsp; \u00a0\u201cEscrib\u00ed como hace cualquiera por primera vez: acerca de la carga que tra\u00eda en mi valija: sue\u00f1os, recuerdos de la sierra d\u00f3nde nac\u00ed, de un pueblo que tiene 250 a\u00f1os de existir y a donde llegaron los Rasc\u00f3n a fundar un mineral.\u201d Para 1980, con m\u00e1s [&hellip;]<\/p>\n","protected":false},"author":249,"featured_media":0,"comment_status":"open","ping_status":"closed","sticky":false,"template":"","format":"standard","meta":{"footnotes":""},"categories":[26],"tags":[],"class_list":["post-869","post","type-post","status-publish","format-standard","hentry","category-mundo"],"_links":{"self":[{"href":"http:\/\/eloficiodehistoriar.com.mx\/index.php?rest_route=\/wp\/v2\/posts\/869","targetHints":{"allow":["GET"]}}],"collection":[{"href":"http:\/\/eloficiodehistoriar.com.mx\/index.php?rest_route=\/wp\/v2\/posts"}],"about":[{"href":"http:\/\/eloficiodehistoriar.com.mx\/index.php?rest_route=\/wp\/v2\/types\/post"}],"author":[{"embeddable":true,"href":"http:\/\/eloficiodehistoriar.com.mx\/index.php?rest_route=\/wp\/v2\/users\/249"}],"replies":[{"embeddable":true,"href":"http:\/\/eloficiodehistoriar.com.mx\/index.php?rest_route=%2Fwp%2Fv2%2Fcomments&post=869"}],"version-history":[{"count":0,"href":"http:\/\/eloficiodehistoriar.com.mx\/index.php?rest_route=\/wp\/v2\/posts\/869\/revisions"}],"wp:attachment":[{"href":"http:\/\/eloficiodehistoriar.com.mx\/index.php?rest_route=%2Fwp%2Fv2%2Fmedia&parent=869"}],"wp:term":[{"taxonomy":"category","embeddable":true,"href":"http:\/\/eloficiodehistoriar.com.mx\/index.php?rest_route=%2Fwp%2Fv2%2Fcategories&post=869"},{"taxonomy":"post_tag","embeddable":true,"href":"http:\/\/eloficiodehistoriar.com.mx\/index.php?rest_route=%2Fwp%2Fv2%2Ftags&post=869"}],"curies":[{"name":"wp","href":"https:\/\/api.w.org\/{rel}","templated":true}]}}