{"id":87,"date":"2008-05-21T20:34:57","date_gmt":"2008-05-22T01:34:57","guid":{"rendered":"https:\/\/eloficiodehistoriar.com.mx\/?p=87"},"modified":"2008-05-25T06:43:29","modified_gmt":"2008-05-25T11:43:29","slug":"el-pueblo-de-san-miguel-carrillo","status":"publish","type":"post","link":"http:\/\/eloficiodehistoriar.com.mx\/?p=87","title":{"rendered":"El pueblo de San Miguel Carrillo"},"content":{"rendered":"<p><strong><span style=\"font-size: 14pt; font-family: Arial\">El Pueblo de San Miguel Carrillo<o:p><\/o:p><\/span><\/strong><strong><span style=\"font-family: Arial\"><o:p>\u00a0<\/o:p><\/span><\/strong><\/p>\n<p style=\"margin: 0cm 0cm 0pt; text-align: justify\" class=\"MsoNormal\"><span style=\"font-family: Arial\">Mientras las campanas de la centenaria capilla de indios, repica y los cohetes gritan dentro de un ritmo arm\u00f3nico, este pueblo otom\u00ed, comido por la ciudad de Quer\u00e9taro, se prepara para la fiesta del dios de la guerra, San Miguel Arc\u00e1ngel, este pr\u00f3ximo 29 de septiembre, para no perder la tradici\u00f3n.<\/span><\/p>\n<p><span style=\"font-family: Arial\"><o:p><\/o:p><\/span>\u00a0<span style=\"font-family: Arial\"><o:p>\u00a0<\/o:p><\/span><span style=\"font-family: Arial\">La mesa de danza de Concheros bajo el mando del capit\u00e1n Manuel Cabrera mantienen su palabra de ir a cumplir la manda de danzar incansablemente, pero solo mientras la mayordom\u00eda recaiga en mano de los indios otom\u00edes, los due\u00f1os antiguos de estas f\u00e9rtiles tierras.<o:p><\/o:p><\/span><span style=\"font-family: Arial\"><o:p>\u00a0<\/o:p><\/span><\/p>\n<p style=\"margin: 0cm 0cm 0pt; text-align: justify\" class=\"MsoNormal\"><span style=\"font-family: Arial\">Mientras el cura de la cincuentenaria parroquia habla de la nueva integraci\u00f3n de sus 60 mil fieles, del espacio habitacional en que se ha convertido la zona, dejando atr\u00e1s los alfalfares, las milpas, los usos y costumbres, sin importarle que se despojaba a nuestra ciudad de un enclave cultural de primera categor\u00eda.<\/span><\/p>\n<p><span style=\"font-family: Arial\"><o:p><\/o:p><\/span>\u00a0<span style=\"font-family: Arial\"><o:p>\u00a0<\/o:p><\/span><\/p>\n<p style=\"margin: 0cm 0cm 0pt; text-align: justify\" class=\"MsoNormal\"><st1:personname ProductID=\"La Banda\" w:st=\"on\"><span style=\"font-family: Arial\">La Banda<\/span><\/st1:personname><span style=\"font-family: Arial\"> de Santa Cecilia, la del Llanito, la de Los Ram\u00edrez, la de Los L\u00f3pez, entre otras, mantienen la tradici\u00f3n de excelentes m\u00fasicos a los indios originarios de Carrillo, inspirados en las higueras, en su capilla que le quitaron su espada\u00f1a para colocarle una \u201ctorre\u201d.<\/span><\/p>\n<p style=\"margin: 0cm 0cm 0pt; text-align: justify\" class=\"MsoNormal\"><span style=\"font-family: Arial\"><\/span><\/p>\n<p><span style=\"font-family: Arial\"><o:p><\/o:p><\/span>\u00a0<span style=\"font-family: Arial\"><o:p>\u00a0<\/o:p><\/span><\/p>\n<p style=\"margin: 0cm 0cm 0pt; text-align: justify\" class=\"MsoNormal\"><span style=\"font-family: Arial\">Desde 1986 le ha tocado a Cecilio Mart\u00ednez Pilar ser el \u201cpresidente de <st1:personname ProductID=\"la Comisi?n\" w:st=\"on\">la Comisi\u00f3n<\/st1:personname>\u201d , dir\u00edamos mejor el Mayordomo de la fiesta, quien convoca a todos para seguir manteniendo viva \u201c<st1:personname ProductID=\"La Costumbre\" w:st=\"on\">La Costumbre<\/st1:personname>\u201d.<\/span><\/p>\n<p><span style=\"font-family: Arial\"><o:p><\/o:p><\/span>\u00a0<span style=\"font-family: Arial\"><o:p>\u00a0<\/o:p><\/span><\/p>\n<p style=\"margin: 0cm 0cm 0pt; text-align: justify\" class=\"MsoNormal\"><span style=\"font-family: Arial\">La papeler\u00eda, la tortiller\u00eda, la miscel\u00e1nea, entre otros patrocinan el cartel que anuncia la fiesta, mientras otros y otras re\u00fanen sus esfuerzos para alimentar durante tres d\u00edas a los m\u00fasicos y a los visitantes. Gasto y trabajo, pero bien vale la pena.<\/span><\/p>\n<p><span style=\"font-family: Arial\"><o:p><\/o:p><\/span>\u00a0<span style=\"font-family: Arial\"><o:p>\u00a0<\/o:p><\/span><\/p>\n<p style=\"margin: 0cm 0cm 0pt; text-align: justify\" class=\"MsoNormal\"><span style=\"font-family: Arial\">Se anuncia la quema del castillo, los fuegos pirot\u00e9cnicos, las bandas de m\u00fasica, la danza del Se\u00f1or de Las Maravillas y del Pr\u00edncipe San Miguel Arc\u00e1ngel.<\/span><\/p>\n<p><span style=\"font-family: Arial\"><o:p><\/o:p><\/span>\u00a0<span style=\"font-family: Arial\"><o:p>\u00a0<\/o:p><\/span><\/p>\n<p style=\"margin: 0cm 0cm 0pt; text-align: justify\" class=\"MsoNormal\"><span style=\"font-family: Arial\">Saldr\u00e1 a tiempo el Gallo para anunciar la fiesta, ir\u00e1 con estrellas, farolas, bandas de m\u00fasica, terminar\u00e1n con las ma\u00f1anitas. El Se\u00f1or San Miguel recorrer\u00e1 el pueblo en andas bellamente adornadas, con las ofrendas florales.<\/span><\/p>\n<p><span style=\"font-family: Arial\"><o:p><\/o:p><\/span>\u00a0<span style=\"font-family: Arial\"><o:p>\u00a0<\/o:p><\/span><\/p>\n<p style=\"margin: 0cm 0cm 0pt; text-align: justify\" class=\"MsoNormal\"><span style=\"font-family: Arial\">Los barrios de Carrillo: Santa Cecilia, el de San Pedro, el de San Antonio, Los Carlos, El Llanito, San Juanita, Las maravillas, las colonias obreras como El Tintero, antigua hacienda, Santa M\u00f3nica, lo mismo, se unir\u00e1n al festejo.<\/span><\/p>\n<p><span style=\"font-family: Arial\"><o:p><\/o:p><\/span>\u00a0<span style=\"font-family: Arial\"><o:p>\u00a0<\/o:p><\/span><\/p>\n<p style=\"margin: 0cm 0cm 0pt; text-align: justify\" class=\"MsoNormal\"><span style=\"font-family: Arial\">Se han perdido ya las festividades de <st1:personname ProductID=\"La Santa Cruz\" w:st=\"on\"><st1:personname ProductID=\"La Santa\" w:st=\"on\">La Santa<\/st1:personname> Cruz<\/st1:personname>, La de San Isidro, la del Corpus, solo quedan la del 12 de diciembre y esta la de el patrono San Miguel, esto parece no decirle nada a nadie, pero quien sabe lamenta la ignorancia y la p\u00e9rdida de estos acontecimientos, que solo empobrecen a Quer\u00e9taro. <\/span><\/p>\n<p><span style=\"font-family: Arial\"><o:p><\/o:p><\/span>\u00a0<span style=\"font-family: Arial\"><o:p>\u00a0<\/o:p><\/span><\/p>\n<p style=\"margin: 0cm 0cm 0pt; text-align: justify\" class=\"MsoNormal\"><span style=\"font-family: Arial\">En 1957 cuando los habitantes del legendario Pueblo de Carrillo fueron <span>\u00a0<\/span>desmembrados <span>\u00a0<\/span>de la parroquia de indios de San Sebasti\u00e1n,<span>\u00a0 <\/span>se constituy\u00f3 en una nueva parroquia por instrucciones del Obispo Marciano Tinajero y Estrada.<\/span><\/p>\n<p><span style=\"font-family: Arial\"><o:p><\/o:p><\/span>\u00a0<span style=\"font-family: Arial\"><o:p>\u00a0<\/o:p><\/span><\/p>\n<p style=\"margin: 0cm 0cm 0pt; text-align: justify\" class=\"MsoNormal\"><span style=\"font-family: Arial\">Ellos extra\u00f1an a los antiguos pueblos de Santa Mar\u00eda Magdalena, al del Pueblito, al de <st1:personname ProductID=\"La Ca?ada\" w:st=\"on\">La Ca\u00f1ada<\/st1:personname>, al de H\u00e9rcules, entre otros que compart\u00edan y cooperaban con la fiesta.<\/span><\/p>\n<p><span style=\"font-family: Arial\"><o:p><\/o:p><\/span>\u00a0<span style=\"font-family: Arial\"><o:p>\u00a0<\/o:p><\/span><\/p>\n<p style=\"margin: 0cm 0cm 0pt; text-align: justify\" class=\"MsoNormal\"><span style=\"font-family: Arial\">A partir del 17 de septiembre hasta el 29, comunidades e indios de Carrillo compartir\u00e1n el sonido alegre de las campanas y los cohetes, que invitan a la fiesta, a la comida \u201cgratis\u201d para todos, a los juegos mec\u00e1nicos, a misa a la entrada de la cera, al gallo, a las ma\u00f1anitas, en una palabra a <st1:personname ProductID=\"La Fiesta.\" w:st=\"on\">La Fiesta.<\/st1:personname><\/span><\/p>\n<p><span style=\"font-family: Arial\"><st1:personname ProductID=\"La Fiesta.\" w:st=\"on\"><\/st1:personname><o:p><\/o:p><\/span>\u00a0<span style=\"font-family: Arial\"><o:p>\u00a0<\/o:p><\/span><strong><span style=\"font-family: Arial\"><o:p>\u00a0<\/o:p><\/span><\/strong><\/p>\n","protected":false},"excerpt":{"rendered":"<p>El Pueblo de San Miguel Carrillo\u00a0 Mientras las campanas de la centenaria capilla de indios, repica y los cohetes gritan dentro de un ritmo arm\u00f3nico, este pueblo otom\u00ed, comido por la ciudad de Quer\u00e9taro, se prepara para la fiesta del dios de la guerra, San Miguel Arc\u00e1ngel, este pr\u00f3ximo 29 de septiembre, para no perder [&hellip;]<\/p>\n","protected":false},"author":249,"featured_media":0,"comment_status":"open","ping_status":"closed","sticky":false,"template":"","format":"standard","meta":{"footnotes":""},"categories":[8],"tags":[],"class_list":["post-87","post","type-post","status-publish","format-standard","hentry","category-ciudad-de-queretaro"],"_links":{"self":[{"href":"http:\/\/eloficiodehistoriar.com.mx\/index.php?rest_route=\/wp\/v2\/posts\/87","targetHints":{"allow":["GET"]}}],"collection":[{"href":"http:\/\/eloficiodehistoriar.com.mx\/index.php?rest_route=\/wp\/v2\/posts"}],"about":[{"href":"http:\/\/eloficiodehistoriar.com.mx\/index.php?rest_route=\/wp\/v2\/types\/post"}],"author":[{"embeddable":true,"href":"http:\/\/eloficiodehistoriar.com.mx\/index.php?rest_route=\/wp\/v2\/users\/249"}],"replies":[{"embeddable":true,"href":"http:\/\/eloficiodehistoriar.com.mx\/index.php?rest_route=%2Fwp%2Fv2%2Fcomments&post=87"}],"version-history":[{"count":0,"href":"http:\/\/eloficiodehistoriar.com.mx\/index.php?rest_route=\/wp\/v2\/posts\/87\/revisions"}],"wp:attachment":[{"href":"http:\/\/eloficiodehistoriar.com.mx\/index.php?rest_route=%2Fwp%2Fv2%2Fmedia&parent=87"}],"wp:term":[{"taxonomy":"category","embeddable":true,"href":"http:\/\/eloficiodehistoriar.com.mx\/index.php?rest_route=%2Fwp%2Fv2%2Fcategories&post=87"},{"taxonomy":"post_tag","embeddable":true,"href":"http:\/\/eloficiodehistoriar.com.mx\/index.php?rest_route=%2Fwp%2Fv2%2Ftags&post=87"}],"curies":[{"name":"wp","href":"https:\/\/api.w.org\/{rel}","templated":true}]}}