{"id":879,"date":"2008-08-01T08:08:23","date_gmt":"2008-08-01T13:08:23","guid":{"rendered":"https:\/\/eloficiodehistoriar.com.mx\/?p=879"},"modified":"2008-08-01T08:08:23","modified_gmt":"2008-08-01T13:08:23","slug":"las-desgracias-de-rimbaud-nos-siguen-explicando","status":"publish","type":"post","link":"http:\/\/eloficiodehistoriar.com.mx\/?p=879","title":{"rendered":"Las desgracias de Rimbaud nos siguen explicando"},"content":{"rendered":"<p style=\"border-right: medium none; border-top: medium none; border-left: medium none; border-bottom: #dddddd 1.5pt solid; padding: 0cm\">\n<h1 align=\"center\" style=\"margin: 0cm 0cm 3pt; text-align: center\"><strong><span style=\"font-size: 16pt; font-family: Arial\">Las desgracias de Rimbaud nos siguen explicando<o:p><\/o:p><\/span><\/strong><\/h1>\n<p align=\"center\" style=\"margin: auto 0cm; text-align: center\" class=\"author\"><em><span style=\"font-family: Arial\"><\/span><\/em><\/p>\n<p align=\"center\" style=\"margin: auto 0cm; text-align: center\" class=\"author\"><em><span style=\"font-family: Arial\">TANIA MOLINA RAMIREZ<\/span><\/em><\/p>\n<p><em><span style=\"font-family: Arial\"><o:p><\/o:p><\/span><\/em>\u00a0<\/p>\n<p style=\"text-align: justify\"><span style=\"font-family: Arial\"><\/span><\/p>\n<p><span style=\"font-family: Arial\">Gracias a un mexicano, un franc\u00e9s descubri\u00f3 las maravillas de uno de los grandes poetas de su pa\u00eds, Arthur Rimbaud. \u00abMe acerc\u00f3 a mi propia cultura para que yo me descubriera\u00bb, dijo el actor franc\u00e9s Julien Le Gargasson sobre el director teatral mexicano Guillermo Le\u00f3n.<o:p><\/o:p><\/span><\/p>\n<p style=\"text-align: justify\"><span style=\"font-family: Arial\"><\/span><\/p>\n<p><span style=\"font-family: Arial\">Ahora, ambos, junto con los dem\u00e1s integrantes del grupo Teatro del Viento, presentan la obra de un solo actor <em><span style=\"font-family: Arial\">L&#8217;Homme avec le fusil sur le sable<\/span><\/em> (<em><span style=\"font-family: Arial\">El hombre con el fusil sobre la arena<\/span><\/em>), basada en <em><span style=\"font-family: Arial\">Una temporada en el infierno<\/span><\/em> (1873), de Rimbaud, y en cartas de <em><span style=\"font-family: Arial\">l&#8217;enfant terrible<\/span><\/em>, en <st1:personname ProductID=\"la Casa\" w:st=\"on\">la Casa<\/st1:personname> del Lago, de <st1:personname ProductID=\"la Universidad Nacional\" w:st=\"on\">la Universidad Nacional<\/st1:personname> Aut\u00f3noma de M\u00e9xico (UNAM), durante junio.<o:p><\/o:p><\/span><\/p>\n<p style=\"text-align: justify\"><span style=\"font-family: Arial\"><\/span><\/p>\n<p><span style=\"font-family: Arial\">El pasado viernes 8 se estren\u00f3 la obra y, a pesar de la gran tormenta que cay\u00f3 un poco antes, hubo casa llena, en su mayor\u00eda, j\u00f3venes.<o:p><\/o:p><\/span><\/p>\n<p style=\"text-align: justify\"><span style=\"font-family: Arial\"><\/span><\/p>\n<p><span style=\"font-family: Arial\">Guillermo Le\u00f3n, director de la obra, tras la presentaci\u00f3n, habl\u00f3 con este diario sobre la relevancia actual de la obra de Rimbaud: \u00abDesgraciadamente, todas sus desgracias nos siguen explicando. Vivimos esta modernidad cada vez m\u00e1s jodida y nos hace falta discutirlo. Se habla mucho de Rimbaud, que si andaba con Verlaine, que si estaba loquito, que era un maldito y tomaba <em><span style=\"font-family: Arial\">absinthe<\/span><\/em>&#8230; No nos importa mucho hablar de eso ahora. Nos importa hablar de esta suerte de vaciamiento que le va sucediendo hasta volverse un asceta\u00bb.<o:p><\/o:p><\/span><\/p>\n<p style=\"text-align: justify\"><span style=\"font-family: Arial\"><\/span><\/p>\n<p><span style=\"font-family: Arial\">Rimbaud, el c\u00e9lebre transgresor moral que influy\u00f3 fuertemente en el arte moderno, escribi\u00f3 el poema <em><span style=\"font-family: Arial\">Una temporada en el infierno<\/span><\/em> a los 17 a\u00f1os. Al grupo teatral le interesa mucho que j\u00f3venes vean la puesta en escena. \u00abRimbaud es m\u00e1s admirado que conocido. Inclusive en Francia, donde estrenamos la obra\u00bb, dijo el director, de 34 a\u00f1os.<o:p><\/o:p><\/span><\/p>\n<p style=\"text-align: justify\"><span style=\"font-family: Arial\"><\/span><\/p>\n<p><span style=\"font-family: Arial\">El actor Julien Le Gargasson, de 25 a\u00f1os, dijo al respecto, a este diario: \u00abDe Rimbaud supe en la escuela, como todo buen franc\u00e9s, pero no le entend\u00eda nada. Lo ve\u00eda como un monumento, como el Arco del Triunfo, algo muerto que no me hablaba. No me interesaba\u00bb.<o:p><\/o:p><\/span><\/p>\n<p style=\"text-align: justify\"><span style=\"font-family: Arial\"><\/span><\/p>\n<p><span style=\"font-family: Arial\">Hasta que Guillermo Le\u00f3n se lo present\u00f3 de verdad \u00abEmpec\u00e9 a trabajar la obra y descubr\u00ed que Rimbaud era un chavo como yo. Como dice Guillermo, se volvi\u00f3 un compa\u00f1ero de viaje, lo agarr\u00e9 de la mano y estoy muy orgulloso de haber encontrado una persona de mi cultura, una cultura tan pesada como la francesa, y poder decir, esta persona es humana, no es un edificio. La gente que lo glorifica hace mal, porque los chavos en Francia dicen, s\u00ed, es el mejor poeta, pero nadie lo conoce\u00bb. Y, tras una pausa, a\u00f1adi\u00f3: \u00abA lo mejor es una decisi\u00f3n pol\u00edtica porque <em><span style=\"font-family: Arial\">Una temporada&#8230;<\/span><\/em> es una obra muy corrosiva, a la mejor no quieren ense\u00f1ar eso a los ni\u00f1os, a lo mejor se volver\u00edan demasiado libres\u00bb.<o:p><\/o:p><\/span><\/p>\n<p style=\"text-align: justify\"><em><span style=\"font-family: Arial\"><\/span><\/em><\/p>\n<p><em><span style=\"font-family: Arial\">La esencia del hombre<\/span><\/em><span style=\"font-family: Arial\"> <o:p><\/o:p><\/span><\/p>\n<p style=\"text-align: justify\"><span style=\"font-family: Arial\"><\/span><\/p>\n<p><span style=\"font-family: Arial\">El Teatro del Viento surgi\u00f3 en 2003, con un elenco de franceses y mexicanos. Han montado obras y dado talleres en ambos idiomas. Una caracter\u00edstica del grupo es que quien fue actor en una obra a la siguiente puede ser t\u00e9cnico, y viceversa.<o:p><\/o:p><\/span><\/p>\n<p style=\"text-align: justify\"><span style=\"font-family: Arial\"><\/span><\/p>\n<p><span style=\"font-family: Arial\">Originalmente, el director cre\u00f3 <em><span style=\"font-family: Arial\">El hombre con el fusil&#8230;<\/span><\/em> para ser montado en Francia. El a\u00f1o pasado, se present\u00f3 exitosamente en Lyon. Hicieron un par de presentaciones en la ciudad de M\u00e9xico, y, tras platicar con el encargado de <st1:personname ProductID=\"la Casa\" w:st=\"on\">la Casa<\/st1:personname> del Lago, Jos\u00e9 Luis Paredes Pacho, decidieron hacer una temporada en este espacio.<o:p><\/o:p><\/span><\/p>\n<p style=\"text-align: justify\"><span style=\"font-family: Arial\"><\/span><\/p>\n<p><span style=\"font-family: Arial\">La obra explora \u00abla transformaci\u00f3n corporal de los textos\u00bb, aprovechando que el actor tambi\u00e9n es bailar\u00edn.<o:p><\/o:p><\/span><\/p>\n<p style=\"text-align: justify\"><span style=\"font-family: Arial\"><\/span><\/p>\n<p><span style=\"font-family: Arial\">El personaje interpretado no es Rimbaud, sino El Hombre: \u00abEs un hombre que se descubre en medio de la raz\u00f3n, la ciencia, la civilizaci\u00f3n, la cultura, y esta misma lo destruye. Por eso <em><span style=\"font-family: Arial\">El hombre con el fusil sobre la arena<\/span><\/em>, cultura contra natura: \u00bfcu\u00e1l es mi esencia? \u00bfel fusil o la tierra sobre la que camino?\u00bb, dijo Le\u00f3n.<o:p><\/o:p><\/span><\/p>\n<p style=\"text-align: justify\"><span style=\"font-family: Arial\"><\/span><\/p>\n<p><span style=\"font-family: Arial\">El actor explic\u00f3 que a diferencia de otras obras, en este no \u00abentra\u00bb en el personaje antes de salir al escenario. M\u00e1s bien, \u00abme vac\u00edo de m\u00ed mismo y me hago silencio, para que despu\u00e9s entren las cosas: el texto, los humores, el aire, el ruido, la luz, la imaginaci\u00f3n\u00bb.<o:p><\/o:p><\/span><\/p>\n<p style=\"text-align: justify\"><span style=\"font-family: Arial\"><\/span><\/p>\n<p><span style=\"font-family: Arial\">La est\u00e9tica de la obra, como describi\u00f3 el director, es fragmentada: hay partes de textos, sonoros, pl\u00e1sticos&#8230; Queremos que el p\u00fablico vaya construyendo\u00bb.<o:p><\/o:p><\/span><\/p>\n<p style=\"text-align: justify\"><span style=\"font-family: Arial\"><\/span><\/p>\n<p><span style=\"font-family: Arial\">La obra se presenta en franc\u00e9s, con subt\u00edtulos, para, seg\u00fan Teatro del Viento, \u00abpermitir al p\u00fablico disfrutar del ritmo, sonoridad y musicalidad de la lengua\u00bb. La lectura de los subt\u00edtulos, sin embargo, impide seguir por completo los movimientos del actor.<o:p><\/o:p><\/span><\/p>\n<p style=\"text-align: justify\"><em><span style=\"font-family: Arial\"><\/span><\/em><\/p>\n<p><em><span style=\"font-family: Arial\">Destruirlo todo<\/span><\/em><span style=\"font-family: Arial\"> <o:p><\/o:p><\/span><\/p>\n<p style=\"text-align: justify\"><span style=\"font-family: Arial\"><\/span><\/p>\n<p><span style=\"font-family: Arial\">\u00abAnta\u00f1o, si mal no recuerdo, mi vida era un fest\u00edn donde corr\u00edan todos los vinos, donde se abr\u00edan todos los corazones.\/ Una noche, sent\u00e9 a <st1:personname ProductID=\"la Belleza\" w:st=\"on\">la Belleza<\/st1:personname> en mis rodillas. Y la encontr\u00e9 amarga. Y la injuri\u00e9.\u00bb As\u00ed comienza <em><span style=\"font-family: Arial\">Una temporada en el infierno<\/span><\/em>.<o:p><\/o:p><\/span><\/p>\n<p style=\"text-align: justify\"><span style=\"font-family: Arial\"><\/span><\/p>\n<p><span style=\"font-family: Arial\">Un tema esencial en la obra de teatro es la belleza. Al respecto, Julien Le Gargasson dijo: \u00abTen\u00eda todo puesto a los 18 a\u00f1os. No salgo de un medio burgu\u00e9s pero no me hizo falta nada. Ten\u00eda la oportunidad f\u00e1cil de ver la belleza. Pero justo cuando lo tienes todo puesto y hecho, no te das cuenta de lo que tienes frente a ti. Tienes que destruir todo (apuntar con un fusil) para darte cuenta de la belleza. Y en este vac\u00edo, en este desierto, que le pasa al personaje, puede encontrar la belleza. Ahora s\u00ed puede saludar a la belleza, reconocerla\u00bb.<o:p><\/o:p><\/span><span style=\"font-family: Arial\">\u00a0<o:p><\/o:p><\/span><span style=\"font-family: Arial\"><o:p>\u00a0<\/o:p><\/span><\/p>\n","protected":false},"excerpt":{"rendered":"<p>Las desgracias de Rimbaud nos siguen explicando TANIA MOLINA RAMIREZ \u00a0 Gracias a un mexicano, un franc\u00e9s descubri\u00f3 las maravillas de uno de los grandes poetas de su pa\u00eds, Arthur Rimbaud. \u00abMe acerc\u00f3 a mi propia cultura para que yo me descubriera\u00bb, dijo el actor franc\u00e9s Julien Le Gargasson sobre el director teatral mexicano Guillermo [&hellip;]<\/p>\n","protected":false},"author":249,"featured_media":0,"comment_status":"open","ping_status":"closed","sticky":false,"template":"","format":"standard","meta":{"footnotes":""},"categories":[26],"tags":[],"class_list":["post-879","post","type-post","status-publish","format-standard","hentry","category-mundo"],"_links":{"self":[{"href":"http:\/\/eloficiodehistoriar.com.mx\/index.php?rest_route=\/wp\/v2\/posts\/879","targetHints":{"allow":["GET"]}}],"collection":[{"href":"http:\/\/eloficiodehistoriar.com.mx\/index.php?rest_route=\/wp\/v2\/posts"}],"about":[{"href":"http:\/\/eloficiodehistoriar.com.mx\/index.php?rest_route=\/wp\/v2\/types\/post"}],"author":[{"embeddable":true,"href":"http:\/\/eloficiodehistoriar.com.mx\/index.php?rest_route=\/wp\/v2\/users\/249"}],"replies":[{"embeddable":true,"href":"http:\/\/eloficiodehistoriar.com.mx\/index.php?rest_route=%2Fwp%2Fv2%2Fcomments&post=879"}],"version-history":[{"count":0,"href":"http:\/\/eloficiodehistoriar.com.mx\/index.php?rest_route=\/wp\/v2\/posts\/879\/revisions"}],"wp:attachment":[{"href":"http:\/\/eloficiodehistoriar.com.mx\/index.php?rest_route=%2Fwp%2Fv2%2Fmedia&parent=879"}],"wp:term":[{"taxonomy":"category","embeddable":true,"href":"http:\/\/eloficiodehistoriar.com.mx\/index.php?rest_route=%2Fwp%2Fv2%2Fcategories&post=879"},{"taxonomy":"post_tag","embeddable":true,"href":"http:\/\/eloficiodehistoriar.com.mx\/index.php?rest_route=%2Fwp%2Fv2%2Ftags&post=879"}],"curies":[{"name":"wp","href":"https:\/\/api.w.org\/{rel}","templated":true}]}}