{"id":88,"date":"2008-05-21T21:34:34","date_gmt":"2008-05-22T02:34:34","guid":{"rendered":"https:\/\/eloficiodehistoriar.com.mx\/?p=88"},"modified":"2008-05-21T21:39:11","modified_gmt":"2008-05-22T02:39:11","slug":"el-jueves-de-corpus-christi","status":"publish","type":"post","link":"http:\/\/eloficiodehistoriar.com.mx\/?p=88","title":{"rendered":"El Jueves de Corpus Christi"},"content":{"rendered":"<p align=\"center\" style=\"margin: auto 0cm; text-align: center\" class=\"titulo2\"><span style=\"font-size: 18pt; font-family: Arial\"><strong><font color=\"#11213a\">La fiesta del jueves de<span>\u00a0 <\/span>CORPUS\u2026<\/font><\/strong><\/span><\/p>\n<p align=\"center\" style=\"margin: auto 0cm; text-align: center\" class=\"titulo2\"><span style=\"font-size: 18pt; font-family: Arial\"><strong><font color=\"#11213a\">Este Jueves ser\u00e1 la procesi\u00f3n de la Parroquia de Cristo Rey a la Catedral a partir de las 17 horas.<\/font><\/strong><\/span><\/p>\n<p><span style=\"font-size: 18pt; font-family: Arial\"><strong><font color=\"#11213a\"><o:p><\/o:p><\/font><\/strong><\/span>\u00a0<\/p>\n<p style=\"text-align: justify\"><span style=\"font-size: 12pt; font-family: Arial\"><font color=\"#333333\">En Quer\u00e9taro todav\u00eda en los comienzos de la segunda mitad del siglo XX se acostumbraba en Plaza de Armas hacerse la vendimia del CORPUS, los puestos ofrec\u00edan caballos de cart\u00f3n, espadas, cascos romanos, mu\u00f1ecas hechas en Celaya, dulces y juguetes de madera; todo para obsequiar a los ni\u00f1os con motivo de el Corpus Christi.<\/font><\/span><\/p>\n<p><span style=\"font-size: 12pt; font-family: Arial\"><font color=\"#333333\"><o:p><\/o:p><\/font><\/span>\u00a0<\/p>\n<p style=\"text-align: justify\"><span style=\"font-size: 12pt; font-family: Arial\"><font color=\"#333333\">Las procesiones con el Sant\u00edsimo eran dentro de los templos y los cantos recuerdan hasta ahora los tiempos cristeros de los a\u00f1os veintes del XX\u2026\u201d \u00a1Que viva mi Cristo que viva doquier, que impere su ley\u2026Viva Cristo Rey\u201d.<\/font><\/span><\/p>\n<p><span style=\"font-size: 12pt; font-family: Arial\"><font color=\"#333333\"><o:p><\/o:p><\/font><\/span>\u00a0<\/p>\n<p style=\"text-align: justify\"><span style=\"font-size: 12pt; font-family: Arial\"><font color=\"#333333\">Si nos alejamos<span>\u00a0 <\/span>al tiempo de la conquista europea de estas tierras recordaremos que la casa del Fald\u00f3n tiene su origen en un pleito de precedencia en la procesi\u00f3n del Corpus entre un ind\u00edgena autoridad y un gachup\u00edn.<\/font><\/span><\/p>\n<p><span style=\"font-size: 12pt; font-family: Arial\"><font color=\"#333333\"><o:p><\/o:p><\/font><\/span>\u00a0<span style=\"font-size: 12pt; font-family: Arial\"><font color=\"#333333\">Leamos el siguiente texto de <st1:personname ProductID=\"la C P\" w:st=\"on\"><st1:personname ProductID=\"la C\" w:st=\"on\">la C<\/st1:personname> P<\/st1:personname> I:<o:p><\/o:p><\/font><\/span><\/p>\n<p style=\"text-align: justify\"><span style=\"font-size: 12pt; font-family: Arial\"><font color=\"#333333\">La celebraci\u00f3n de Corpus Christi tiene sus inicios en la ciudad de Lieja, B\u00e9lgica en 1246 por iniciativa del Obispo Robert de Torete, Posteriormente fue extendida a toda la iglesia occidental por el Papa Urbano IV. Seg\u00fan los te\u00f3logos; Corpus Christi significa: <em><span style=\"font-family: Arial\">El cuerpo de Cristo <\/span><\/em>. <\/font><\/span><\/p>\n<p><span style=\"font-size: 12pt; font-family: Arial\"><font color=\"#333333\"><o:p><\/o:p><\/font><\/span>\u00a0<\/p>\n<p style=\"text-align: justify\"><span style=\"font-size: 12pt; font-family: Arial\"><font color=\"#333333\">La tradici\u00f3n de celebrar el <em><span style=\"font-family: Arial\">Jueves de Corpus <\/span><\/em>o <em><span style=\"font-family: Arial\">d\u00eda de las mulas<\/span><\/em>, como es conocida en algunas regiones del pa\u00eds, fue introducida en M\u00e9xico por los evangelizadores europeos, algunas versiones aseguran que desde 1529 ya se efectuaba dicha solemnidad. <\/font><\/span><\/p>\n<p><span style=\"font-size: 12pt; font-family: Arial\"><font color=\"#333333\"><o:p><\/o:p><\/font><\/span>\u00a0<\/p>\n<p style=\"text-align: justify\"><span style=\"font-size: 12pt; font-family: Arial\"><font color=\"#333333\">Pas\u00f3 el tiempo y en 1560, la fiesta era conocida por la alegr\u00eda de la gente y la fastuosidad con que se hac\u00eda la procesi\u00f3n. Daba inicio desde la catedral y transitaba por todos los rumbos de la ciudad, en la celebraci\u00f3n participaban cientos de habitantes de los barrios de <st1:personname ProductID=\"la Nueva Espa\u00f1a.\" w:st=\"on\">la Nueva Espa\u00f1a.<\/st1:personname> <\/font><\/span><\/p>\n<p><span style=\"font-size: 12pt; font-family: Arial\"><font color=\"#333333\"><o:p><\/o:p><\/font><\/span>\u00a0<\/p>\n<p style=\"text-align: justify\"><span style=\"font-size: 12pt; font-family: Arial\"><font color=\"#333333\">La peregrinaci\u00f3n sal\u00eda por la puerta poniente de <st1:personname ProductID=\"la Catedral\" w:st=\"on\">la Catedral<\/st1:personname> y era encabezada por el arzobispo, lo acompa\u00f1aban: El virrey, los sacerdotes, las ordenes religiosas, los ac\u00f3litos, las autoridades del municipio, las cofrad\u00edas y el pueblo en general. Al paso de la comitiva, la gente arrojaba flores y por delante varias ni\u00f1as tiraban p\u00e9talos de rosa. <\/font><\/span><\/p>\n<p><span style=\"font-size: 12pt; font-family: Arial\"><font color=\"#333333\"><o:p><\/o:p><\/font><\/span>\u00a0<\/p>\n<p style=\"text-align: justify\"><span style=\"font-size: 12pt; font-family: Arial\"><font color=\"#333333\">En la explanada de la catedral, se congregaba una gran cantidad de personas, lo que dio origen a la instalaci\u00f3n de tianguis lleno de sabor y color: se vend\u00edan frutas, antojitos y juguetes. As\u00ed como artesan\u00edas, flores, loza de barro, telas y muchas cosas m\u00e1s. <\/font><\/span><\/p>\n<p><span style=\"font-size: 12pt; font-family: Arial\"><font color=\"#333333\"><o:p><\/o:p><\/font><\/span>\u00a0<\/p>\n<p style=\"text-align: justify\"><span style=\"font-size: 12pt; font-family: Arial\"><font color=\"#333333\">De esta celebraci\u00f3n surgi\u00f3 la primer feria de <st1:personname ProductID=\"la Nueva Espa\u00f1a\" w:st=\"on\">la Nueva Espa\u00f1a<\/st1:personname> con caracter\u00edsticas de un pa\u00eds popular, en la cual no solamente se juntaban artesanos, agricultores, productores y comerciantes para vender sus mercanc\u00edas sino, adem\u00e1s se llevaban a cabo espect\u00e1culos y diversiones. <\/font><\/span><\/p>\n<p><span style=\"font-size: 12pt; font-family: Arial\"><font color=\"#333333\"><o:p><\/o:p><\/font><\/span>\u00a0<\/p>\n<p style=\"text-align: justify\"><span style=\"font-size: 12pt; font-family: Arial\"><font color=\"#333333\">Se efectuaban peleas de gallos y se celebraban las famosas \u00abmascaradas\u00bb, que eran desfiles llenos de alegr\u00eda y color. Toda esta celebraci\u00f3n se prolongaba durante varios d\u00edas. <\/font><\/span><\/p>\n<p><span style=\"font-size: 12pt; font-family: Arial\"><font color=\"#333333\"><o:p><\/o:p><\/font><\/span>\u00a0<\/p>\n<p style=\"text-align: justify\"><span style=\"font-size: 12pt; font-family: Arial\"><font color=\"#333333\">Artesanos y comerciantes ven\u00edan de diversos pueblos de M\u00e9xico y tra\u00edan su mercader\u00eda en el lomo de las mulas, en huacales o costales de yute, lo que explica la aparici\u00f3n de estos juguetes, \u00ablas mulitas\u00bb, hechos con hojas de ma\u00edz secas y patas elaboradas con varitas de campo. <\/font><\/span><\/p>\n<p><span style=\"font-size: 12pt; font-family: Arial\"><font color=\"#333333\"><o:p><\/o:p><\/font><\/span>\u00a0<\/p>\n<p style=\"text-align: justify\"><span style=\"font-size: 12pt; font-family: Arial\"><font color=\"#333333\">Dichas artesan\u00edas son adornadas con flores de papel crep\u00e9 en vivos colores y espolvoreadas con diamantina blanca, se representan cargando sobre el lomo pesados huacales rellenos y decorados con dulces, frutas secas y otros objetos ornamentales. <\/font><\/span><\/p>\n<p><span style=\"font-size: 12pt; font-family: Arial\"><font color=\"#333333\"><o:p><\/o:p><\/font><\/span>\u00a0<\/p>\n<p style=\"text-align: justify\"><span style=\"font-size: 12pt; font-family: Arial\"><font color=\"#333333\">De esta forma fue como surgi\u00f3 del ingenio ind\u00edgena bellas artesan\u00edas en miniatura como por ejemplo: cazuelas, jarros, platos, c\u00e1ntaros, ollas, anafres, comales; as\u00ed como cestos para tortillas, molcajetes, coladeras, embudos, metates etc. <\/font><\/span><\/p>\n<p><span style=\"font-size: 12pt; font-family: Arial\"><font color=\"#333333\"><o:p><\/o:p><\/font><\/span>\u00a0<\/p>\n<p style=\"text-align: justify\"><span style=\"font-size: 12pt; font-family: Arial\"><font color=\"#333333\">Tiempo despu\u00e9s se hizo costumbre llevar a ni\u00f1os y ni\u00f1as con vestimenta ind\u00edgena, ropa hecha de manta, huaraches, sombreros de petate y huacales repletos de enseres dom\u00e9sticos. <\/font><\/span><\/p>\n<p><span style=\"font-size: 12pt; font-family: Arial\"><font color=\"#333333\"><o:p><\/o:p><\/font><\/span>\u00a0<\/p>\n<p style=\"text-align: justify\"><span style=\"font-size: 12pt; font-family: Arial\"><font color=\"#333333\">Las ni\u00f1as visten su cl\u00e1sico atuendo: blusa blanca hecha de manta, adornos de flores en cuello y mangas, falda de percal con rayas horizontales en colores vivos, huaraches, rebozo de color chillante y llevan en la mano una canasta con frutas y flores naturales. <\/font><\/span><\/p>\n<p><span style=\"font-size: 12pt; font-family: Arial\"><font color=\"#333333\"><o:p><\/o:p><\/font><\/span>\u00a0<\/p>\n<p style=\"text-align: justify\"><span style=\"font-size: 12pt; font-family: Arial\"><font color=\"#333333\">Tradicionalmente, la fiesta de Corpus se festejaba un d\u00eda jueves, pero ahora tambi\u00e9n es celebrada el domingo de la misma semana. En esta ocasi\u00f3n mercados, atrios y aceras de las parroquias se ven cubiertas por decenas de artesan\u00edas obviamente destacando las mulitas. <\/font><\/span><\/p>\n<p><span style=\"font-size: 12pt; font-family: Arial\"><font color=\"#333333\"><o:p><\/o:p><\/font><\/span>\u00a0<span style=\"font-size: 12pt; font-family: Arial\"><font color=\"#333333\">El d\u00eda de Corpus vemos a muchos padres llevar por las calles a sus hijos vestidos con indumentarias tradicionales ind\u00edgenas, que van rumbo a <st1:personname ProductID=\"la Catedral Metropolitana\" w:st=\"on\">la Catedral Metropolitana<\/st1:personname>, <st1:personname ProductID=\"la Bas\u00edlica\" w:st=\"on\">la Bas\u00edlica<\/st1:personname> de Guadalupe, y las parroquias cat\u00f3licas alrededor de todo el pa\u00eds, para que el sacerdote los bendiga. <o:p><\/o:p><\/font><\/span><\/p>\n<p style=\"text-align: justify\">&nbsp;<\/p>\n<p><span style=\"font-size: 12pt; font-family: Arial\"><font color=\"#333333\">Este d\u00eda festivo lleno de alegr\u00eda, color y fervor; dan a la ciudad, pueblos y comunidades un sentido m\u00e1s humano, que nos invita a reflexionar en que somos un pueblo con historia, rico en tradiciones, que han perdurado a trav\u00e9s del tiempo y que la presencia de los pueblos ind\u00edgenas est\u00e1 viva en todos los mexicanos<o:p><\/o:p><\/font><\/span><strong><span style=\"font-size: 10pt; font-family: Arial\">Comisi\u00f3n Nacional de Pueblos Ind\u00edgenas<o:p><\/o:p><\/span><\/strong><\/p>\n","protected":false},"excerpt":{"rendered":"<p>La fiesta del jueves de\u00a0 CORPUS\u2026 Este Jueves ser\u00e1 la procesi\u00f3n de la Parroquia de Cristo Rey a la Catedral a partir de las 17 horas. \u00a0 En Quer\u00e9taro todav\u00eda en los comienzos de la segunda mitad del siglo XX se acostumbraba en Plaza de Armas hacerse la vendimia del CORPUS, los puestos ofrec\u00edan caballos [&hellip;]<\/p>\n","protected":false},"author":249,"featured_media":0,"comment_status":"open","ping_status":"closed","sticky":false,"template":"","format":"standard","meta":{"footnotes":""},"categories":[26],"tags":[],"class_list":["post-88","post","type-post","status-publish","format-standard","hentry","category-mundo"],"_links":{"self":[{"href":"http:\/\/eloficiodehistoriar.com.mx\/index.php?rest_route=\/wp\/v2\/posts\/88","targetHints":{"allow":["GET"]}}],"collection":[{"href":"http:\/\/eloficiodehistoriar.com.mx\/index.php?rest_route=\/wp\/v2\/posts"}],"about":[{"href":"http:\/\/eloficiodehistoriar.com.mx\/index.php?rest_route=\/wp\/v2\/types\/post"}],"author":[{"embeddable":true,"href":"http:\/\/eloficiodehistoriar.com.mx\/index.php?rest_route=\/wp\/v2\/users\/249"}],"replies":[{"embeddable":true,"href":"http:\/\/eloficiodehistoriar.com.mx\/index.php?rest_route=%2Fwp%2Fv2%2Fcomments&post=88"}],"version-history":[{"count":0,"href":"http:\/\/eloficiodehistoriar.com.mx\/index.php?rest_route=\/wp\/v2\/posts\/88\/revisions"}],"wp:attachment":[{"href":"http:\/\/eloficiodehistoriar.com.mx\/index.php?rest_route=%2Fwp%2Fv2%2Fmedia&parent=88"}],"wp:term":[{"taxonomy":"category","embeddable":true,"href":"http:\/\/eloficiodehistoriar.com.mx\/index.php?rest_route=%2Fwp%2Fv2%2Fcategories&post=88"},{"taxonomy":"post_tag","embeddable":true,"href":"http:\/\/eloficiodehistoriar.com.mx\/index.php?rest_route=%2Fwp%2Fv2%2Ftags&post=88"}],"curies":[{"name":"wp","href":"https:\/\/api.w.org\/{rel}","templated":true}]}}