{"id":880,"date":"2008-08-01T08:12:56","date_gmt":"2008-08-01T13:12:56","guid":{"rendered":"https:\/\/eloficiodehistoriar.com.mx\/?p=880"},"modified":"2008-08-01T08:12:56","modified_gmt":"2008-08-01T13:12:56","slug":"queretaro","status":"publish","type":"post","link":"http:\/\/eloficiodehistoriar.com.mx\/?p=880","title":{"rendered":"Quer\u00e9taro&#8230;"},"content":{"rendered":"<p align=\"center\" style=\"margin: 0cm 0cm 0pt; text-align: center\" class=\"MsoNormal\"><strong><span style=\"font-size: 25pt; color: black; font-family: Arial\" lang=\"ES-TRAD\">Un Paseo por Quer\u00e9taro<\/span><\/strong><\/p>\n<p align=\"center\" style=\"margin: 0cm 0cm 0pt; text-align: center\" class=\"MsoNormal\"><strong><span style=\"font-size: 25pt; color: black; font-family: Arial\" lang=\"ES-TRAD\"><\/span><\/strong><\/p>\n<p><strong><span style=\"font-size: 25pt; color: black; font-family: Arial\" lang=\"ES-TRAD\"><o:p>\u00a0<\/o:p><\/span><\/strong><strong><span style=\"color: black; font-family: Arial\" lang=\"ES-TRAD\"><font size=\"2\">Jos\u00e9 F\u00e9lix Zavala<o:p><\/o:p><\/font><\/span><\/strong><strong><span style=\"color: black; font-family: Arial\" lang=\"ES-TRAD\"><o:p><font size=\"2\">\u00a0<\/font><\/o:p><\/span><\/strong><\/p>\n<p style=\"margin: 0cm 0cm 0pt\" class=\"MsoNormal\"><strong><em><span style=\"color: black; font-family: Arial\" lang=\"ES-TRAD\"><\/span><\/em><\/strong><\/p>\n<p style=\"margin: 0cm 0cm 0pt\" class=\"MsoNormal\"><strong><em><span style=\"color: black; font-family: Arial\" lang=\"ES-TRAD\"><\/span><\/em><\/strong><\/p>\n<p><strong><em><span style=\"color: black; font-family: Arial\" lang=\"ES-TRAD\"><font size=\"2\">Este hermoso pa\u00eds, visto desde la loma,<o:p><\/o:p><\/font><\/span><\/em><\/strong><\/p>\n<p style=\"margin: 0cm 0cm 0pt\" class=\"MsoNormal\"><strong><em><span style=\"color: black; font-family: Arial\" lang=\"ES-TRAD\"><\/span><\/em><\/strong><\/p>\n<p><strong><em><span style=\"color: black; font-family: Arial\" lang=\"ES-TRAD\"><font size=\"2\">causa tanto agrado a los ojos,<o:p><\/o:p><\/font><\/span><\/em><\/strong><\/p>\n<p style=\"margin: 0cm 0cm 0pt\" class=\"MsoNormal\"><strong><em><span style=\"color: black; font-family: Arial\" lang=\"ES-TRAD\"><\/span><\/em><\/strong><\/p>\n<p><strong><em><span style=\"color: black; font-family: Arial\" lang=\"ES-TRAD\"><font size=\"2\">que faltan colores a la ret\u00f3rica<o:p><\/o:p><\/font><\/span><\/em><\/strong><\/p>\n<p style=\"margin: 0cm 0cm 0pt\" class=\"MsoNormal\"><strong><em><span style=\"color: black; font-family: Arial\" lang=\"ES-TRAD\"><\/span><\/em><\/strong><\/p>\n<p><strong><em><span style=\"color: black; font-family: Arial\" lang=\"ES-TRAD\"><font size=\"2\">para pintar con propiedad<o:p><\/o:p><\/font><\/span><\/em><\/strong><\/p>\n<p style=\"margin: 0cm 0cm 0pt\" class=\"MsoNormal\"><strong><em><span style=\"color: black; font-family: Arial\" lang=\"ES-TRAD\"><\/span><\/em><\/strong><\/p>\n<p><strong><em><span style=\"color: black; font-family: Arial\" lang=\"ES-TRAD\"><font size=\"2\">lo que tan amena ciudad encierra.<o:p><\/o:p><\/font><\/span><\/em><\/strong><span style=\"color: black; font-family: Arial\" lang=\"ES-TRAD\"><o:p><font size=\"2\">\u00a0<\/font><\/o:p><\/span><span style=\"color: black; font-family: Arial\" lang=\"ES-TRAD\"><o:p><font size=\"2\">\u00a0<\/font><\/o:p><\/span><\/p>\n<table hspace=\"0\" vspace=\"0\" align=\"left\" cellPadding=\"0\" cellSpacing=\"0\">\n<tr>\n<td align=\"left\" vAlign=\"top\" style=\"background-color: transparent; border: #f0f0f0; padding: 0cm\">\n<p style=\"margin: 0cm 0cm 0pt; vertical-align: baseline; line-height: 34.45pt; text-align: justify\" class=\"MsoNormal\"><span style=\"font-size: 43pt; color: black; font-family: Arial\" lang=\"ES-TRAD\"><\/span><\/p>\n<p><span style=\"font-size: 43pt; color: black; font-family: Arial\" lang=\"ES-TRAD\"><o:p><\/o:p><\/span>\u00a0<\/td>\n<\/tr>\n<\/table>\n<p><span style=\"color: black; font-family: Arial\" lang=\"ES-TRAD\"><font size=\"2\">Desde los cerros de Path\u00e9 o el Cimatario o desde la loma del Sangremal o del cerro de Las Campanas se aprecia un Quer\u00e9taro en pleno desarrollo y se mira a lo lejos bajando de <st1:personname ProductID=\"la Cuesta China\" w:st=\"on\">la Cuesta China<\/st1:personname>, entrando por Jurica o viniendo del baj\u00edo, miles de gentes que buscan avecindarse en nuestra ciudad o simplemente pasearse por sus calles.<o:p><\/o:p><\/font><\/span><span style=\"color: black; font-family: Arial\" lang=\"ES-TRAD\"><o:p><font size=\"2\">\u00a0<\/font><\/o:p><\/span><\/p>\n<p style=\"margin: 0cm 0cm 0pt; text-align: justify\" class=\"MsoNormal\"><span style=\"color: black; font-family: Arial\" lang=\"ES-TRAD\"><\/span><\/p>\n<p><span style=\"color: black; font-family: Arial\" lang=\"ES-TRAD\"><font size=\"2\">Las Cajas de Agua que brotan de sus paredes, como regalos a la vista<span>\u00a0 <\/span>por todas sus calles, <st1:personname ProductID=\"La Fuente\" w:st=\"on\">la Fuente<\/st1:personname> del Marqu\u00e9s o el Tanque del Agua, le dan entrada a <st1:personname ProductID=\"la Avenida\" w:st=\"on\">la Avenida<\/st1:personname> de Los Arcos.<o:p><\/o:p><\/font><\/span><span style=\"color: black; font-family: Arial\" lang=\"ES-TRAD\"><o:p><font size=\"2\">\u00a0<\/font><\/o:p><\/span><\/p>\n<p style=\"margin: 0cm 0cm 0pt; text-align: justify\" class=\"MsoNormal\"><span style=\"color: black; font-family: Arial\" lang=\"ES-TRAD\"><\/span><\/p>\n<p><span style=\"color: black; font-family: Arial\" lang=\"ES-TRAD\"><font size=\"2\">Las calles de Reforma y Arteaga, la de Hidalgo, la de Morelos, la de Allende, la de Ju\u00e1rez, la de 16 de Septiembre, la de Independencia, nos muestran todas las casas de sus antiguos habitantes. Todo se vuelve una ciudad paseo, una ciudad museo, un lugar de convivencia<o:p><\/o:p><\/font><\/span><span style=\"color: black; font-family: Arial\" lang=\"ES-TRAD\"><o:p><font size=\"2\">\u00a0<\/font><\/o:p><\/span><\/p>\n<p style=\"margin: 0cm 0cm 0pt; text-align: justify\" class=\"MsoNormal\"><span style=\"color: black; font-family: Arial\" lang=\"ES-TRAD\"><\/span><\/p>\n<p><span style=\"color: black; font-family: Arial\" lang=\"ES-TRAD\"><font size=\"2\">En el Nuevo Quer\u00e9taro, a nadie le es ajeno al caminar, por los que hemos dado en llamar<span>\u00a0 <\/span>\u00ablos andadores\u00bb, son los tradicionales Callejones, como los que forman \u00abEl Baratillo\u00bb, en los recovecos de las calles de Cabrera y Vergara, entre esculturas, galer\u00edas y fiesta.<o:p><\/o:p><\/font><\/span><span style=\"color: black; font-family: Arial\" lang=\"ES-TRAD\"><o:p><font size=\"2\">\u00a0<\/font><\/o:p><\/span><\/p>\n<p style=\"margin: 0cm 0cm 0pt; text-align: justify\" class=\"MsoNormal\"><span style=\"color: black; font-family: Arial\" lang=\"ES-TRAD\"><\/span><\/p>\n<p><span style=\"color: black; font-family: Arial\" lang=\"ES-TRAD\"><font size=\"2\">El espacio que forma la bajada del Biombo o andador 5 de mayo, partiendo de <st1:personname ProductID=\"La Plaza\" w:st=\"on\">La Plaza<\/st1:personname> de Armas y La casa de <st1:personname ProductID=\"la Corregidora\" w:st=\"on\">La Corregidora<\/st1:personname> a la rinconada de San Francisco, continuando por el Portal de Las Tamaleras, el Jard\u00edn de <st1:personname ProductID=\"la Corregidora\" w:st=\"on\">La Corregidora<\/st1:personname>, de San Antonio y el andador de 16 de septiembre, entre librer\u00edas, restaurantes, arte, el templo de san Antonio, <st1:personname ProductID=\"La Congregaci?n\" w:st=\"on\">La Congregaci\u00f3n<\/st1:personname> y las fuentes<span>\u00a0 <\/span>con sus monumentos, hasta llegar al de Juan Caballero y Osio, rodeado de bu\u00f1ueleras.<o:p><\/o:p><\/font><\/span><span style=\"color: black; font-family: Arial\" lang=\"ES-TRAD\"><o:p><font size=\"2\">\u00a0<\/font><\/o:p><\/span><\/p>\n<p style=\"margin: 0cm 0cm 0pt; text-align: justify\" class=\"MsoNormal\"><font size=\"2\"><st1:personname ProductID=\"La Plaza\" w:st=\"on\"><span style=\"color: black; font-family: Arial\" lang=\"ES-TRAD\">\u00a0<\/span><\/st1:personname><\/font><\/p>\n<p><font size=\"2\"><st1:personname ProductID=\"La Plaza\" w:st=\"on\"><span style=\"color: black; font-family: Arial\" lang=\"ES-TRAD\">La Plaza<\/span><\/st1:personname><span style=\"color: black; font-family: Arial\" lang=\"ES-TRAD\"> de Armas, rodeada del Portal y Casa de los Samaniego, del Portal de Dolores, del Portal Quemado, de <st1:personname ProductID=\"la Gran Casa\" w:st=\"on\">la Gran Casa<\/st1:personname> de Ecala, de los Septi\u00e9n, de Las casas reales, la galer\u00eda Libertad, los mesones y restaurantes, <st1:personname ProductID=\"La Fuente\" w:st=\"on\">la Fuente<\/st1:personname> del Marqu\u00e9s, logran el espacio de mayor belleza en la ciudad.<o:p><\/o:p><\/span><\/font><span style=\"color: black; font-family: Arial\" lang=\"ES-TRAD\"><o:p><font size=\"2\">\u00a0<\/font><\/o:p><\/span><\/p>\n<p style=\"margin: 0cm 0cm 0pt; text-align: justify\" class=\"MsoNormal\"><span style=\"color: black; font-family: Arial\" lang=\"ES-TRAD\"><\/span><\/p>\n<p><span style=\"color: black; font-family: Arial\" lang=\"ES-TRAD\"><font size=\"2\">Otro espacio que ofrece la ciudad para sus paseantes, es el que forma, el Portal de Independencia y el Jard\u00edn del Arte, el costado norte de Bellas Artes, la segunda parte del edificio del antiguo Convento Grande de San Francisco, ya mutilado y el Portal Bueno, para encontrarse en el medio <st1:personname ProductID=\"La Plaza\" w:st=\"on\">la Plaza<\/st1:personname> de <st1:personname ProductID=\"la Constituci?n\" w:st=\"on\">La Constituci\u00f3n<\/st1:personname>, un lugar donde el agua de <st1:personname ProductID=\"La Fuente\" w:st=\"on\">la Fuente<\/st1:personname> del Querub\u00edn, las bancas acomodadas a la europea y los faroles agraciados, permiten ver los edificios que<span>\u00a0 <\/span>circundan la plaza, en un agradable descanso.<o:p><\/o:p><\/font><\/span><span style=\"color: black; font-family: Arial\" lang=\"ES-TRAD\"><o:p><font size=\"2\">\u00a0<\/font><\/o:p><\/span><\/p>\n<p style=\"margin: 0cm 0cm 0pt; text-align: justify\" class=\"MsoNormal\"><span style=\"color: black; font-family: Arial\" lang=\"ES-TRAD\"><\/span><\/p>\n<p><span style=\"color: black; font-family: Arial\" lang=\"ES-TRAD\"><font size=\"2\">Se encuentra otra agradable sorpresa al paseante, partiendo de donde se forma el espacio comprendido por el jard\u00edn de Santa Clara con su Fuente de Neptuno y la calle real o de Madero, con su gran casa de <st1:personname ProductID=\"la Marquesa\" w:st=\"on\">La Marquesa<\/st1:personname>, el Palacio Municipal, el costado del gran Oratorio de las Clarisas, el Jard\u00edn Guerrero, con su fuente monumental, El Teatro de <st1:personname ProductID=\"la Ciudad\" w:st=\"on\">la Ciudad<\/st1:personname>, la cercan\u00eda del Museo de <st1:personname ProductID=\"la Ciudad\" w:st=\"on\">la Ciudad<\/st1:personname> y las oficinas del tel\u00e9grafo o antiguo Hospital de los Hip\u00f3litos.<o:p><\/o:p><\/font><\/span><span style=\"color: black; font-family: Arial\" lang=\"ES-TRAD\"><o:p><font size=\"2\">\u00a0<\/font><\/o:p><\/span><\/p>\n<p style=\"margin: 0cm 0cm 0pt; text-align: justify\" class=\"MsoNormal\"><span style=\"color: black; font-family: Arial\" lang=\"ES-TRAD\"><\/span><\/p>\n<p><span style=\"color: black; font-family: Arial\" lang=\"ES-TRAD\"><font size=\"2\">La vista<span>\u00a0 <\/span>se recrea amablemente e invita a la convivencia, con <st1:personname ProductID=\"La Plaza Mariano\" w:st=\"on\">La Plaza Mariano<\/st1:personname> de Las Casas, circundada de portales y el exterior del Beaterio, hoy Escuela de Artes Gr\u00e1ficas, m\u00e1s El Oratorio de Santa Rosa, esperando el toque de las horas en el reloj m\u00e1s antiguo de la ciudad y la visita<span>\u00a0 <\/span>a la hermosa capilla de indios llamada del Esp\u00edritu Santo, es otro paseo inolvidable en nuestra ciudad, mejorar\u00e1 s\u00ed se encaminan hacia la calle de Bel\u00e9n o Ezequiel Montes.<o:p><\/o:p><\/font><\/span><span style=\"color: black; font-family: Arial\" lang=\"ES-TRAD\"><o:p><font size=\"2\">\u00a0<\/font><\/o:p><\/span><\/p>\n<p style=\"margin: 0cm 0cm 0pt; text-align: justify\" class=\"MsoNormal\"><span style=\"color: black; font-family: Arial\" lang=\"ES-TRAD\"><\/span><\/p>\n<p><span style=\"color: black; font-family: Arial\" lang=\"ES-TRAD\"><font size=\"2\">A veces pareciera olvidada <st1:personname ProductID=\"La Plaza\" w:st=\"on\">la Plaza<\/st1:personname> de San Sebasti\u00e1n, un entorno verdaderamente maravilloso el que hace la fuente, el jard\u00edn, <st1:personname ProductID=\"La Casa\" w:st=\"on\">La Casa<\/st1:personname> del Fald\u00f3n,<span>\u00a0 <\/span><st1:personname ProductID=\"la Iglesia\" w:st=\"on\">la Iglesia<\/st1:personname> y el andador. <o:p><\/o:p><\/font><\/span><span style=\"color: black; font-family: Arial\" lang=\"ES-TRAD\"><o:p><font size=\"2\">\u00a0<\/font><\/o:p><\/span><\/p>\n<p style=\"margin: 0cm 0cm 0pt; text-align: justify\" class=\"MsoNormal\"><span style=\"color: black; font-family: Arial\" lang=\"ES-TRAD\"><\/span><\/p>\n<p><span style=\"color: black; font-family: Arial\" lang=\"ES-TRAD\"><font size=\"2\">Acudir cuesta arriba partiendo de <st1:personname ProductID=\"La Plaza\" w:st=\"on\">la Plaza<\/st1:personname> de Abajo, rumbo al barrio de <st1:personname ProductID=\"La Cruz\" w:st=\"on\">La Cruz<\/st1:personname>, es una experiencia exclusiva de qui\u00e9n visita nuestra ciudad, se topar\u00e1 con la imponente ciudadela formada por<span>\u00a0 <\/span><st1:personname ProductID=\"La Plaza\" w:st=\"on\">la Plaza<\/st1:personname> de los Fundadores, el jard\u00edn de <st1:personname ProductID=\"La Cruz\" w:st=\"on\">la Cruz<\/st1:personname>, la capilla del Calvarito y la grandiosidad de La capilla de <st1:personname ProductID=\"la Asunci?n\" w:st=\"on\">la Asunci\u00f3n<\/st1:personname>, el templo de <st1:personname ProductID=\"La Santa Cruz\" w:st=\"on\">La Santa Cruz<\/st1:personname> de los Milagros, El Convento y el Museo, ubicado en el ex Colegio de Propaganda Fide.<o:p><\/o:p><\/font><\/span><span style=\"color: black; font-family: Arial\" lang=\"ES-TRAD\"><o:p><font size=\"2\">\u00a0<\/font><\/o:p><\/span><\/p>\n<p style=\"margin: 0cm 0cm 0pt; text-align: justify\" class=\"MsoNormal\"><span style=\"color: black; font-family: Arial\" lang=\"ES-TRAD\"><\/span><\/p>\n<p><span style=\"color: black; font-family: Arial\" lang=\"ES-TRAD\"><font size=\"2\">El Cerro de Las Campanas, vuelto un parque agradable a la vista, con <st1:personname ProductID=\"La Fuente\" w:st=\"on\">La Fuente<\/st1:personname> de los Ni\u00f1os, <st1:personname ProductID=\"la Capilla\" w:st=\"on\">La Capilla<\/st1:personname> de los Habsburgo, el monumental hemiciclo a Benito Ju\u00e1rez, El Museo de Sitio y la agradable vista al sur de la ciudad<o:p><\/o:p><\/font><\/span><span style=\"color: black; font-family: Arial\" lang=\"ES-TRAD\"><o:p><font size=\"2\">\u00a0<\/font><\/o:p><\/span><\/p>\n<p style=\"margin: 0cm 0cm 0pt; text-align: justify\" class=\"MsoNormal\"><font size=\"2\"><st1:personname ProductID=\"La Plaza\" w:st=\"on\"><span style=\"color: black; font-family: Arial\" lang=\"ES-TRAD\">\u00a0<\/span><\/st1:personname><\/font><\/p>\n<p><font size=\"2\"><st1:personname ProductID=\"La Plaza\" w:st=\"on\"><span style=\"color: black; font-family: Arial\" lang=\"ES-TRAD\">La Plaza<\/span><\/st1:personname><span style=\"color: black; font-family: Arial\" lang=\"ES-TRAD\"> de santo Domingo con su Cruz Atrial, <st1:personname ProductID=\"la Iglesia\" w:st=\"on\">la Iglesia<\/st1:personname>, <st1:personname ProductID=\"la Capilla\" w:st=\"on\">la Capilla<\/st1:personname> de la tercera orden, su convento restaurado y el Archivo Hist\u00f3rico de la orden dominica, uni\u00e9ndose al ex Convento de San Agust\u00edn, nuestro actual Museo de Arte, <st1:personname ProductID=\"la Iglesia\" w:st=\"on\">la Iglesia<\/st1:personname> muestra viva de los gloriosos artistas queretanos.<o:p><\/o:p><\/span><\/font><span style=\"color: black; font-family: Arial\" lang=\"ES-TRAD\"><o:p><font size=\"2\">\u00a0<\/font><\/o:p><\/span><\/p>\n<p style=\"margin: 0cm 0cm 0pt; text-align: justify\" class=\"MsoNormal\"><font size=\"2\"><st1:personname ProductID=\"La Plaza\" w:st=\"on\"><span style=\"color: black; font-family: Arial\" lang=\"ES-TRAD\">\u00a0<\/span><\/st1:personname><\/font><\/p>\n<p><font size=\"2\"><st1:personname ProductID=\"La Plaza\" w:st=\"on\"><span style=\"color: black; font-family: Arial\" lang=\"ES-TRAD\">La Plaza<\/span><\/st1:personname><span style=\"color: black; font-family: Arial\" lang=\"ES-TRAD\"> del recreo o Jard\u00edn Zenea o <st1:personname ProductID=\"La Plaza\" w:st=\"on\">La Plaza<\/st1:personname> de Abajo, rodeada del Convento Grande de San Francisco, el Gran Hotel, los portales de las tamaleras, con su fuente de Hebe, su Kiosco, serenatas, pareciera la oportunidad de comenzar a vivir una tarde inolvidable en Quer\u00e9taro, m\u00e1s si se encamina entre comercios chillones de <st1:personname ProductID=\"la Avenida Corregidora\" w:st=\"on\">la Avenida Corregidora<\/st1:personname> y se introduce a <st1:personname ProductID=\"La Alameda\" w:st=\"on\">La Alameda<\/st1:personname> entre \u00abEl Pueblito\u00bb y los \u00e1rboles frondosos del gran paseo alamedado.<o:p><\/o:p><\/span><\/font><span style=\"color: black; font-family: Arial\" lang=\"ES-TRAD\"><o:p><font size=\"2\">\u00a0<\/font><\/o:p><\/span><\/p>\n<p style=\"margin: 0cm 0cm 0pt; text-align: justify\" class=\"MsoNormal\"><span style=\"color: black; font-family: Arial\" lang=\"ES-TRAD\"><\/span><\/p>\n<p><span style=\"color: black; font-family: Arial\" lang=\"ES-TRAD\"><font size=\"2\">La rinconada del Teatro de <st1:personname ProductID=\"la Rep?blica\" w:st=\"on\">la Rep\u00fablica<\/st1:personname>, con sus esquinas chatas y la cercan\u00eda de <st1:personname ProductID=\"La Mariposa\" w:st=\"on\">La Mariposa<\/st1:personname>, el portal en la esquina de las calles, 15 de Mayo y Pasteur norte, m\u00e1s la casona episcopal, de Pr\u00f3spero C. Vega, esquina con 15 de Mayo, logran fascinar al paseante.<o:p><\/o:p><\/font><\/span><span style=\"color: black; font-family: Arial\" lang=\"ES-TRAD\"><o:p><font size=\"2\">\u00a0<\/font><\/o:p><\/span><\/p>\n<p style=\"margin: 0cm 0cm 0pt; text-align: justify\" class=\"MsoNormal\"><span style=\"color: black; font-family: Arial\" lang=\"ES-TRAD\"><\/span><\/p>\n<p><span style=\"color: black; font-family: Arial\" lang=\"ES-TRAD\"><font size=\"2\">El conjunto arquitect\u00f3nico que forman el templo de <st1:personname ProductID=\"la Compa??a\" w:st=\"on\">La Compa\u00f1\u00eda<\/st1:personname> y los colegios de San Ignacio de Loyola y San Francisco Javier, conocidos como La parroquia y el Patio Barroco, son lugares imprescindibles de una visita a la ciudad de Quer\u00e9taro.<o:p><\/o:p><\/font><\/span><span style=\"color: black; font-family: Arial\" lang=\"ES-TRAD\"><o:p><font size=\"2\">\u00a0<\/font><\/o:p><\/span><\/p>\n<p style=\"margin: 0cm 0cm 0pt; text-align: justify\" class=\"MsoNormal\"><strong><em><span style=\"color: black; font-family: Arial\" lang=\"ES-TRAD\"><\/span><\/em><\/strong><\/p>\n<p><strong><em><span style=\"color: black; font-family: Arial\" lang=\"ES-TRAD\"><font size=\"2\">El r\u00edo nace en el Zamorano<o:p><\/o:p><\/font><\/span><\/em><\/strong><\/p>\n<p style=\"margin: 0cm 0cm 0pt; text-align: justify\" class=\"MsoNormal\"><strong><em><span style=\"color: black; font-family: Arial\" lang=\"ES-TRAD\"><\/span><\/em><\/strong><\/p>\n<p><strong><em><span style=\"color: black; font-family: Arial\" lang=\"ES-TRAD\"><font size=\"2\">Atraviesa las haciendas de:<o:p><\/o:p><\/font><\/span><\/em><\/strong><\/p>\n<p style=\"margin: 0cm 0cm 0pt; text-align: justify\" class=\"MsoNormal\"><strong><em><span style=\"color: black; font-family: Arial\" lang=\"ES-TRAD\"><\/span><\/em><\/strong><\/p>\n<p><strong><em><span style=\"color: black; font-family: Arial\" lang=\"ES-TRAD\"><font size=\"2\">Atongo, Chichimequillas, <o:p><\/o:p><\/font><\/span><\/em><\/strong><\/p>\n<p style=\"margin: 0cm 0cm 0pt; text-align: justify\" class=\"MsoNormal\"><font size=\"2\"><st1:personname ProductID=\"La Griega\" w:st=\"on\"><strong><em><span style=\"color: black; font-family: Arial\" lang=\"ES-TRAD\">\u00a0<\/span><\/em><\/strong><\/st1:personname><\/font><\/p>\n<p><font size=\"2\"><st1:personname ProductID=\"La Griega\" w:st=\"on\"><strong><em><span style=\"color: black; font-family: Arial\" lang=\"ES-TRAD\">La Griega<\/span><\/em><\/strong><\/st1:personname><strong><em><span style=\"color: black; font-family: Arial\" lang=\"ES-TRAD\"> y Saldarriaga,<o:p><\/o:p><\/span><\/em><\/strong><\/font><\/p>\n<p style=\"margin: 0cm 0cm 0pt; text-align: justify\" class=\"MsoNormal\"><strong><em><span style=\"color: black; font-family: Arial\" lang=\"ES-TRAD\"><\/span><\/em><\/strong><\/p>\n<p><strong><em><span style=\"color: black; font-family: Arial\" lang=\"ES-TRAD\"><font size=\"2\">Los pueblos de <st1:personname ProductID=\"La Ca?ada\" w:st=\"on\">La Ca\u00f1ada<\/st1:personname> y H\u00e9rcules,<o:p><\/o:p><\/font><\/span><\/em><\/strong><span style=\"color: black; font-family: Arial\" lang=\"ES-TRAD\"><font size=\"2\"><span>\u00a0<\/span><o:p><\/o:p><\/font><\/span><\/p>\n<p style=\"margin: 0cm 0cm 0pt; text-align: justify\" class=\"MsoNormal\"><span style=\"color: black; font-family: Arial\" lang=\"ES-TRAD\"><\/span><\/p>\n<p><span style=\"color: black; font-family: Arial\" lang=\"ES-TRAD\"><font size=\"2\">Recorrer el r\u00edo Quer\u00e9taro, desde su entrada al centro de la ciudad, por el Molino de San Antonio, seguirlo por sus tres puentes antiguos, el de San Sebasti\u00e1n, el Puente Grande y el Puente de hierro, hasta su salida por Santa Mar\u00eda Magdalena, dan la oportunidad de mirar a la otra banda, el Jard\u00edn de los Platitos y <st1:personname ProductID=\"La Estaci?n Porfiriana\" w:st=\"on\">La Estaci\u00f3n Porfiriana<\/st1:personname> del tren.<o:p><\/o:p><\/font><\/span><span style=\"color: black; font-family: Arial\" lang=\"ES-TRAD\"><o:p><font size=\"2\">\u00a0<\/font><\/o:p><\/span><\/p>\n<p style=\"margin: 0cm 0cm 0pt; text-align: justify\" class=\"MsoNormal\"><span style=\"color: black; font-family: Arial\" lang=\"ES-TRAD\"><\/span><\/p>\n<p><span style=\"color: black; font-family: Arial\" lang=\"ES-TRAD\"><font size=\"2\">Las casas caen desde los cerros de San Pablo, Menchaca y Pe\u00f1uelas, hasta llegar a los barrios de <st1:personname ProductID=\"La Trinidad\" w:st=\"on\">la Trinidad<\/st1:personname>, El Cerrito, El Tepetate, San Gregorio, <st1:personname ProductID=\"La Candelaria\" w:st=\"on\">La Candelaria<\/st1:personname> y San Roque.<o:p><\/o:p><\/font><\/span><span style=\"color: black; font-family: Arial\" lang=\"ES-TRAD\"><o:p><font size=\"2\">\u00a0<\/font><\/o:p><\/span><\/p>\n<p style=\"margin: 0cm 0cm 0pt; text-align: justify\" class=\"MsoNormal\"><strong><em><span style=\"color: black; font-family: Arial\" lang=\"ES-TRAD\"><font size=\"2\"><span><\/span><\/font><\/span><\/em><\/strong><\/p>\n<p><strong><em><span style=\"color: black; font-family: Arial\" lang=\"ES-TRAD\"><font size=\"2\"><span>\u00a0 <\/span>\u00a1Que viva el Se\u00f1or Santiago<o:p><\/o:p><\/font><\/span><\/em><\/strong><\/p>\n<p style=\"margin: 0cm 0cm 0pt; text-align: justify\" class=\"MsoNormal\"><strong><em><span style=\"color: black; font-family: Arial\" lang=\"ES-TRAD\"><font size=\"2\"><span><\/span><\/font><\/span><\/em><\/strong><\/p>\n<p><strong><em><span style=\"color: black; font-family: Arial\" lang=\"ES-TRAD\"><font size=\"2\"><span>\u00a0\u00a0 <\/span>que es el mensajero<o:p><\/o:p><\/font><\/span><\/em><\/strong><\/p>\n<p style=\"margin: 0cm 0cm 0pt; text-align: justify\" class=\"MsoNormal\"><strong><em><span style=\"color: black; font-family: Arial\" lang=\"ES-TRAD\"><font size=\"2\"><span><\/span><\/font><\/span><\/em><\/strong><\/p>\n<p><strong><em><span style=\"color: black; font-family: Arial\" lang=\"ES-TRAD\"><font size=\"2\"><span>\u00a0\u00a0 <\/span>que es el mensajero<o:p><\/o:p><\/font><\/span><\/em><\/strong><\/p>\n<p style=\"margin: 0cm 0cm 0pt; text-align: justify\" class=\"MsoNormal\"><strong><em><span style=\"color: black; font-family: Arial\" lang=\"ES-TRAD\"><font size=\"2\"><span><\/span><\/font><\/span><\/em><\/strong><\/p>\n<p><strong><em><span style=\"color: black; font-family: Arial\" lang=\"ES-TRAD\"><font size=\"2\"><span>\u00a0\u00a0 <\/span>de los cuatro vientos !<o:p><\/o:p><\/font><\/span><\/em><\/strong><span style=\"color: black; font-family: Arial\" lang=\"ES-TRAD\"><o:p><font size=\"2\">\u00a0<\/font><\/o:p><\/span><\/p>\n<p style=\"margin: 0cm 0cm 0pt; text-align: justify\" class=\"MsoNormal\"><span style=\"color: black; font-family: Arial\" lang=\"ES-TRAD\"><\/span><\/p>\n<p><span style=\"color: black; font-family: Arial\" lang=\"ES-TRAD\"><font size=\"2\">La santa Cruz de los Milagros, <st1:personname ProductID=\"la Virgen\" w:st=\"on\">La Virgen<\/st1:personname> del Pueblito, El Se\u00f1or de las Maravillas, el Santo Se\u00f1or de Esquipulas, son sus devociones.<o:p><\/o:p><\/font><\/span><span style=\"color: black; font-family: Arial\" lang=\"ES-TRAD\"><o:p><font size=\"2\">\u00a0<\/font><\/o:p><\/span><\/p>\n<p style=\"margin: 0cm 0cm 0pt; text-align: justify\" class=\"MsoNormal\"><span style=\"color: black; font-family: Arial\" lang=\"ES-TRAD\"><\/span><\/p>\n<p><span style=\"color: black; font-family: Arial\" lang=\"ES-TRAD\"><font size=\"2\">El estadio mundialista de f\u00fatbol, <st1:personname ProductID=\"la Corregidora\" w:st=\"on\">La Corregidora<\/st1:personname> y su Auditorio Corregidora, son su orgullo, mientras sus nuevas avenidas se cruzan entre puentes peatonales y tr\u00e9boles a gran velocidad, rumbo a las zonas industriales o a Juriquilla, Tequisquiapan,<span>\u00a0 <\/span>Bernal, <st1:personname ProductID=\"La Sierra Gorda\" w:st=\"on\">La Sierra Gorda<\/st1:personname> y Jalpan. <o:p><\/o:p><\/font><\/span><span style=\"color: black; font-family: Arial\" lang=\"ES-TRAD\"><o:p><font size=\"2\">\u00a0<\/font><\/o:p><\/span><span style=\"font-size: 16pt; color: black; font-family: Arial\" lang=\"ES-TRAD\"><o:p>\u00a0<\/o:p><\/span><\/p>\n","protected":false},"excerpt":{"rendered":"<p>Un Paseo por Quer\u00e9taro \u00a0Jos\u00e9 F\u00e9lix Zavala\u00a0 Este hermoso pa\u00eds, visto desde la loma, causa tanto agrado a los ojos, que faltan colores a la ret\u00f3rica para pintar con propiedad lo que tan amena ciudad encierra.\u00a0\u00a0 \u00a0 Desde los cerros de Path\u00e9 o el Cimatario o desde la loma del Sangremal o del cerro de [&hellip;]<\/p>\n","protected":false},"author":249,"featured_media":0,"comment_status":"open","ping_status":"closed","sticky":false,"template":"","format":"standard","meta":{"footnotes":""},"categories":[8],"tags":[],"class_list":["post-880","post","type-post","status-publish","format-standard","hentry","category-ciudad-de-queretaro"],"_links":{"self":[{"href":"http:\/\/eloficiodehistoriar.com.mx\/index.php?rest_route=\/wp\/v2\/posts\/880","targetHints":{"allow":["GET"]}}],"collection":[{"href":"http:\/\/eloficiodehistoriar.com.mx\/index.php?rest_route=\/wp\/v2\/posts"}],"about":[{"href":"http:\/\/eloficiodehistoriar.com.mx\/index.php?rest_route=\/wp\/v2\/types\/post"}],"author":[{"embeddable":true,"href":"http:\/\/eloficiodehistoriar.com.mx\/index.php?rest_route=\/wp\/v2\/users\/249"}],"replies":[{"embeddable":true,"href":"http:\/\/eloficiodehistoriar.com.mx\/index.php?rest_route=%2Fwp%2Fv2%2Fcomments&post=880"}],"version-history":[{"count":0,"href":"http:\/\/eloficiodehistoriar.com.mx\/index.php?rest_route=\/wp\/v2\/posts\/880\/revisions"}],"wp:attachment":[{"href":"http:\/\/eloficiodehistoriar.com.mx\/index.php?rest_route=%2Fwp%2Fv2%2Fmedia&parent=880"}],"wp:term":[{"taxonomy":"category","embeddable":true,"href":"http:\/\/eloficiodehistoriar.com.mx\/index.php?rest_route=%2Fwp%2Fv2%2Fcategories&post=880"},{"taxonomy":"post_tag","embeddable":true,"href":"http:\/\/eloficiodehistoriar.com.mx\/index.php?rest_route=%2Fwp%2Fv2%2Ftags&post=880"}],"curies":[{"name":"wp","href":"https:\/\/api.w.org\/{rel}","templated":true}]}}