{"id":883,"date":"2008-08-01T08:40:46","date_gmt":"2008-08-01T13:40:46","guid":{"rendered":"https:\/\/eloficiodehistoriar.com.mx\/?p=883"},"modified":"2008-08-01T17:32:00","modified_gmt":"2008-08-01T22:32:00","slug":"el-queretaro-que-no-se-ve","status":"publish","type":"post","link":"http:\/\/eloficiodehistoriar.com.mx\/?p=883","title":{"rendered":"El Quer\u00e9taro que no se ve&#8230;"},"content":{"rendered":"<p><a href=\"https:\/\/eloficiodehistoriar.com.mx\/wp-content\/uploads\/2008\/08\/varios-206.jpg\" title=\"varios-206.jpg\"><img decoding=\"async\" src=\"https:\/\/eloficiodehistoriar.com.mx\/wp-content\/uploads\/2008\/08\/varios-206.thumbnail.jpg\" alt=\"varios-206.jpg\" \/><\/a><a href=\"https:\/\/eloficiodehistoriar.com.mx\/wp-content\/uploads\/2008\/08\/varios-074.jpg\" title=\"varios-074.jpg\"><img decoding=\"async\" src=\"https:\/\/eloficiodehistoriar.com.mx\/wp-content\/uploads\/2008\/08\/varios-074.thumbnail.jpg\" alt=\"varios-074.jpg\" \/><\/a><a href=\"https:\/\/eloficiodehistoriar.com.mx\/wp-content\/uploads\/2008\/08\/virgen-del-pueblito-025.jpg\" title=\"virgen-del-pueblito-025.jpg\"><img decoding=\"async\" src=\"https:\/\/eloficiodehistoriar.com.mx\/wp-content\/uploads\/2008\/08\/virgen-del-pueblito-025.thumbnail.jpg\" alt=\"virgen-del-pueblito-025.jpg\" \/><\/a><a href=\"https:\/\/eloficiodehistoriar.com.mx\/wp-content\/uploads\/2008\/08\/santa-rosa.jpg\" title=\"santa-rosa.jpg\"><img decoding=\"async\" src=\"https:\/\/eloficiodehistoriar.com.mx\/wp-content\/uploads\/2008\/08\/santa-rosa.thumbnail.jpg\" alt=\"santa-rosa.jpg\" \/><\/a><a href=\"https:\/\/eloficiodehistoriar.com.mx\/wp-content\/uploads\/2008\/08\/restaurador.jpg\" title=\"restaurador.jpg\"><img decoding=\"async\" src=\"https:\/\/eloficiodehistoriar.com.mx\/wp-content\/uploads\/2008\/08\/restaurador.thumbnail.jpg\" alt=\"restaurador.jpg\" \/><\/a><\/p>\n<p><a href=\"https:\/\/eloficiodehistoriar.com.mx\/wp-content\/uploads\/2008\/08\/concheros.JPG\" title=\"concheros.JPG\"><img decoding=\"async\" src=\"https:\/\/eloficiodehistoriar.com.mx\/wp-content\/uploads\/2008\/08\/concheros.thumbnail.JPG\" alt=\"concheros.JPG\" \/><\/a><a href=\"https:\/\/eloficiodehistoriar.com.mx\/wp-content\/uploads\/2008\/08\/antigua-003.jpg\" title=\"antigua-003.jpg\"><img decoding=\"async\" src=\"https:\/\/eloficiodehistoriar.com.mx\/wp-content\/uploads\/2008\/08\/antigua-003.thumbnail.jpg\" alt=\"antigua-003.jpg\" \/><\/a><\/p>\n<p>Existe un Quer\u00e9taro en la cultura que pareciera que no se ve pero que fundamenta al pueblo que le da origen:<\/p>\n<p>Los Concheros centenarios, presentes en cada fiesta de barrio.<\/p>\n<p>El Orfe\u00f3n de la Escuela de M\u00fasica, que ameniza con discreci\u00f3n y alta calidad los eventos de la ciudad.<\/p>\n<p>Los alumnos del Conservatorio de M\u00fasica Sacra, centenaria y dadora de grandes artistas<\/p>\n<p>Restaurador de im\u00e1genes, que pasa desapercibido en apariencia, por las calles de nuestra ciudad y logra la felicidad de los queretanos ejerciendo su arte, como tallador silencioso<\/p>\n<p>Los M\u00fasicos de banda de viento, salidos de el pueblo de Carrillo, alma de todas las fiestas populares<\/p>\n<p>Los grupos de baile escolares que dejan en el alma de los alumnos la semilla del M\u00e9xico profundo<\/p>\n","protected":false},"excerpt":{"rendered":"<p>Existe un Quer\u00e9taro en la cultura que pareciera que no se ve pero que fundamenta al pueblo que le da origen: Los Concheros centenarios, presentes en cada fiesta de barrio. El Orfe\u00f3n de la Escuela de M\u00fasica, que ameniza con discreci\u00f3n y alta calidad los eventos de la ciudad. Los alumnos del Conservatorio de M\u00fasica [&hellip;]<\/p>\n","protected":false},"author":249,"featured_media":0,"comment_status":"open","ping_status":"closed","sticky":false,"template":"","format":"standard","meta":{"footnotes":""},"categories":[8,11],"tags":[],"class_list":["post-883","post","type-post","status-publish","format-standard","hentry","category-ciudad-de-queretaro","category-fotografia"],"_links":{"self":[{"href":"http:\/\/eloficiodehistoriar.com.mx\/index.php?rest_route=\/wp\/v2\/posts\/883","targetHints":{"allow":["GET"]}}],"collection":[{"href":"http:\/\/eloficiodehistoriar.com.mx\/index.php?rest_route=\/wp\/v2\/posts"}],"about":[{"href":"http:\/\/eloficiodehistoriar.com.mx\/index.php?rest_route=\/wp\/v2\/types\/post"}],"author":[{"embeddable":true,"href":"http:\/\/eloficiodehistoriar.com.mx\/index.php?rest_route=\/wp\/v2\/users\/249"}],"replies":[{"embeddable":true,"href":"http:\/\/eloficiodehistoriar.com.mx\/index.php?rest_route=%2Fwp%2Fv2%2Fcomments&post=883"}],"version-history":[{"count":0,"href":"http:\/\/eloficiodehistoriar.com.mx\/index.php?rest_route=\/wp\/v2\/posts\/883\/revisions"}],"wp:attachment":[{"href":"http:\/\/eloficiodehistoriar.com.mx\/index.php?rest_route=%2Fwp%2Fv2%2Fmedia&parent=883"}],"wp:term":[{"taxonomy":"category","embeddable":true,"href":"http:\/\/eloficiodehistoriar.com.mx\/index.php?rest_route=%2Fwp%2Fv2%2Fcategories&post=883"},{"taxonomy":"post_tag","embeddable":true,"href":"http:\/\/eloficiodehistoriar.com.mx\/index.php?rest_route=%2Fwp%2Fv2%2Ftags&post=883"}],"curies":[{"name":"wp","href":"https:\/\/api.w.org\/{rel}","templated":true}]}}