{"id":8862,"date":"2011-06-11T09:06:20","date_gmt":"2011-06-11T15:06:20","guid":{"rendered":"https:\/\/eloficiodehistoriar.com.mx\/?p=8862"},"modified":"2011-06-11T09:06:20","modified_gmt":"2011-06-11T15:06:20","slug":"pese-a-la-violencia-los-juarenses-se-reunen-en-torno-al-poeta","status":"publish","type":"post","link":"http:\/\/eloficiodehistoriar.com.mx\/?p=8862","title":{"rendered":"Pese a la violencia, los juarenses se reunen en torno al poeta"},"content":{"rendered":"<p>Marcha por la Paz<\/p>\n<p>Pese al ambiente de violencia, los juarenses se concentran en torno al poeta <\/p>\n<p>En su af\u00e1n de legitimarse, el gobierno ha legado dolor a las familias, se\u00f1ala Sicilia<\/p>\n<p>Alonso Urrutia y Rub\u00e9n Villalpando<\/p>\n<p>La Jornada<\/p>\n<p>El parque que rodea el monumento erigido a Benito Ju\u00e1rez est\u00e1 inusualmente lleno; centenares de juarenses se congregaron para atestiguar el colof\u00f3n de la Caravana por la Paz con Justicia y Dignidad: la firma del Pacto Nacional Ciudadano.<\/p>\n<p>Sentimientos encontrados: el dolor que no deja de fluir en los testimonios de las v\u00edctimas, la irritaci\u00f3n contra los gobiernos por la desgracia en que han sumergido a esta ciudad y el consuelo surgido de la esperanza que les ha dejado el paso de la caravana encabezada por el poeta Javier Sicilia.<\/p>\n<p>Los juarenses no son gente de grandes concentraciones: el miedo, la apat\u00eda o la indiferencia lo impiden, pero esta vez, a pesar del denso ambiente que se respira por la violencia, salieron de sus casas para escuchar a Sicilia en su mensaje final. El poeta les habla del amor como f\u00f3rmula de lucha, del odio que no debe dominar el sentimiento humano y de la insustituible unidad del movimiento para alcanzar las tareas que se ha fijado.<\/p>\n<p>Acaso es un mensaje cifrado al atardecer, cuando, entre los intensos jaloneos y disputas se ha logrado sortear la diversidad de enfoques sobre el rumbo de la movilizaci\u00f3n y concretar finalmente el objetivo central de la caravana, que recorri\u00f3 m\u00e1s de 3 mil kil\u00f3metros: la firma del Pacto Nacional Ciudadano. Es la v\u00eda \u2013dice Sicilia\u2013 para alcanzar la paz y el fin de la impunidad, luchar contra las absurdas decisiones gubernamentales que \u201ccon su b\u00fasqueda de legitimarse\u201d han legado dolor a las familias en todo el pa\u00eds.<\/p>\n<p>Empieza la reconstrucci\u00f3n<\/p>\n<p>Convertido ya en un respaldo insustituible del poeta, Juli\u00e1n LeBaron arranca aplausos con su visi\u00f3n del movimiento: \u201cen este viaje hemos sido testigos de la tragedia, del dolor, pero tambi\u00e9n hemos construido humanidad. Y por eso, con esta caravana comienza la reconstrucci\u00f3n; es una tarea gigantesca pero alcanzable con el amor. El amor es la fuerza presente en los dolores del parto, y lo que sigue es dar a luz una nueva generaci\u00f3n. Tenemos que convencer de que M\u00e9xico s\u00ed tiene soluci\u00f3n\u201d, con la claridad de que debe alcanzarse por la v\u00eda no violenta.<\/p>\n<p>Pese al estado de \u00e1nimo colectivo de los juarenses, hartos de la violencia, abren una pausa para respaldar el esfuerzo de Sicilia y su caravana. \u201cUsted s\u00ed es bienvenido, se\u00f1or Sicilia, como no lo era para m\u00ed el presidente Calder\u00f3n, porque no ha hecho nada bien\u201d. La multitud \u2013que incluye tambi\u00e9n algunos representantes de grupos solidarios de El Paso, Texas\u2013 respalda con sus gritos esta nueva muestra de hast\u00edo contra la figura presidencial.<br \/>\nCasi en el ocaso de esta larga traves\u00eda por el pa\u00eds, a\u00fan se escuchan los testimonios enardecidos de los familiares de las v\u00edctimas de esta urbe fronteriza. Las frases del poeta reivindicando el amor como v\u00eda para luchar se conjugan con las intervenciones enardecidas contra Calder\u00f3n y su Ej\u00e9rcito, mientras a ratos, entre la multitud comienza a levantarse la vieja consigna contra la conversi\u00f3n de Ju\u00e1rez en cuartel.<\/p>\n<p>De nuevo las evocaciones a hijos desaparecidos, padres asesinados. Impunidad y tragedia como realidad implacable que se impone a los juarenses, quienes algo tienen claro: la v\u00eda castrense no modificar\u00e1 este sangriento destino que, pese a todo \u2013dicen con un t\u00edmido optimismo\u2013, no les cancelar\u00e1 su futuro. A pesar de la descripci\u00f3n apocal\u00edptica que se desprende de los testimonios, conf\u00edan en que alg\u00fan d\u00eda llegar\u00e1 el tiempo de un nuevo Ju\u00e1rez. \u201cQue se vayan las armas, que se vayan los asesinos; nosotros aqu\u00ed nos quedaremos\u201d.<\/p>\n<p>La jornada arranc\u00f3 desde temprano con una nueva concentraci\u00f3n de la caravana en otro de los puntos emblem\u00e1ticos de la violencia en Ju\u00e1rez: el Campo Algodonero. En un terreno descampado Sicilia ironiz\u00f3: \u201cesto no es un campo de algod\u00f3n, es un campo de sangre\u201d, otro signo de la violencia en Ju\u00e1rez, porque aqu\u00ed se encontraron los cuerpos de ocho mujeres brutalmente asesinadas.<\/p>\n<p>Habl\u00f3 del oprobio que han representado para esta ciudad los feminicidios que han marcado parte de esa violencia que domina la urbe. Los insoportables feminicidios \u201cmuestran la herida abierta por el dolor que no podemos permitir y por lo que debemos clamar y hacer la justicia\u201d.<\/p>\n<p>Centenares de personas escuchaban al poeta, recordando sus propios dramas. A un costado del templete, un mont\u00f3n de tierra con ocho cruces que evocan la memoria de las desventuradas mujeres brutalmente asesinadas y cuyos cad\u00e1veres fueron encontrados en diciembre de 2001. Algunas mujeres con globos blanco y p\u00farpura muestran el luto que \u201310 a\u00f1os despu\u00e9s\u2013 sigue entre las familias agraviadas.<\/p>\n<p>Carla Casta\u00f1eda, en nombre de esas madres, es el en\u00e9simo caso en esta caravana que reclama justicia y el fin a la impunidad. \u201cNo nos hacen caso; nosotras tenemos que ser investigadoras, sic\u00f3logas, y ellos no hacen nada. Nuestro dolor es mayor, porque ustedes, a quienes les mataron a sus familiares, saben qu\u00e9 les pas\u00f3: nosotros no sabemos nada. Exigimos al gobierno que cumpla su trabajo, que dejen de humillar a Ju\u00e1rez\u201d.<\/p>\n","protected":false},"excerpt":{"rendered":"<p>Marcha por la Paz Pese al ambiente de violencia, los juarenses se concentran en torno al poeta En su af\u00e1n de legitimarse, el gobierno ha legado dolor a las familias, se\u00f1ala Sicilia Alonso Urrutia y Rub\u00e9n Villalpando La Jornada El parque que rodea el monumento erigido a Benito Ju\u00e1rez est\u00e1 inusualmente lleno; centenares de juarenses [&hellip;]<\/p>\n","protected":false},"author":249,"featured_media":0,"comment_status":"open","ping_status":"closed","sticky":false,"template":"","format":"standard","meta":{"footnotes":""},"categories":[26],"tags":[],"class_list":["post-8862","post","type-post","status-publish","format-standard","hentry","category-mundo"],"_links":{"self":[{"href":"http:\/\/eloficiodehistoriar.com.mx\/index.php?rest_route=\/wp\/v2\/posts\/8862","targetHints":{"allow":["GET"]}}],"collection":[{"href":"http:\/\/eloficiodehistoriar.com.mx\/index.php?rest_route=\/wp\/v2\/posts"}],"about":[{"href":"http:\/\/eloficiodehistoriar.com.mx\/index.php?rest_route=\/wp\/v2\/types\/post"}],"author":[{"embeddable":true,"href":"http:\/\/eloficiodehistoriar.com.mx\/index.php?rest_route=\/wp\/v2\/users\/249"}],"replies":[{"embeddable":true,"href":"http:\/\/eloficiodehistoriar.com.mx\/index.php?rest_route=%2Fwp%2Fv2%2Fcomments&post=8862"}],"version-history":[{"count":1,"href":"http:\/\/eloficiodehistoriar.com.mx\/index.php?rest_route=\/wp\/v2\/posts\/8862\/revisions"}],"predecessor-version":[{"id":8863,"href":"http:\/\/eloficiodehistoriar.com.mx\/index.php?rest_route=\/wp\/v2\/posts\/8862\/revisions\/8863"}],"wp:attachment":[{"href":"http:\/\/eloficiodehistoriar.com.mx\/index.php?rest_route=%2Fwp%2Fv2%2Fmedia&parent=8862"}],"wp:term":[{"taxonomy":"category","embeddable":true,"href":"http:\/\/eloficiodehistoriar.com.mx\/index.php?rest_route=%2Fwp%2Fv2%2Fcategories&post=8862"},{"taxonomy":"post_tag","embeddable":true,"href":"http:\/\/eloficiodehistoriar.com.mx\/index.php?rest_route=%2Fwp%2Fv2%2Ftags&post=8862"}],"curies":[{"name":"wp","href":"https:\/\/api.w.org\/{rel}","templated":true}]}}