{"id":8864,"date":"2011-06-11T09:15:45","date_gmt":"2011-06-11T15:15:45","guid":{"rendered":"https:\/\/eloficiodehistoriar.com.mx\/?p=8864"},"modified":"2011-06-11T09:15:45","modified_gmt":"2011-06-11T15:15:45","slug":"me-duele-dejar-estas-tierras-con-tantos-desafios-dice-el-obispo-de-queretaro-justino-armendariz-al-despedirse-de-matamoros","status":"publish","type":"post","link":"http:\/\/eloficiodehistoriar.com.mx\/?p=8864","title":{"rendered":"\u00abMe duele dejar estas tierras con tantos desaf\u00edos\u00bb dice el obispo de Quer\u00e9taro Justino Armend\u00e1riz al despedirse de Matamoros"},"content":{"rendered":"<p>como tercer punto de la meditaci\u00f3n, quisiera que dirigi\u00e9ramos la atenci\u00f3n al hecho que tanto Pablo como Jes\u00fas se dirigen a hombres llamados al ministerio eclesial: a los ap\u00f3stoles y a los presb\u00edteros de \u00c9feso; ambos desarrollaron no una relaci\u00f3n predominantemente pragm\u00e1tica con ellos, sino iluminada y penetrada por la caridad pastoral, por el afecto fraterno, lo cual se transparenta en sus palabras y actitudes; es conmovedor escuchar el relato de Lucas en los Hechos de los Ap\u00f3stoles, en el que se resaltan gestos de profundo cari\u00f1o. <\/p>\n<p>Por ello, en este mo-mento quisiera dirigir unas palabras a mis hermanos presb\u00edteros de esta Di\u00f3cesis de Matamoros, tendremos oportunidad de convivir todav\u00eda un poco m\u00e1s tarde, sin embargo, ante sus comunida-des aqu\u00ed representadas, quiero agradecer profundamente a cada uno de ustedes por su persona, por su vocaci\u00f3n, por su trabajo, por todos los esfuerzos que cotidianamente realizan a favor de la construcci\u00f3n del Reino de Dios, especialmente hacia los m\u00e1s pobres; sobre todo quisiera recono-cer y agradecer su cercan\u00eda y disponibilidad, su franqueza y honestidad, su respeto, la b\u00fasqueda incansable por la unidad y la aut\u00e9ntica fraternidad sacerdotal. <\/p>\n<p>Me voy con la consolaci\u00f3n interior de que a final de cuentas entre ustedes, mis hermanos sacerdotes, encontr\u00e9 siempre una obe-diencia activa e inteligente. <\/p>\n<p>Gracias en gran medida a la disposici\u00f3n de cada uno de ustedes y de todos como familia presbiteral, veo un clero unido, fuerte, con claridad de metas y con disposici\u00f3n a seguir sirviendo. <\/p>\n<p>Doy mi reconocimiento especial a Mons. Roberto Ram\u00edrez Hern\u00e1ndez, decano del presbiterio y sesenta y dos a\u00f1os de ordenado: Monse\u00f1or, gracias por su testimonio y su entre-ga, me llevo sus ense\u00f1anzas, los frutos de su sabidur\u00eda permanecer\u00e1n siempre como luz en mi ministerio. Me resta unirme a San Pablo, en la lectura que hemos escuchado, y exhortarlos como \u00e9l lo hizo, a que \u201cmiren por ustedes mismos y por todo el reba\u00f1o, del que los constituy\u00f3 pastores el Esp\u00edritu Santo, para apacentar a la Iglesia que Dios adquiri\u00f3 con la sangre de su Hijo\u201d. Lo que hemos aprendido juntos ser\u00e1 un precioso tesoro que conservar\u00e9 con celo; oren por m\u00ed, que yo les aseguro mi oraci\u00f3n siempre.<\/p>\n<p>Y ligado al presbiterio, el Seminario, como una de las instituciones m\u00e1s apreciadas en la Di\u00f3cesis, lugar privilegiado de formaci\u00f3n de misioneros. A mi llegada a la Di\u00f3cesis expres\u00e9 mi opci\u00f3n decisiva en la atenci\u00f3n a esta querida casa de formaci\u00f3n, as\u00ed lo he tratado de hacer durante estos seis a\u00f1os; quisiera haberme hecho m\u00e1s presente, sin embargo, gracias a Dios siempre hemos contado con equipos de formadores s\u00f3lidos y con j\u00f3venes entusiastas y generosos; gracias padres, gracias, muchachos por su decidido \u201cs\u00ed\u201d y por la realizaci\u00f3n de una bella vocaci\u00f3n. Me da mucho gusto que tengan la ocasi\u00f3n de ir a Quer\u00e9taro, all\u00e1 nos veremos con el favor de Dios. Valoro tambi\u00e9n mi convivencia con los miembros de los institutos de vida consagrada; ustedes me han permitido entender que es posible armonizar y complementar la vida diocesana a la vida con-sagrada cuando centramos nuestra relaci\u00f3n en Cristo y en la Evangelizaci\u00f3n.<\/p>\n<p>La primera lectura nos relata que Pablo se puso de rodillas y or\u00f3 con los presb\u00edteros de Efeso, el cap\u00edtulo 17 del Evangelio de San Juan recoge la oraci\u00f3n de Jes\u00fas que ha inspirado la espiritualidad sacerdotal en toda la historia de la Iglesia. Quisiera en este momento tambi\u00e9n que me permitan concluir con una oraci\u00f3n, \u00fananse a m\u00ed.<\/p>\n<p>Se\u00f1or Jes\u00fas, Dios eterno, Pastor y guardi\u00e1n de nuestras almas (Cf. I P 2,25), Buen Pastor, que conoces a tus ovejas y das la vida por ellas (Cf. Jn 10,11). Te doy gracias por haberme llamado por el bautismo a la vida cristiana; te agradezco por el crisma de la Confirmaci\u00f3n, a trav\u00e9s del cual recib\u00ed la vocaci\u00f3n de ser tu testigo; gracias por hacerme participar desde mi ni\u00f1ez del Pan de la Eucarist\u00eda; bendito seas por haberme llamado al sacramento del Orden en sus tres grados, y por el que me has constituido Pastor y ministro de tus Sacramentos. Te pido perd\u00f3n por no haber respondido del todo a las vocaciones a las que me has lla-mado; sin embargo, tambi\u00e9n te doy gracias por tantas bendiciones que me has concedi-do: por mi familia de origen, por mi vocaci\u00f3n, por mi vida sacerdotal en la Di\u00f3cesis de Hermosillo y por haberme dado esta amada Di\u00f3cesis de Matamoros como esposa, gracias infinitas por compartir conmigo la caridad pastoral a favor de esta Iglesia de Dios, que has adquirido con tu propia sangre (Cf. Hch 20,28); por haberme concedido el privilegio de servirla a lo largo de estos seis a\u00f1os, como disc\u00edpulo y misionero tuyo; por darme la oportunidad de estar en medio de tu Iglesia, siendo signo de tu presencia; por ser instrumento indigno de tu gracia y representaci\u00f3n sacramental de tu coraz\u00f3n de Buen Pastor. Te agradezco por cada uno de los presb\u00edteros de esta Di\u00f3cesis, que tantas veces me edifi-caron; por su entrega cotidiana y generosa a la vocaci\u00f3n que les haces; por su trabajo tantas veces escondido, cotidiano y lleno de riesgos, pero ejercido con fidelidad, alegr\u00eda y generosidad. <\/p>\n<p>Te doy gracias por mis hermanos y hermanas laicos, comprometidos con el Evangelio y con el Reino, porque son testigos en medio del mundo de que est\u00e1s vivo y de que nos amas incondicionalmente; gracias por las familias, por los j\u00f3venes, por los ni\u00f1os, disc\u00edpu-los y misioneros tuyos, incansables, entusiastas y edificantes.<\/p>\n<p>Hoy, esta ma\u00f1ana, quisiera pedirte muchas cosas, me uno por lo pronto a tu oraci\u00f3n, quiero hacerla m\u00eda. Ahora que estoy a punto de partir de Matamoros te pido, Jes\u00fas, que todos mis hermanos sean uno, como t\u00fa y el Padre son uno (Cf. Jn 17,11.21), \u201cNo ruego que los retires del mundo, sino que los guardes del mal.\u201d (Jn 17,15). Fortalece a la Di\u00f3ce-sis de Matamoros, env\u00eda un Pastor seg\u00fan tu coraz\u00f3n que sepa conducir a todos a tu gozo pleno. <\/p>\n<p>De modo particular quiero pedirte que protejas a todos estos hermanos y hermanas m\u00edos; t\u00fa sabes que lo que m\u00e1s me cuesta, lo que m\u00e1s me hace sufrir, es dejar esta tierra con tantos desaf\u00edos. Conc\u00e9denos el don de la paz, da a los habitantes de la Di\u00f3cesis de Matamoros, de todo Tamaulipas y de M\u00e9xico entero volver a gozar de relaciones de justicia y libertad, de aut\u00e9ntico progreso y de seguridad, \u201cpara que en ti nuestro Pueblo tenga vida digna\u201d; te pido que nuevamente podamos circular por los caminos con tranquilidad, que podamos establecer entre todos relaciones de tolerancia y respeto, que los servidores p\u00fablicos puedan buscar el bien de toda la sociedad.<br \/>\nMar\u00eda, Reina, ruega por nosotros. \u00a1Dios bendiga a la Di\u00f3cesis de Matamoros!  \u00a1Dios bendiga a Tamaulipas!<\/p>\n","protected":false},"excerpt":{"rendered":"<p>como tercer punto de la meditaci\u00f3n, quisiera que dirigi\u00e9ramos la atenci\u00f3n al hecho que tanto Pablo como Jes\u00fas se dirigen a hombres llamados al ministerio eclesial: a los ap\u00f3stoles y a los presb\u00edteros de \u00c9feso; ambos desarrollaron no una relaci\u00f3n predominantemente pragm\u00e1tica con ellos, sino iluminada y penetrada por la caridad pastoral, por el afecto [&hellip;]<\/p>\n","protected":false},"author":249,"featured_media":0,"comment_status":"open","ping_status":"closed","sticky":false,"template":"","format":"standard","meta":{"footnotes":""},"categories":[26],"tags":[],"class_list":["post-8864","post","type-post","status-publish","format-standard","hentry","category-mundo"],"_links":{"self":[{"href":"http:\/\/eloficiodehistoriar.com.mx\/index.php?rest_route=\/wp\/v2\/posts\/8864","targetHints":{"allow":["GET"]}}],"collection":[{"href":"http:\/\/eloficiodehistoriar.com.mx\/index.php?rest_route=\/wp\/v2\/posts"}],"about":[{"href":"http:\/\/eloficiodehistoriar.com.mx\/index.php?rest_route=\/wp\/v2\/types\/post"}],"author":[{"embeddable":true,"href":"http:\/\/eloficiodehistoriar.com.mx\/index.php?rest_route=\/wp\/v2\/users\/249"}],"replies":[{"embeddable":true,"href":"http:\/\/eloficiodehistoriar.com.mx\/index.php?rest_route=%2Fwp%2Fv2%2Fcomments&post=8864"}],"version-history":[{"count":2,"href":"http:\/\/eloficiodehistoriar.com.mx\/index.php?rest_route=\/wp\/v2\/posts\/8864\/revisions"}],"predecessor-version":[{"id":8866,"href":"http:\/\/eloficiodehistoriar.com.mx\/index.php?rest_route=\/wp\/v2\/posts\/8864\/revisions\/8866"}],"wp:attachment":[{"href":"http:\/\/eloficiodehistoriar.com.mx\/index.php?rest_route=%2Fwp%2Fv2%2Fmedia&parent=8864"}],"wp:term":[{"taxonomy":"category","embeddable":true,"href":"http:\/\/eloficiodehistoriar.com.mx\/index.php?rest_route=%2Fwp%2Fv2%2Fcategories&post=8864"},{"taxonomy":"post_tag","embeddable":true,"href":"http:\/\/eloficiodehistoriar.com.mx\/index.php?rest_route=%2Fwp%2Fv2%2Ftags&post=8864"}],"curies":[{"name":"wp","href":"https:\/\/api.w.org\/{rel}","templated":true}]}}