{"id":8872,"date":"2011-06-12T09:05:57","date_gmt":"2011-06-12T15:05:57","guid":{"rendered":"https:\/\/eloficiodehistoriar.com.mx\/?p=8872"},"modified":"2011-06-12T09:05:57","modified_gmt":"2011-06-12T15:05:57","slug":"libertad-bajo-palabra","status":"publish","type":"post","link":"http:\/\/eloficiodehistoriar.com.mx\/?p=8872","title":{"rendered":"\u00abLibertad bajo palabra\u00bb"},"content":{"rendered":"<p>Los halcones,<br \/>\ncuatro d\u00e9cadas<\/p>\n<p>Orlando Ortiz<\/p>\n<p>La Jornada Semanal<\/p>\n<p>Todav\u00eda hay quienes creen que los halcones (los de entonces, no los que ahora colaboran con el narco) fueron creados al vapor, pocos d\u00edas antes de la represi\u00f3n del 10 de junio de 1971. No fue as\u00ed.<\/p>\n<p>Los or\u00edgenes hay que llevarlos al 2 de octubre. Esa tarde, en Tlatelolco, detuvieron a muchos de los dirigentes del Consejo Nacional de Huelga. <\/p>\n<p>No obstante, el movimiento continu\u00f3, aunque en menor escala, tratando de definir el camino que deber\u00eda seguir la lucha. <\/p>\n<p>La huelga se levant\u00f3 antes de que concluyera el a\u00f1o, y el CNH como tal se disolvi\u00f3 en diciembre; de inmediato los estudiantes del Poli, de la Normal de maestros, de los comit\u00e9s de lucha de la UNAM, de Chapingo y de la Universidad Iberoamericana constituyeron la Comisi\u00f3n Coordinadora de Comit\u00e9s de Lucha (COCO).<\/p>\n<p>La COCO logr\u00f3 mantener vivo el movimiento, tanto en el DF como en otras entidades, por ejemplo, Michoac\u00e1n, Puebla, Nuevo Le\u00f3n. <\/p>\n<p>Los estudiantes de este \u00faltimo estado libraron una lucha que los llev\u00f3 a lo que puede calificarse del mayor triunfo en ese lapso: conseguir la autonom\u00eda de la universidad; en 1969, adem\u00e1s los estudiantes lograron que se les diera mayor participaci\u00f3n en el gobierno de esa instituci\u00f3n.<\/p>\n<p>A esta conquista estudiantil que reaviv\u00f3 el entusiasmo del movimiento debe sumarse el hecho de que Luis Echeverr\u00eda fuera lanzado por el PRI como candidato a la presidencia de la Rep\u00fablica. Para colmo, el candidato se propuso visitar planteles universitarios en su campa\u00f1a. Mayor cinismo no pod\u00eda haber, pues hab\u00eda sido el secretario de Gobernaci\u00f3n con D\u00edaz Ordaz, y seguramente con \u00e9l \u2013y otros conspicuos hombres de la administraci\u00f3n\u2013 tram\u00f3 lo ocurrido el 2 de octubre; sin embargo, Echeverr\u00eda, ya en campa\u00f1a proselitista, comenz\u00f3 a dar muestras de que, aparentemente, no continuar\u00eda con la l\u00ednea de D\u00edaz Ordaz. Durante todo ese tiempo aprovech\u00f3 cuanta oportunidad tuvo para, como dir\u00edan en mi pueblo, darle de patadas al pesebre. <\/p>\n<p>Todos los indicios apuntaban a que en su gobierno las cosas cambiar\u00edan, de que ya no ser\u00eda un incondicional de los estadunidenses, de que cuidar\u00eda que los ricos no abusaran de los pobres, que acabar\u00eda con los l\u00edderes charros para que se estableciera la democracia sindical, y cosas por el estilo. Incluso lleg\u00f3 al grado de que, en un mitin en Morelia, pidi\u00f3 guardar un minuto de silencio por los ca\u00eddos el 2 de octubre.<\/p>\n<p>Luis Echeverr\u00eda asumi\u00f3 la presidencia el 1 de diciembre de 1970, y de inmediato qued\u00f3 planteada la gran (y sospechosa) contradicci\u00f3n: su pol\u00edtica exterior se inclinaba hacia los gobiernos latinoamericanos (sin ver pelo ni tama\u00f1o, pues lo mismo se acercaba al dictador Anastasio Somoza que al presidente socialista Salvador Allende) y a otras regiones miserables del mundo; es decir, enfatizaba su inter\u00e9s por los pa\u00edses del entonces llamado Tercer Mundo; hablaba y no dejaba de hablar de apertura democr\u00e1tica, pero su equipo de trabajo m\u00e1s pr\u00f3ximo anunciaba una continuidad de la pol\u00edtica \u2013autoritaria y represiva\u2013 de D\u00edaz Ordaz. De ah\u00ed que le urgiera encontrar una manera de convencer a todos los mexicanos \u2013sobre todo a los intelectuales de izquierda\u2013 de que \u00e9l era dem\u00f3crata, de que estaba abierto al di\u00e1logo, de que era solidario de las mejores causa nacionales e internacionales, bla bla bla bla&#8230; Necesitaba un golpe de tim\u00f3n efectivo y convincente. <\/p>\n<p>El excarcelamiento de los l\u00edderes del \u201968 facilitar\u00eda el asunto, pero la posibilidad de que al quedar en libertad le alborotaran la gallera estaba muy presente. Las autoridades recurrieron a la figura de \u201clibertad bajo palabra\u201d y se la ofrecieron a los presos pol\u00edticos del \u201968, pero condicionada a que aceptaran salir del pa\u00eds. El gobierno chileno se ofreci\u00f3 a recibirlos y esa fue la opci\u00f3n para muchos. De esta manera sali\u00f3 de Lecumberri un buen n\u00famero de presos pol\u00edticos, pero otros \u2013entre ellos el ingeniero Heberto Castillo\u2013 permanecieron tras las rejas porque no aceptaban firmar la libertad bajo palabra y mucho menos irse del pa\u00eds. A la postre poco import\u00f3 su resistencia, pues de todos modos los sacaron de chirona.<\/p>\n<p>Mientras, los halcones andaban por ah\u00ed, como Cri-Cri, guardando eso que ahora llaman un bajo perfil. Porque ese grupo no se form\u00f3 el 10 de junio ni d\u00edas antes, como se desprende del testimonio que publicara el general de brigada Luis Guti\u00e9rrez Oropeza. El militar asegura que en 1968, poco despu\u00e9s de las Olimpiadas y el movimiento estudiantil, fue inaugurado el Metro; la gente, tal vez para protestar de alguna manera por el 2 de octubre, utilizaba este medio de transporte, pero al mismo tiempo romp\u00eda sus asientos, lo rayoneaban y comet\u00edan destrozos en los vagones (actos vand\u00e1licos, en la jerga policial). Como el Campeonato Mundial de Futbol se aproximaba, temieron que esas tropel\u00edas se transformaran en actos terroristas que generar\u00edan una imagen p\u00e9sima del pa\u00eds en el extranjero, lo cual repercutir\u00eda negativamente en el desarrollo del Mundial, convirtiendo en fracaso absoluto algo que promet\u00eda traer miles de turistas y, por lo tanto, divisas. Y como se aproximaba el a\u00f1o de Hidalgo \u2013\u201cle cae al que deje algo\u201d\u2013 para la administraci\u00f3n diazordacista era necesario evitar dicha imagen. Es decir, hab\u00eda que impedir los posibles actos terroristas. Por eso, y para prevenir tales atentados, el general Guti\u00e9rrez Oropeza le propuso al se\u00f1or presidente Gustavo D\u00edaz Ordaz que se creara un cuerpo paramilitar.<br \/>\nSu funci\u00f3n, entre otras, o mejor dicho, la pantalla, era vigilar los vagones e instalaciones del Metro. Eso ocurri\u00f3 durante la administraci\u00f3n de D\u00edaz Ordaz, de ah\u00ed que si Echeverr\u00eda hubiera sido consecuente con su discurso, tendr\u00eda que haber disuelto ese grupo paramilitar, minuciosamente entrenado.<\/p>\n<p>Los halcones era un grupo socialmente variopinto, en que hab\u00eda desde ex militares \u2013dados de baja, expulsados o desertores\u2013 hasta pandilleros de la peor cala\u00f1a, l\u00fampenes, ex porros, etc\u00e9tera; pero los comandaban militares de carrera. La cabeza de los halcones era el coronel Manuel D\u00edaz Escobar Figueroa.<\/p>\n<p>Han pasado cuarenta a\u00f1os desde la represi\u00f3n del Jueves de Corpus. En diversas ocasiones se dijo que los responsables ser\u00edan castigados. Sin embargo, tales promesas nunca se cumplieron. <\/p>\n","protected":false},"excerpt":{"rendered":"<p>Los halcones, cuatro d\u00e9cadas Orlando Ortiz La Jornada Semanal Todav\u00eda hay quienes creen que los halcones (los de entonces, no los que ahora colaboran con el narco) fueron creados al vapor, pocos d\u00edas antes de la represi\u00f3n del 10 de junio de 1971. No fue as\u00ed. Los or\u00edgenes hay que llevarlos al 2 de octubre. [&hellip;]<\/p>\n","protected":false},"author":249,"featured_media":0,"comment_status":"open","ping_status":"closed","sticky":false,"template":"","format":"standard","meta":{"footnotes":""},"categories":[26],"tags":[],"class_list":["post-8872","post","type-post","status-publish","format-standard","hentry","category-mundo"],"_links":{"self":[{"href":"http:\/\/eloficiodehistoriar.com.mx\/index.php?rest_route=\/wp\/v2\/posts\/8872","targetHints":{"allow":["GET"]}}],"collection":[{"href":"http:\/\/eloficiodehistoriar.com.mx\/index.php?rest_route=\/wp\/v2\/posts"}],"about":[{"href":"http:\/\/eloficiodehistoriar.com.mx\/index.php?rest_route=\/wp\/v2\/types\/post"}],"author":[{"embeddable":true,"href":"http:\/\/eloficiodehistoriar.com.mx\/index.php?rest_route=\/wp\/v2\/users\/249"}],"replies":[{"embeddable":true,"href":"http:\/\/eloficiodehistoriar.com.mx\/index.php?rest_route=%2Fwp%2Fv2%2Fcomments&post=8872"}],"version-history":[{"count":1,"href":"http:\/\/eloficiodehistoriar.com.mx\/index.php?rest_route=\/wp\/v2\/posts\/8872\/revisions"}],"predecessor-version":[{"id":8873,"href":"http:\/\/eloficiodehistoriar.com.mx\/index.php?rest_route=\/wp\/v2\/posts\/8872\/revisions\/8873"}],"wp:attachment":[{"href":"http:\/\/eloficiodehistoriar.com.mx\/index.php?rest_route=%2Fwp%2Fv2%2Fmedia&parent=8872"}],"wp:term":[{"taxonomy":"category","embeddable":true,"href":"http:\/\/eloficiodehistoriar.com.mx\/index.php?rest_route=%2Fwp%2Fv2%2Fcategories&post=8872"},{"taxonomy":"post_tag","embeddable":true,"href":"http:\/\/eloficiodehistoriar.com.mx\/index.php?rest_route=%2Fwp%2Fv2%2Ftags&post=8872"}],"curies":[{"name":"wp","href":"https:\/\/api.w.org\/{rel}","templated":true}]}}