{"id":8874,"date":"2011-06-12T09:10:03","date_gmt":"2011-06-12T15:10:03","guid":{"rendered":"https:\/\/eloficiodehistoriar.com.mx\/?p=8874"},"modified":"2011-06-12T09:10:03","modified_gmt":"2011-06-12T15:10:03","slug":"los-jovenes-rechazan-su-exclusion-y-alzan-la-voz","status":"publish","type":"post","link":"http:\/\/eloficiodehistoriar.com.mx\/?p=8874","title":{"rendered":"Los j\u00f3venes rechazan su exclusi\u00f3n y alzan la voz"},"content":{"rendered":"<p>Los j\u00f3venes han vuelto a alzar<br \/>\nla voz para rechazar su exclusi\u00f3n<\/p>\n<p>Jes\u00fas Mart\u00edn del Campo, Ra\u00fal \u00c1lvarez Gar\u00edn, Mario Delgado y Marcelo Ebrard, durante la inauguraci\u00f3n de la escultura y la develaci\u00f3n de la placa conmemorativa del 40 aniversario de la masacre contra estudiantes a manos de soldados, polic\u00edas y grupos paramilitares, el 10 de junio de 1971. <\/p>\n<p>La escultura es obra del artista Sebasti\u00e1n y fue colocada en la esquina de la calzada M\u00e9xico-Tacuba y avenida de Los Maestros el viernes pasado <\/p>\n<p>Extracto del discurso del secretario de Educaci\u00f3n del Distrito Federal,<br \/>\nMario Delgado Carrillo, durante la conmemoraci\u00f3n del 40 aniversario<br \/>\ndel 10 de junio de 1971, en la Plaza Normal. <\/p>\n<p>Este aniversario se da en un contexto muy significativo. Hoy, en varias regiones del mundo, los j\u00f3venes han vuelto a tomar la palabra, a alzar la voz para rechazar su exclusi\u00f3n. No somos antisistema, el sistema es antinosotros, han dicho. Condenan la falta de salud, empleo y oportunidades, as\u00ed como la grosera concentraci\u00f3n de la riqueza al grito de \u201cesto no es una crisis coyuntural, es una estafa permanente\u201d.<\/p>\n<p>El \u201cganamos la calle\u201d del 71, como hicieron muchos de ustedes, y tambi\u00e9n el 68, vuelve a escucharse como una advertencia sobre el agotamiento del sistema dominante.<\/p>\n<p>Nuestros estudiantes, nuestros j\u00f3venes del 68 y de los 70 nos advert\u00edan tambi\u00e9n del agotamiento de un sistema autoritario que ahogaba libertades y derechos que manipulaban la justicia a conveniencia y que manten\u00edan los rezagos de una escandalosa desigualdad social. \u00c9se era el sistema que los j\u00f3venes cuestionaban al exigir un M\u00e9xico democr\u00e1tico, de libertades, de justicia y oportunidades.<\/p>\n<p>La respuesta del r\u00e9gimen pri\u00edsta fue la represi\u00f3n, con el vergonzoso saldo de cientos de valerosos estudiantes muertos. Por eso es imprescindible recuperar la historia, para no olvidar el costo que pagamos por la sordera y la insensibilidad del poder, por el empecinamiento de cerrar el paso a la participaci\u00f3n juvenil.<\/p>\n<p>Los j\u00f3venes ahora son los desempleados, los mal pagados, los subcontratados, las v\u00edctimas de las drogas, del alcoholismo, de la obesidad; los excluidos de las tecnolog\u00edas de informaci\u00f3n, de la seguridad social, del conocimiento y de la cultura.<\/p>\n<p>Son tambi\u00e9n, hay que decirlo, las principales v\u00edctimas de la violencia. Mientras agotamos la energ\u00eda de nuestro pa\u00eds, en un combate al narcotr\u00e1fico de inciertos resultados, estamos perdiendo el futuro para la generaci\u00f3n de j\u00f3venes m\u00e1s numerosa de toda la historia de la naci\u00f3n. Los j\u00f3venes no son un peligro, son ellos los que est\u00e1n en peligro.<\/p>\n<p>En 14 a\u00f1os de gobiernos perredistas en la ciudad de M\u00e9xico se han respetado los derechos ciudadanos y las garant\u00edas individuales. Aqu\u00ed vieron ya frutos las demandas de libertad y democracia que enarbolaron los j\u00f3venes del 68 y del 71.<\/p>\n<p>En esta ciudad es una realidad el derecho de todos sus habitantes a tener cualquier preferencia pol\u00edtica, religiosa, ideol\u00f3gica y sexual.<\/p>\n<p>Si los movimientos juveniles de hace 40 a\u00f1os resultaron decisivos para quebrar el autoritarismo y abrir el cauce democr\u00e1tico y el crecimiento de libertades y derechos en esta ciudad, un movimiento juvenil pasa hoy por dar respuesta objetiva al ejercicio de los derechos sociales. La defensa de la dignidad, entendida como uno de los derechos humanos fundamentales, demanda de un compromiso inequ\u00edvoco y profundo de quienes hemos salido a defenderla.<\/p>\n<p>Frente a la ceguera pol\u00edtica y tecnocr\u00e1tica de gobiernos pri\u00edstas y panistas de mantener el modelo econ\u00f3mico que acrecienta los niveles de desigualdad, de concentraci\u00f3n de la riqueza y de falta de oportunidades, el gobierno de la ciudad seguir\u00e1 encontrando medios para invertir en la gente.<\/p>\n<p>Hemos asumido que es inaceptable que los j\u00f3venes en edad de estudiar no puedan ir a la escuela. \u00bfC\u00f3mo hacer que el gobierno federal reconozca la falta de acceso a la educaci\u00f3n como un acelerador de las actividades il\u00edcitas y la exclusi\u00f3n social? \u00bfC\u00f3mo hacerle entender que la educaci\u00f3n no resuelve todo, pero sin ella no se resuelve nada?<\/p>\n<p>El gobierno que encabeza el licenciado Marcelo Ebrard concibe la educaci\u00f3n como un bien p\u00fablico y social. Del reconocimiento de un principio de equidad surge el programa Prepa S\u00ed, que beca a miles de estudiantes de bachillerato y les da insumos para sus estudios.<\/p>\n<p>El programa Prepa S\u00ed ha despertado en muchos becarios el inter\u00e9s por seguir estudios de nivel superior, en contraste con gobiernos que se rigen por pol\u00edticas y dogmas de neoliberalismo salvaje, donde se vuelven irrelevantes el derecho a la educaci\u00f3n, a la cultura y el acceso a instrumentaos de la ciencia y tecnolog\u00eda.<\/p>\n<p>Por estas razones queremos insistir en la propuesta del licenciado Marcelo Ebrard, de elaborar junto con los grupos parlamentarios del PRD, PT y Convergencia, y quienes se quieran sumar en las c\u00e1maras de Diputados y de Senadores, para que el programa Prepa S\u00ed se convierta en ley y los beneficios de \u00e9ste se apliquen por norma en todo el pa\u00eds.<\/p>\n<p>No podemos estar conformes ni aceptar la disyuntiva lamentable y poco \u00e9tica que se plantea a muchos j\u00f3venes, a partir de la crisis de seguridad, de incorporarse a las filas del crimen organizado o a las Fuerzas Armadas y policiacas, cuando esta \u00faltima deber\u00eda ser una opci\u00f3n en parte de una grande gama de posibilidades que incluya muchos otros campos, como las humanidades y las ciencias, en las que los j\u00f3venes tengan la \u00faltima palabra.<\/p>\n<p>Conmemorar es hacer memoria juntos, la estamos haciendo, no olvidar que no se ha hecho justicia y prevalece la impunidad. El 40 aniversario del 10 de junio es un acto de reclamo de justicia y de reafirmaci\u00f3n de los valores que entonces se convirtieron en exigencia y en protesta.<\/p>\n<p>Nos sentimos plenamente identificados con la poderosa energ\u00eda de protesta y b\u00fasqueda que inspir\u00f3 a muchos de ustedes hace cuatro d\u00e9cadas y que impulsa a los j\u00f3venes de hoy. Otra vez la juventud emociona y conmociona.<\/p>\n<p>Hace 40 a\u00f1os el gobierno de esta ciudad y la Presidencia de la Rep\u00fablica persigui\u00f3 a los j\u00f3venes y en estas calles asesin\u00f3 a muchos. Hoy, el gobierno de izquierda en la ciudad los beca y contribuye a rescatar su futuro.<\/p>\n<p>\u201cHalcones nunca m\u00e1s. 10 de junio no se olvida\u201d.<\/p>\n","protected":false},"excerpt":{"rendered":"<p>Los j\u00f3venes han vuelto a alzar la voz para rechazar su exclusi\u00f3n Jes\u00fas Mart\u00edn del Campo, Ra\u00fal \u00c1lvarez Gar\u00edn, Mario Delgado y Marcelo Ebrard, durante la inauguraci\u00f3n de la escultura y la develaci\u00f3n de la placa conmemorativa del 40 aniversario de la masacre contra estudiantes a manos de soldados, polic\u00edas y grupos paramilitares, el 10 [&hellip;]<\/p>\n","protected":false},"author":249,"featured_media":0,"comment_status":"open","ping_status":"closed","sticky":false,"template":"","format":"standard","meta":{"footnotes":""},"categories":[26],"tags":[],"class_list":["post-8874","post","type-post","status-publish","format-standard","hentry","category-mundo"],"_links":{"self":[{"href":"http:\/\/eloficiodehistoriar.com.mx\/index.php?rest_route=\/wp\/v2\/posts\/8874","targetHints":{"allow":["GET"]}}],"collection":[{"href":"http:\/\/eloficiodehistoriar.com.mx\/index.php?rest_route=\/wp\/v2\/posts"}],"about":[{"href":"http:\/\/eloficiodehistoriar.com.mx\/index.php?rest_route=\/wp\/v2\/types\/post"}],"author":[{"embeddable":true,"href":"http:\/\/eloficiodehistoriar.com.mx\/index.php?rest_route=\/wp\/v2\/users\/249"}],"replies":[{"embeddable":true,"href":"http:\/\/eloficiodehistoriar.com.mx\/index.php?rest_route=%2Fwp%2Fv2%2Fcomments&post=8874"}],"version-history":[{"count":1,"href":"http:\/\/eloficiodehistoriar.com.mx\/index.php?rest_route=\/wp\/v2\/posts\/8874\/revisions"}],"predecessor-version":[{"id":8875,"href":"http:\/\/eloficiodehistoriar.com.mx\/index.php?rest_route=\/wp\/v2\/posts\/8874\/revisions\/8875"}],"wp:attachment":[{"href":"http:\/\/eloficiodehistoriar.com.mx\/index.php?rest_route=%2Fwp%2Fv2%2Fmedia&parent=8874"}],"wp:term":[{"taxonomy":"category","embeddable":true,"href":"http:\/\/eloficiodehistoriar.com.mx\/index.php?rest_route=%2Fwp%2Fv2%2Fcategories&post=8874"},{"taxonomy":"post_tag","embeddable":true,"href":"http:\/\/eloficiodehistoriar.com.mx\/index.php?rest_route=%2Fwp%2Fv2%2Ftags&post=8874"}],"curies":[{"name":"wp","href":"https:\/\/api.w.org\/{rel}","templated":true}]}}