{"id":8876,"date":"2011-06-12T09:16:58","date_gmt":"2011-06-12T15:16:58","guid":{"rendered":"https:\/\/eloficiodehistoriar.com.mx\/?p=8876"},"modified":"2011-06-12T09:17:45","modified_gmt":"2011-06-12T15:17:45","slug":"mos-estan-llevando-a-la-radicalizacion","status":"publish","type":"post","link":"http:\/\/eloficiodehistoriar.com.mx\/?p=8876","title":{"rendered":"\u00abNos est\u00e1n llevando a la radicalizaci\u00f3n\u00bb"},"content":{"rendered":"<p>Advierte Sicilia: <\/p>\n<p>nos llevan a la radicalizaci\u00f3n<\/p>\n<p>Jos\u00e9 Gil Olmos<\/p>\n<p>APRO<\/p>\n<p>Escuchar a las familias que han sido v\u00edctimas de la violencia en las regiones m\u00e1s laceradas del pa\u00eds reafirm\u00f3 en los integrantes de la Caravana del Consuelo la convicci\u00f3n de que no se derrotar\u00e1 al crimen organizado s\u00f3lo con armas y sin diagn\u00f3sticos, ni pasando por encima de la gente. <\/p>\n<p>Fortalecidos con el dolor de los supervivientes, Javier Sicilia y el movimiento ciudadano que encabeza ya comenzaron a darle forma a \u201cla \u00fanica opci\u00f3n que est\u00e1n dejando el gobierno y la clase pol\u00edtica\u201d para corregir el rumbo al pa\u00eds: la resistencia civil pac\u00edfica.<\/p>\n<p>(Proceso)<\/p>\n<p>.- Al final del trayecto de casi 3 mil kil\u00f3metros y despu\u00e9s de una semana de conocer decenas de testimonios sobre ejecuciones, torturas y desapariciones, Javier Sicilia sostiene que el presidente Felipe Calder\u00f3n no ve m\u00e1s all\u00e1 de los jardines de Los Pinos y que sigue sin escuchar el clamor de miles de personas que piden justicia y paz.<\/p>\n<p> Al frente de la Caravana por la Paz y la Justicia, conocida ya como la \u201ccaravana del consuelo\u201d, el poeta advierte que tambi\u00e9n los partidos y actores pol\u00edticos como Enrique Pe\u00f1a Nieto, Andr\u00e9s Manuel L\u00f3pez Obrador y Marcelo Ebrard han mostrado incapacidad para atender el reclamo de las familias v\u00edctimas de la guerra contra el narcotr\u00e1fico, lo cual est\u00e1 generando un grave riesgo:<\/p>\n<p>\u201cPuede haber estallidos sociales porque la gente est\u00e1 enojada, y cuando uno est\u00e1 enojado en grados graves, cuando uno se siente impotente y no encuentra un camino adecuado, no violento, para responder a esas agresiones, termina por ser agresivo. En muchas plazas la gente gritaba expresando odio y dolor, reclamos de justicia, voces que est\u00e1n sumergidas en el olvido.<\/p>\n<p>\u201cLo que vimos es un pa\u00eds de v\u00edctimas, por eso dec\u00eda que ojal\u00e1 el presidente oyera los relatos. Le estaremos llevando un CD para que escuche los testimonios, que vea la impunidad que hay en el pa\u00eds, que vea que el crimen est\u00e1 tambi\u00e9n en el Estado, para que se pueda sensibilizar su coraz\u00f3n y vea que su estrategia es demasiado puritana y agresiva, que no es una buena estrategia para rehacer el pa\u00eds\u201d.<\/p>\n<p>Extracto del reportaje que se publica en la edici\u00f3n 1806 de la revista Proceso, ya en circulaci\u00f3n.<\/p>\n","protected":false},"excerpt":{"rendered":"<p>Advierte Sicilia: nos llevan a la radicalizaci\u00f3n Jos\u00e9 Gil Olmos APRO Escuchar a las familias que han sido v\u00edctimas de la violencia en las regiones m\u00e1s laceradas del pa\u00eds reafirm\u00f3 en los integrantes de la Caravana del Consuelo la convicci\u00f3n de que no se derrotar\u00e1 al crimen organizado s\u00f3lo con armas y sin diagn\u00f3sticos, ni [&hellip;]<\/p>\n","protected":false},"author":249,"featured_media":0,"comment_status":"open","ping_status":"closed","sticky":false,"template":"","format":"standard","meta":{"footnotes":""},"categories":[26],"tags":[],"class_list":["post-8876","post","type-post","status-publish","format-standard","hentry","category-mundo"],"_links":{"self":[{"href":"http:\/\/eloficiodehistoriar.com.mx\/index.php?rest_route=\/wp\/v2\/posts\/8876","targetHints":{"allow":["GET"]}}],"collection":[{"href":"http:\/\/eloficiodehistoriar.com.mx\/index.php?rest_route=\/wp\/v2\/posts"}],"about":[{"href":"http:\/\/eloficiodehistoriar.com.mx\/index.php?rest_route=\/wp\/v2\/types\/post"}],"author":[{"embeddable":true,"href":"http:\/\/eloficiodehistoriar.com.mx\/index.php?rest_route=\/wp\/v2\/users\/249"}],"replies":[{"embeddable":true,"href":"http:\/\/eloficiodehistoriar.com.mx\/index.php?rest_route=%2Fwp%2Fv2%2Fcomments&post=8876"}],"version-history":[{"count":2,"href":"http:\/\/eloficiodehistoriar.com.mx\/index.php?rest_route=\/wp\/v2\/posts\/8876\/revisions"}],"predecessor-version":[{"id":8878,"href":"http:\/\/eloficiodehistoriar.com.mx\/index.php?rest_route=\/wp\/v2\/posts\/8876\/revisions\/8878"}],"wp:attachment":[{"href":"http:\/\/eloficiodehistoriar.com.mx\/index.php?rest_route=%2Fwp%2Fv2%2Fmedia&parent=8876"}],"wp:term":[{"taxonomy":"category","embeddable":true,"href":"http:\/\/eloficiodehistoriar.com.mx\/index.php?rest_route=%2Fwp%2Fv2%2Fcategories&post=8876"},{"taxonomy":"post_tag","embeddable":true,"href":"http:\/\/eloficiodehistoriar.com.mx\/index.php?rest_route=%2Fwp%2Fv2%2Ftags&post=8876"}],"curies":[{"name":"wp","href":"https:\/\/api.w.org\/{rel}","templated":true}]}}