{"id":8882,"date":"2011-06-12T09:37:48","date_gmt":"2011-06-12T15:37:48","guid":{"rendered":"https:\/\/eloficiodehistoriar.com.mx\/?p=8882"},"modified":"2011-06-12T09:37:48","modified_gmt":"2011-06-12T15:37:48","slug":"la-identidad-de-la-prensa-catolica-motivo-de-un-encuentro-nacional","status":"publish","type":"post","link":"http:\/\/eloficiodehistoriar.com.mx\/?p=8882","title":{"rendered":"La identidad de la prensa cat\u00f3lica, motivo de un encuentro nacional"},"content":{"rendered":"<p>Encuentro Nacional de Peri\u00f3dicos Cat\u00f3licos        <\/p>\n<p>\u00abLa Identidad de la Prensa Cat\u00f3lica\u00bb es el tema del Primer Encuentro de Prensa Cat\u00f3lica que se realizar\u00e1 en M\u00e9xico DF, del 19 al 22 de julio del 2011. El evento que es dirigido a Directores y responsables de Semanarios o Peri\u00f3dicos Diocesanos y a quienes laboran en ellos.<\/p>\n<p>Este evento nacional es organizado por la Comisi\u00f3n Episcopal para la Pastoral de la Comunicaci\u00f3n y el apoyo de la Pastoral de la Comunicaci\u00f3n de la Arquidi\u00f3cesis de M\u00e9xico.  El encuentro tiene como objetivo analizar la situaci\u00f3n y el futuro de la prensa, los desaf\u00edos y las expectativas de la prensa cat\u00f3lica en M\u00e9xico. Adicionalmente se busca definir el papel y perfil del reportero cat\u00f3lico, as\u00ed como el de analizar estrategias y estructuras que ayuden a mejorar la calidad de las publicaciones y a contribuir a la evangelizaci\u00f3n en el contexto de la Misi\u00f3n Continental en cada uno de las jurisdicciones eclesi\u00e1sticas.<\/p>\n<p>Entre los temas que se abordar\u00e1n en este encuentro se destacan \u00abLa libertad de prensa en la Iglesia\u00bb; \u00abIdentidad de la Prensa Cat\u00f3lica\u00bb, \u00abEl Perfil de los Reporteros Cat\u00f3licos y el Papel de los laicos en los peri\u00f3dicos Diocesanos\u00bb, \u00abEl art\u00edculo Editorial\u00bb, \u00abAn\u00e1lisis del dise\u00f1o de peri\u00f3dicos diocesanos y el uso de la imagen\u00bb, \u00abEstructuras Organizacionales de los Peri\u00f3dicos Diocesanos\u00bb, \u00abEstrategias de distribuci\u00f3n, venta, publicidad y distribuci\u00f3n de peri\u00f3dicos diocesanos\u00bb, \u00abLa Prensa Cat\u00f3lica e Internet\u00bb, entre otros.<\/p>\n<p>El congreso se llevar\u00e1 a cabo en Casa Lago-Sede de la Conferencia Episcopal de M\u00e9xico, CEM, en Cuautitl\u00e1n Izcalli, Estado de M\u00e9xico. Las inscripciones se receptar\u00e1n hasta el viernes 1 de julio.<\/p>\n","protected":false},"excerpt":{"rendered":"<p>Encuentro Nacional de Peri\u00f3dicos Cat\u00f3licos \u00abLa Identidad de la Prensa Cat\u00f3lica\u00bb es el tema del Primer Encuentro de Prensa Cat\u00f3lica que se realizar\u00e1 en M\u00e9xico DF, del 19 al 22 de julio del 2011. El evento que es dirigido a Directores y responsables de Semanarios o Peri\u00f3dicos Diocesanos y a quienes laboran en ellos. Este [&hellip;]<\/p>\n","protected":false},"author":249,"featured_media":0,"comment_status":"open","ping_status":"closed","sticky":false,"template":"","format":"standard","meta":{"footnotes":""},"categories":[26],"tags":[],"class_list":["post-8882","post","type-post","status-publish","format-standard","hentry","category-mundo"],"_links":{"self":[{"href":"http:\/\/eloficiodehistoriar.com.mx\/index.php?rest_route=\/wp\/v2\/posts\/8882","targetHints":{"allow":["GET"]}}],"collection":[{"href":"http:\/\/eloficiodehistoriar.com.mx\/index.php?rest_route=\/wp\/v2\/posts"}],"about":[{"href":"http:\/\/eloficiodehistoriar.com.mx\/index.php?rest_route=\/wp\/v2\/types\/post"}],"author":[{"embeddable":true,"href":"http:\/\/eloficiodehistoriar.com.mx\/index.php?rest_route=\/wp\/v2\/users\/249"}],"replies":[{"embeddable":true,"href":"http:\/\/eloficiodehistoriar.com.mx\/index.php?rest_route=%2Fwp%2Fv2%2Fcomments&post=8882"}],"version-history":[{"count":2,"href":"http:\/\/eloficiodehistoriar.com.mx\/index.php?rest_route=\/wp\/v2\/posts\/8882\/revisions"}],"predecessor-version":[{"id":8884,"href":"http:\/\/eloficiodehistoriar.com.mx\/index.php?rest_route=\/wp\/v2\/posts\/8882\/revisions\/8884"}],"wp:attachment":[{"href":"http:\/\/eloficiodehistoriar.com.mx\/index.php?rest_route=%2Fwp%2Fv2%2Fmedia&parent=8882"}],"wp:term":[{"taxonomy":"category","embeddable":true,"href":"http:\/\/eloficiodehistoriar.com.mx\/index.php?rest_route=%2Fwp%2Fv2%2Fcategories&post=8882"},{"taxonomy":"post_tag","embeddable":true,"href":"http:\/\/eloficiodehistoriar.com.mx\/index.php?rest_route=%2Fwp%2Fv2%2Ftags&post=8882"}],"curies":[{"name":"wp","href":"https:\/\/api.w.org\/{rel}","templated":true}]}}