{"id":8886,"date":"2011-06-13T09:58:05","date_gmt":"2011-06-13T15:58:05","guid":{"rendered":"https:\/\/eloficiodehistoriar.com.mx\/?p=8886"},"modified":"2011-06-13T09:58:05","modified_gmt":"2011-06-13T15:58:05","slug":"56-profesionistas-jovenes-y-mas-de-200-civiles-solicitan-en-queretaro-ingresar-a-la-policia-acreditable","status":"publish","type":"post","link":"http:\/\/eloficiodehistoriar.com.mx\/?p=8886","title":{"rendered":"56 profesionistas j\u00f3venes y m\u00e1s de 200 civiles solicitan en Quer\u00e9taro ingresar a la polic\u00eda acreditable"},"content":{"rendered":"<p>Licenciados quieren ser polic\u00edas: Plancarte<\/p>\n<p>Diario de Quer\u00e9taro<\/p>\n<p>Jos\u00e9 Luis Rodr\u00edguez<\/p>\n<p>En Quer\u00e9taro s\u00ed hay j\u00f3venes profesionistas interesados en formar parte de las filas policiacas, tan es as\u00ed que hay 56 licenciados que est\u00e1n haciendo los ex\u00e1menes para la Polic\u00eda Acreditable, inform\u00f3 Jos\u00e9 Alfredo Plancarte Balderas, director del Instituto de Capacitaci\u00f3n y Estudios de Seguridad del Estado de Quer\u00e9taro. <\/p>\n<p>En el marco de la pol\u00e9mica nacional por la falta de oportunidades de trabajo para los j\u00f3venes, donde diversas autoridades han exhortado a que se alisten en el Ej\u00e9rcito o en la Polic\u00eda, en Quer\u00e9taro s\u00ed se ha demostrado inter\u00e9s de j\u00f3venes que est\u00e1n optando por una doble carrera dentro de la polic\u00eda.<\/p>\n<p>Plancarte explic\u00f3 que dentro de la convocatoria para la Polic\u00eda Acreditable se han inscrito para hacer los procesos de admisi\u00f3n 56 egresados de diversas carreras como Ingenier\u00eda, Electr\u00f3nica o Criminolog\u00eda, entre otras, lo que considera una gran ventaja porque sus conocimientos estar\u00e1n al servicio de la ciudadan\u00eda en tareas de an\u00e1lisis e investigaci\u00f3n.<\/p>\n<p>En este momento, a\u00f1adi\u00f3, se han registrado 347 civiles y 86 polic\u00edas activos, que buscar\u00e1n una de las 297 plazas que habr\u00e1 disponibles para la Polic\u00eda Acreditable, que es un sistema para profesionalizar la figura del polic\u00eda, porque \u00abno es la cachucha, la macana y la pistola lo que define al elemento policiaco, es m\u00e1s bien aquel concertador, analista, que previene, que atiende para que un conflicto no pase a mayores\u00bb. <\/p>\n<p>Vamos hacia la certificaci\u00f3n y dignificaci\u00f3n, ser polic\u00eda debe ser una profesi\u00f3n, no es de amigos o compadres que te inviten a formar parte de los cuerpos policiacos, acot\u00f3. Dijo tambi\u00e9n que un polic\u00eda no s\u00f3lo est\u00e1 en las calles, hay tambi\u00e9n necesidad de polic\u00edas de oficina que realicen tareas de operatividad, investigaci\u00f3n y an\u00e1lisis t\u00e1ctico.<\/p>\n<p>Jos\u00e9 Alfredo Plancarte dijo que los seleccionados tomar\u00e1n m\u00f3dulos de \u00e9tica policial, valores, altruismo, as\u00ed como el marco jur\u00eddico de la actuaci\u00f3n policial. De acuerdo a la especialidad, algunos ir\u00e1n a la Escuela Nacional de Polic\u00eda Federal en San Luis Potos\u00ed, y otros al Centro Militar de Irapuato para su formaci\u00f3n, antes de ser canalizados a sus labores en el estado de Quer\u00e9taro.<\/p>\n","protected":false},"excerpt":{"rendered":"<p>Licenciados quieren ser polic\u00edas: Plancarte Diario de Quer\u00e9taro Jos\u00e9 Luis Rodr\u00edguez En Quer\u00e9taro s\u00ed hay j\u00f3venes profesionistas interesados en formar parte de las filas policiacas, tan es as\u00ed que hay 56 licenciados que est\u00e1n haciendo los ex\u00e1menes para la Polic\u00eda Acreditable, inform\u00f3 Jos\u00e9 Alfredo Plancarte Balderas, director del Instituto de Capacitaci\u00f3n y Estudios de Seguridad [&hellip;]<\/p>\n","protected":false},"author":249,"featured_media":0,"comment_status":"open","ping_status":"closed","sticky":false,"template":"","format":"standard","meta":{"footnotes":""},"categories":[26],"tags":[],"class_list":["post-8886","post","type-post","status-publish","format-standard","hentry","category-mundo"],"_links":{"self":[{"href":"http:\/\/eloficiodehistoriar.com.mx\/index.php?rest_route=\/wp\/v2\/posts\/8886","targetHints":{"allow":["GET"]}}],"collection":[{"href":"http:\/\/eloficiodehistoriar.com.mx\/index.php?rest_route=\/wp\/v2\/posts"}],"about":[{"href":"http:\/\/eloficiodehistoriar.com.mx\/index.php?rest_route=\/wp\/v2\/types\/post"}],"author":[{"embeddable":true,"href":"http:\/\/eloficiodehistoriar.com.mx\/index.php?rest_route=\/wp\/v2\/users\/249"}],"replies":[{"embeddable":true,"href":"http:\/\/eloficiodehistoriar.com.mx\/index.php?rest_route=%2Fwp%2Fv2%2Fcomments&post=8886"}],"version-history":[{"count":1,"href":"http:\/\/eloficiodehistoriar.com.mx\/index.php?rest_route=\/wp\/v2\/posts\/8886\/revisions"}],"predecessor-version":[{"id":8887,"href":"http:\/\/eloficiodehistoriar.com.mx\/index.php?rest_route=\/wp\/v2\/posts\/8886\/revisions\/8887"}],"wp:attachment":[{"href":"http:\/\/eloficiodehistoriar.com.mx\/index.php?rest_route=%2Fwp%2Fv2%2Fmedia&parent=8886"}],"wp:term":[{"taxonomy":"category","embeddable":true,"href":"http:\/\/eloficiodehistoriar.com.mx\/index.php?rest_route=%2Fwp%2Fv2%2Fcategories&post=8886"},{"taxonomy":"post_tag","embeddable":true,"href":"http:\/\/eloficiodehistoriar.com.mx\/index.php?rest_route=%2Fwp%2Fv2%2Ftags&post=8886"}],"curies":[{"name":"wp","href":"https:\/\/api.w.org\/{rel}","templated":true}]}}