{"id":8898,"date":"2011-06-14T09:06:37","date_gmt":"2011-06-14T15:06:37","guid":{"rendered":"https:\/\/eloficiodehistoriar.com.mx\/?p=8898"},"modified":"2011-06-14T09:10:05","modified_gmt":"2011-06-14T15:10:05","slug":"gestion-en-desarrollo-humano-una-especialidad-diferente-que-ofrece-a-gran-nivel-la-fcpys-de-la-uaq","status":"publish","type":"post","link":"http:\/\/eloficiodehistoriar.com.mx\/?p=8898","title":{"rendered":"\u00abGesti\u00f3n para el desarrollo comunitario\u00bb una especialidad diferente que ofrece a gran nivel la FCPyS de la UAQ"},"content":{"rendered":"<p>\u00abGesti\u00f3n para el  desarrollo comunitario\u00bb Especialidad de la FCPyS de la UAQ<\/p>\n<p>La Facultad de Ciencias Pol\u00edticas y Sociales de la UAQ invita a cursar la Especialidad en Gesti\u00f3n para el Desarrollo Comunitario. El curso iniciar\u00e1 el 16 de agosto; el per\u00edodo de recepci\u00f3n de documentos es del 1 de junio al 5 de agosto. La inscripci\u00f3n tendr\u00e1 un costo de 5 mil pesos. <\/p>\n<p>Dicha especialidad ser\u00e1 impartida por los Mtros. Blanca Isela G\u00f3mez Jim\u00e9nez, Antonio Flores Gonz\u00e1lez, Evelyne Sinquin Fellye, Ra\u00fal I. Sol\u00eds Barrueta, Patricia Roitman Genoud y Gerardo V\u00e1zquez Pi\u00f1a. <\/p>\n<p>Fundada en el a\u00f1o de 1984, esta especialidad ha sido reestructurada con la intenci\u00f3n de ofrecer una alternativa de formaci\u00f3n y actualizaci\u00f3n acordes con las necesidades actuales del contexto donde est\u00e1 inmersa la pr\u00e1ctica de intervenci\u00f3n comunitaria. El resultado es un novedoso programa de posgrado que atiende tanto las necesidades de profesionalizaci\u00f3n, como los requerimientos de instituciones p\u00fablicas y organizaciones civiles, as\u00ed como aquellas necesidades de colaboraci\u00f3n presentes en algunas de las comunidades urbanas y rurales de la regi\u00f3n. <\/p>\n<p>Para mayores informes, se adjunta el cartel con toda la informaci\u00f3n, o bien puede llamar a los tel\u00e9fonos (01 442) 1 92 12 00 y 192 12 65 extensiones 5451, 5452 y 5453. V\u00eda electr\u00f3nica: desarrollocomunitariofcpys@hotmail.com y rise@uaq.mx <\/p>\n<p>Coordinaci\u00f3n de Divulgaci\u00f3n<br \/>\nFacultad de Ciencias Pol\u00edticas y Sociales<\/p>\n","protected":false},"excerpt":{"rendered":"<p>\u00abGesti\u00f3n para el desarrollo comunitario\u00bb Especialidad de la FCPyS de la UAQ La Facultad de Ciencias Pol\u00edticas y Sociales de la UAQ invita a cursar la Especialidad en Gesti\u00f3n para el Desarrollo Comunitario. El curso iniciar\u00e1 el 16 de agosto; el per\u00edodo de recepci\u00f3n de documentos es del 1 de junio al 5 de agosto. [&hellip;]<\/p>\n","protected":false},"author":249,"featured_media":0,"comment_status":"open","ping_status":"closed","sticky":false,"template":"","format":"standard","meta":{"footnotes":""},"categories":[26],"tags":[],"class_list":["post-8898","post","type-post","status-publish","format-standard","hentry","category-mundo"],"_links":{"self":[{"href":"http:\/\/eloficiodehistoriar.com.mx\/index.php?rest_route=\/wp\/v2\/posts\/8898","targetHints":{"allow":["GET"]}}],"collection":[{"href":"http:\/\/eloficiodehistoriar.com.mx\/index.php?rest_route=\/wp\/v2\/posts"}],"about":[{"href":"http:\/\/eloficiodehistoriar.com.mx\/index.php?rest_route=\/wp\/v2\/types\/post"}],"author":[{"embeddable":true,"href":"http:\/\/eloficiodehistoriar.com.mx\/index.php?rest_route=\/wp\/v2\/users\/249"}],"replies":[{"embeddable":true,"href":"http:\/\/eloficiodehistoriar.com.mx\/index.php?rest_route=%2Fwp%2Fv2%2Fcomments&post=8898"}],"version-history":[{"count":3,"href":"http:\/\/eloficiodehistoriar.com.mx\/index.php?rest_route=\/wp\/v2\/posts\/8898\/revisions"}],"predecessor-version":[{"id":8901,"href":"http:\/\/eloficiodehistoriar.com.mx\/index.php?rest_route=\/wp\/v2\/posts\/8898\/revisions\/8901"}],"wp:attachment":[{"href":"http:\/\/eloficiodehistoriar.com.mx\/index.php?rest_route=%2Fwp%2Fv2%2Fmedia&parent=8898"}],"wp:term":[{"taxonomy":"category","embeddable":true,"href":"http:\/\/eloficiodehistoriar.com.mx\/index.php?rest_route=%2Fwp%2Fv2%2Fcategories&post=8898"},{"taxonomy":"post_tag","embeddable":true,"href":"http:\/\/eloficiodehistoriar.com.mx\/index.php?rest_route=%2Fwp%2Fv2%2Ftags&post=8898"}],"curies":[{"name":"wp","href":"https:\/\/api.w.org\/{rel}","templated":true}]}}