{"id":8905,"date":"2011-06-14T09:22:09","date_gmt":"2011-06-14T15:22:09","guid":{"rendered":"https:\/\/eloficiodehistoriar.com.mx\/?p=8905"},"modified":"2011-06-14T09:22:09","modified_gmt":"2011-06-14T15:22:09","slug":"el-derecho-de-replica-para-unos-cuantos","status":"publish","type":"post","link":"http:\/\/eloficiodehistoriar.com.mx\/?p=8905","title":{"rendered":"El derecho de r\u00e9plica para unos cuantos"},"content":{"rendered":"<p>Quiere IFE regular derecho de r\u00e9plica<\/p>\n<p>La Comisi\u00f3n de Quejas del IFE analiza un proyecto para aplicar el derecho de r\u00e9plica electoral con el objetivo de que medios de comunicaci\u00f3n otorguen espacios a partidos o candidatos<\/p>\n<p>Jos\u00e9 Gerardo Mej\u00eda <\/p>\n<p>El Universal<\/p>\n<p>jose.mejia@eluniversal.com.mx <\/p>\n<p>El Instituto Federal Electoral (IFE) analiza el proyecto para aplicar el derecho de r\u00e9plica en materia electoral con la obligaci\u00f3n a medios de comunicaci\u00f3n de publicar gratuitamente las r\u00e9plicas de los partidos pol\u00edticos, precandidatos o candidatos en espacios noticiosos. <\/p>\n<p>De acuerdo al documento que a\u00fan est\u00e1 en proceso de revisi\u00f3n en la Comisi\u00f3n de Quejas que preside el consejero Alfredo Figueroa la medida incluye art\u00edculos, editoriales, p\u00e1rrafos, reportes, entrevistas, cr\u00f3nicas, programas informativos, de debate, educativos, deportivos, o cualquier otro g\u00e9nero period\u00edstico o programa televisivos. <\/p>\n<p>Si la casa editorial no difunde la r\u00e9plica, el partido pol\u00edtico, precandidato o candidato, podr\u00e1 presentar la queja o denuncia correspondiente ante el IFE, para que lleve a cabo audiencias de conciliaci\u00f3n, que en caso de fracasar, derivar\u00e1n en un procedimiento de investigaci\u00f3n. <\/p>\n<p>En caso de que se determine la responsabilidad del medio de comunicaci\u00f3n denunciado, la autoridad electoral podr\u00e1 imponer las sanciones que en su caso, correspondan \u201csin perjuicio de exigir al medio de comunicaci\u00f3n la publicaci\u00f3n o difusi\u00f3n correspondiente\u201d. <\/p>\n<p>Se establece que proceder\u00e1 el derecho de r\u00e9plica sobre la informaci\u00f3n que presente una casa editorial cuando los afectados consideren que ha deformado hechos o situaciones referentes a sus actividades. <\/p>\n<p>\u201cEn ning\u00fan caso proceder\u00e1 respecto de opiniones difundidas en tales medios, ni cuando existe una uni\u00f3n inseparable entre \u00e9stas y los hechos manifestados que no permitan determinar la frontera entre ellos\u201d, apunta el texto. <\/p>\n<p>En el documento se justifica la disposici\u00f3n cuando subraya que a pesar de que el p\u00e1rrafo 4 del art\u00edculo 233 del C\u00f3digo Federal de Instituciones y Procedimientos Electorales (Cofipe) y el d\u00e9cimo transitorio del Decreto publicado en El Diario Oficial de la Federaci\u00f3n (DOF) del 14 de enero de 2008 que establecen que el derecho de r\u00e9plica se ejercer\u00e1 con base en lo que indique la ley. <\/p>\n<p>\u201cA m\u00e1s tardar el 30 de abril de 2008, el Congreso de la Uni\u00f3n deber\u00e1 expedir la ley reglamentaria del derecho de r\u00e9plica, misma que a la fecha no ha sido emitida\u201d, por lo que el IFE emiti\u00f3 en septiembre de ese a\u00f1o, una serie de lineamientos para radio y televisi\u00f3n para los comicios federales del 2009 para abordar el tema. <\/p>\n<p>La medida es promovida con base en el art\u00edculo 233 p\u00e1rrafo 3 del C\u00f3digo Federal que establece que los partidos pol\u00edticos, los precandidatos y candidatos podr\u00e1n ejercer ese derecho, cuando consideren que la misma ha deformado hechos referentes a sus actividades. <\/p>\n<p>En el proyecto se consigna que la solicitud de r\u00e9plica se debe formular dentro de los cuatro d\u00edas siguientes a la publicaci\u00f3n o difusi\u00f3n, la extensi\u00f3n no debe ser mayor al triple del tiempo o espacio en el que se contenga la alusi\u00f3n que se contesta, punto que sufri\u00f3 modificaci\u00f3n en la \u00faltima reuni\u00f3n de la Comisi\u00f3n de Quejas. <\/p>\n<p>En caso de que exceda el espacio permitido, el medio notificar\u00e1 al solicitante, con la sugerencia de una reducci\u00f3n, por lo que podr\u00e1 cobrar el exceso de tiempo o espacio al precio que fije en su tarifa de anuncios, cuyo pago se efectuar\u00e1 o asegurar\u00e1 previamente. <\/p>\n<p>Las quejas por la disposici\u00f3n podr\u00e1n presentarse ante el IFE en un plazo no mayor a cuatro d\u00edas h\u00e1biles de haber tenido una negativa o del vencimiento del plazo para publicarla. <\/p>\n<p>\u201cLas quejas o denuncias ser\u00e1n radicadas como procedimientos especiales sancionadores y seguir\u00e1n el tr\u00e1mite previsto para estos procedimientos\u201d, apunta el proyecto. <\/p>\n","protected":false},"excerpt":{"rendered":"<p>Quiere IFE regular derecho de r\u00e9plica La Comisi\u00f3n de Quejas del IFE analiza un proyecto para aplicar el derecho de r\u00e9plica electoral con el objetivo de que medios de comunicaci\u00f3n otorguen espacios a partidos o candidatos Jos\u00e9 Gerardo Mej\u00eda El Universal jose.mejia@eluniversal.com.mx El Instituto Federal Electoral (IFE) analiza el proyecto para aplicar el derecho de [&hellip;]<\/p>\n","protected":false},"author":249,"featured_media":0,"comment_status":"open","ping_status":"closed","sticky":false,"template":"","format":"standard","meta":{"footnotes":""},"categories":[26],"tags":[],"class_list":["post-8905","post","type-post","status-publish","format-standard","hentry","category-mundo"],"_links":{"self":[{"href":"http:\/\/eloficiodehistoriar.com.mx\/index.php?rest_route=\/wp\/v2\/posts\/8905","targetHints":{"allow":["GET"]}}],"collection":[{"href":"http:\/\/eloficiodehistoriar.com.mx\/index.php?rest_route=\/wp\/v2\/posts"}],"about":[{"href":"http:\/\/eloficiodehistoriar.com.mx\/index.php?rest_route=\/wp\/v2\/types\/post"}],"author":[{"embeddable":true,"href":"http:\/\/eloficiodehistoriar.com.mx\/index.php?rest_route=\/wp\/v2\/users\/249"}],"replies":[{"embeddable":true,"href":"http:\/\/eloficiodehistoriar.com.mx\/index.php?rest_route=%2Fwp%2Fv2%2Fcomments&post=8905"}],"version-history":[{"count":2,"href":"http:\/\/eloficiodehistoriar.com.mx\/index.php?rest_route=\/wp\/v2\/posts\/8905\/revisions"}],"predecessor-version":[{"id":8907,"href":"http:\/\/eloficiodehistoriar.com.mx\/index.php?rest_route=\/wp\/v2\/posts\/8905\/revisions\/8907"}],"wp:attachment":[{"href":"http:\/\/eloficiodehistoriar.com.mx\/index.php?rest_route=%2Fwp%2Fv2%2Fmedia&parent=8905"}],"wp:term":[{"taxonomy":"category","embeddable":true,"href":"http:\/\/eloficiodehistoriar.com.mx\/index.php?rest_route=%2Fwp%2Fv2%2Fcategories&post=8905"},{"taxonomy":"post_tag","embeddable":true,"href":"http:\/\/eloficiodehistoriar.com.mx\/index.php?rest_route=%2Fwp%2Fv2%2Ftags&post=8905"}],"curies":[{"name":"wp","href":"https:\/\/api.w.org\/{rel}","templated":true}]}}