{"id":8908,"date":"2011-06-14T09:43:38","date_gmt":"2011-06-14T15:43:38","guid":{"rendered":"https:\/\/eloficiodehistoriar.com.mx\/?p=8908"},"modified":"2011-06-14T09:43:38","modified_gmt":"2011-06-14T15:43:38","slug":"lo-que-recibe-en-queretaro-el-nuevo-y-noveno-obispo-faustino-armendariz-jimenez-quien-llega-este-16-de-junio-acompanado-del-nuncio-y-cerca-de-60-obispos","status":"publish","type":"post","link":"http:\/\/eloficiodehistoriar.com.mx\/?p=8908","title":{"rendered":"Lo que recibe en Quer\u00e9taro el nuevo y noveno obispo Faustino Armend\u00e1riz Jim\u00e9nez, quien llega este 16 de junio acompa\u00f1ado del Nuncio y cerca de 60 obispos"},"content":{"rendered":"<p>Faustino Armend\u00e1riz Jimenez, nuevo y noveno obispo de Quer\u00e9taro, recibe una herencia diocesana muy valiosa que debe ser aprovechada para su lema de evangelizarse y evangelizar<\/p>\n<p>Quer\u00e9taro comienza su evangelizaci\u00f3n con los frailes Agustinos en la Sierra y los Franciscanos en la ciudad a partir de 1530<\/p>\n<p>La di\u00f3cesis de Quer\u00e9taro tiene una extensi\u00f3n de 15 mil kil\u00f3metros cuadrados, abarcando las sierra Gorda tanto de Guanajuato como de Quer\u00e9taro<\/p>\n<p>Una peregrinaci\u00f3n anual a la Villa de Guadalupe de m\u00e1s de 50 mil fieles<\/p>\n<p>La devoci\u00f3n a la Virgen del Pueblito y la creciente a la Virgen de Los Dolores de Soriano<\/p>\n<p>Una Bas\u00edlica y varios santuarios<\/p>\n<p>Una gran infraestructura de monumentos religiosos invaluables en toda la di\u00f3cesis<\/p>\n<p>Un Conservatorio de M\u00fasica Sacra Valioso y un Seminario diocesano en todo su esplendor, adem\u00e1s de una Universidad cat\u00f3lica Diocesana y otros centros de estudios para laicos <\/p>\n<p>A m\u00e1s de 140 a\u00f1os de crada la di\u00f3cesis de Quer\u00e9taro, llega este 16 de junio al Centro de Congresos y el 17 a Catedral y acompa\u00f1ado del Nuncio Apost\u00f3lico y cerca de 60 obispos, Faustino Armend\u00e1riz J, como noveno obispo de Quer\u00e9taro.<\/p>\n<p>Le precedieron<\/p>\n<p>Bernardo G\u00e1rate de 1864 a 1866<\/p>\n<p>Ram\u00f3n Camacho de 1869 a 1884<\/p>\n<p>Rafael S Camacho de 1885 a 1908<\/p>\n<p>Manuel Rivera de 1908 a 1914<\/p>\n<p>Francisco Banegas de 1919 a 1932<\/p>\n<p>Marciano Tinajero de 1933 a 1957<\/p>\n<p>Alfonso Tor\u00edz de 1958 a 1989<\/p>\n<p>Mario Gasper\u00edn de 1989 a 2011<\/p>\n<p>Faustino Armend\u00e1riz de 2011 a &#8212;-<\/p>\n<p>Encuentra m\u00e1s de once monasterios femeninos<\/p>\n<p>200 sacerdotes del clero diocesano<\/p>\n<p>21 casas de religiosos masculinos<\/p>\n<p>M\u00e1s de 60 congregaciones femeninas instaladas en la di\u00f3cesis<\/p>\n<p>Cerca de 50 movimientos laicales<\/p>\n<p>120 parroquias<\/p>\n<p>Y una infraestructura curial bien instalada, entre muchos bienes de la Iglesia Diocesana en Quer\u00e9taro con mas de mill\u00f3n y medio de fieles, colegios universidades e instituciones de asistencia privada, un hospital para sacerdotes etc.<\/p>\n","protected":false},"excerpt":{"rendered":"<p>Faustino Armend\u00e1riz Jimenez, nuevo y noveno obispo de Quer\u00e9taro, recibe una herencia diocesana muy valiosa que debe ser aprovechada para su lema de evangelizarse y evangelizar Quer\u00e9taro comienza su evangelizaci\u00f3n con los frailes Agustinos en la Sierra y los Franciscanos en la ciudad a partir de 1530 La di\u00f3cesis de Quer\u00e9taro tiene una extensi\u00f3n de [&hellip;]<\/p>\n","protected":false},"author":249,"featured_media":0,"comment_status":"open","ping_status":"closed","sticky":false,"template":"","format":"standard","meta":{"footnotes":""},"categories":[26],"tags":[],"class_list":["post-8908","post","type-post","status-publish","format-standard","hentry","category-mundo"],"_links":{"self":[{"href":"http:\/\/eloficiodehistoriar.com.mx\/index.php?rest_route=\/wp\/v2\/posts\/8908","targetHints":{"allow":["GET"]}}],"collection":[{"href":"http:\/\/eloficiodehistoriar.com.mx\/index.php?rest_route=\/wp\/v2\/posts"}],"about":[{"href":"http:\/\/eloficiodehistoriar.com.mx\/index.php?rest_route=\/wp\/v2\/types\/post"}],"author":[{"embeddable":true,"href":"http:\/\/eloficiodehistoriar.com.mx\/index.php?rest_route=\/wp\/v2\/users\/249"}],"replies":[{"embeddable":true,"href":"http:\/\/eloficiodehistoriar.com.mx\/index.php?rest_route=%2Fwp%2Fv2%2Fcomments&post=8908"}],"version-history":[{"count":2,"href":"http:\/\/eloficiodehistoriar.com.mx\/index.php?rest_route=\/wp\/v2\/posts\/8908\/revisions"}],"predecessor-version":[{"id":8912,"href":"http:\/\/eloficiodehistoriar.com.mx\/index.php?rest_route=\/wp\/v2\/posts\/8908\/revisions\/8912"}],"wp:attachment":[{"href":"http:\/\/eloficiodehistoriar.com.mx\/index.php?rest_route=%2Fwp%2Fv2%2Fmedia&parent=8908"}],"wp:term":[{"taxonomy":"category","embeddable":true,"href":"http:\/\/eloficiodehistoriar.com.mx\/index.php?rest_route=%2Fwp%2Fv2%2Fcategories&post=8908"},{"taxonomy":"post_tag","embeddable":true,"href":"http:\/\/eloficiodehistoriar.com.mx\/index.php?rest_route=%2Fwp%2Fv2%2Ftags&post=8908"}],"curies":[{"name":"wp","href":"https:\/\/api.w.org\/{rel}","templated":true}]}}