{"id":891,"date":"2008-08-01T17:42:20","date_gmt":"2008-08-01T22:42:20","guid":{"rendered":"https:\/\/eloficiodehistoriar.com.mx\/?p=891"},"modified":"2008-08-01T17:42:20","modified_gmt":"2008-08-01T22:42:20","slug":"empalabrado-contra-el-poder","status":"publish","type":"post","link":"http:\/\/eloficiodehistoriar.com.mx\/?p=891","title":{"rendered":"Empalabrado contra el poder&#8230;"},"content":{"rendered":"<p align=\"center\"><strong><font size=\"4\" color=\"#000080\">Empalabrado contra el poder<\/font><\/strong><\/p>\n<p align=\"center\">&nbsp;<\/p>\n<p align=\"center\"><font size=\"3\" color=\"#000080\"><strong>Julio Figueroa<\/strong><\/font><\/p>\n<p><font size=\"3\" color=\"#000080\">\u00a0\u00a0\u00a0\u00a0 <\/font><\/p>\n<p><font size=\"3\" color=\"#000080\">Por recomendaci\u00f3n de mi abogado y amigo Arnulfo Moya Vargas, tend\u00ed la mano al poder, contra su demanda volc\u00e1nica, y no la aceptaron.<\/font><br \/>\n\u00a0<br \/>\n<font size=\"3\" color=\"#000080\">\u00a0<\/font><\/p>\n<p><font size=\"3\" color=\"#000080\">\u00a0\u00a0\u00a0\u00a0 Ya lo sab\u00eda.<\/font><br \/>\n\u00a0<br \/>\n<font size=\"3\" color=\"#000080\">\u00a0<\/font><\/p>\n<p><font size=\"3\" color=\"#000080\">\u00a0\u00a0\u00a0\u00a0 No hay acuerdo y sigue la pelea.\u00a0<\/font><br \/>\n\u00a0<br \/>\n<font size=\"3\" color=\"#000080\">\u00a0<\/font><\/p>\n<p><font size=\"3\" color=\"#000080\">\u00a0\u00a0\u00a0\u00a0 Quiero decirles a todos que estoy bien empalabrado contra el poder (puede faltarme todo,\u00a0menos ideas), y s\u00e9 que la cr\u00edtica\u00a0puede perturbar al poder, ya lo he visto.<\/font><br \/>\n\u00a0<br \/>\n<font size=\"3\" color=\"#000080\">\u00a0<\/font><\/p>\n<p><font size=\"3\" color=\"#000080\">\u00a0\u00a0\u00a0\u00a0 La litis qued\u00f3 fija y el pleito ahora s\u00ed ya se arm\u00f3 (as\u00ed dicen los abogados).\u00a0<\/font><br \/>\n\u00a0<br \/>\n<font size=\"3\" color=\"#000080\">\u00a0<\/font><\/p>\n<p><font size=\"3\" color=\"#000080\">\u00a0\u00a0\u00a0\u00a0 Es un juicio civil por un supuesto \u00abda\u00f1o moral\u00bb cuyo il\u00edcito\u00a0no est\u00e1 probado.<\/font><br \/>\n\u00a0<br \/>\n<font size=\"3\" color=\"#000080\">\u00a0<\/font><\/p>\n<p><font size=\"3\" color=\"#000080\">\u00a0\u00a0\u00a0\u00a0 Lo que s\u00ed es real es el muerto de la BMW y el <font color=\"#0000ff\">Innombrable <\/font>sigue siendo, para una buena parte de la sociedad queretana,\u00a0no s\u00f3lo el principal sino el \u00fanico sospechoso del crimen, en un proceso penal ama\u00f1ado y vuelto humo por el poder pol\u00edtico.<\/font><br \/>\n\u00a0<br \/>\n<font size=\"3\"><font color=\"#000080\">\u00a0<\/font><\/font><\/p>\n<p><font size=\"3\"><font color=\"#000080\">\u00a0\u00a0\u00a0\u00a0 Para luchar contra el poder s\u00f3lo tengo mi fragilidad, mi desnudez, la ley, el amor y mis palabras.\u00a0<\/font><\/font><br \/>\n<font size=\"3\"><\/font>\u00a0<br \/>\n<font size=\"3\"><font color=\"#000080\">\u00a0<\/font><\/font><\/p>\n<p><font size=\"3\"><font color=\"#000080\">\u00a0\u00a0\u00a0\u00a0 No tengo la verdad, s\u00f3lo tengo la vida, y todo el tiempo de ella (y un poco m\u00e1s) para dar la pelea, aperradamente.\u00a0<\/font><\/font><br \/>\n<font size=\"3\"><\/font>\u00a0<br \/>\n<font size=\"3\"><font color=\"#000080\">\u00a0<\/font><\/font><\/p>\n<p><font size=\"3\"><font color=\"#000080\">\u00a0\u00a0\u00a0\u00a0 Vamos con todo, mi estimado Arnulfo, y gracias por tu trabajo desmaterializado y desdramatizado, claro y l\u00facido,\u00a0por puro amor a la justicia.\u00a0<\/font><\/font><br \/>\n<font size=\"3\"><\/font>\u00a0<br \/>\n<font size=\"3\"><font color=\"#000080\">\u00a0<\/font><\/font><\/p>\n<p><font size=\"3\"><font color=\"#000080\">\u00a0\u00a0\u00a0\u00a0 Sus pruebas contra mis pruebas.\u00a0<\/font><\/font><br \/>\n<font size=\"3\"><\/font>\u00a0<br \/>\n<font size=\"3\"><font color=\"#000080\">\u00a0<\/font><\/font><\/p>\n<p><font size=\"3\"><font color=\"#000080\">\u00a0\u00a0\u00a0\u00a0 El palabrero ambulante m\u00e1s pobre de Quer\u00e9taro contra el aparato econ\u00f3mico, pol\u00edtico y oficial del estado.\u00a0<\/font><\/font><br \/>\n<font size=\"3\"><\/font>\u00a0<br \/>\n<font size=\"3\"><font color=\"#000080\">\u00a0<\/font><\/font><\/p>\n<p><font size=\"3\"><font color=\"#000080\">\u00a0\u00a0\u00a0\u00a0 Bajo presi\u00f3n y tensi\u00f3n m\u00e1ximas, darlo todo por nada.\u00a0<\/font><\/font><br \/>\n<font size=\"3\"><\/font>\u00a0<br \/>\n<font size=\"3\"><font color=\"#000080\">\u00a0<\/font><\/font><\/p>\n<p><font size=\"3\"><font color=\"#000080\">\u00a0\u00a0\u00a0\u00a0 Ponerse entero, concentrarse, tirar lastre y ni una nota en falso.\u00a0<\/font><\/font><br \/>\n<font size=\"3\"><\/font>\u00a0<br \/>\n<font size=\"3\"><font color=\"#000080\">\u00a0<\/font><\/font><\/p>\n<p><font size=\"3\"><font color=\"#000080\">\u00a0\u00a0\u00a0\u00a0 Con las palabras m\u00e1s suaves y precisas decir las cosas m\u00e1s graves y explosivas.\u00a0<\/font><\/font><br \/>\n<font size=\"3\"><\/font>\u00a0<br \/>\n<font size=\"3\"><font color=\"#000080\">\u00a0<\/font><\/font><\/p>\n<p><font size=\"3\"><font color=\"#000080\">\u00a0\u00a0\u00a0\u00a0 El poder sin\u00a0potencia creadora\u00a0no es nada: puede matar pero no crear vida.\u00a0<\/font><\/font><br \/>\n<font size=\"3\"><\/font>\u00a0<br \/>\n<font size=\"3\"><font color=\"#000080\">\u00a0<\/font><\/font><\/p>\n<p><font size=\"3\"><font color=\"#000080\">\u00a0\u00a0\u00a0\u00a0 Para m\u00ed vale m\u00e1s la vida del <font color=\"#ff0000\">Kik\u00edn<\/font> muerto que todo su\u00a0poder estatal y trasnacional.\u00a0<\/font><\/font><br \/>\n\u00a0<br \/>\n<font color=\"#000080\">\u00a0<\/font><\/p>\n<p><font color=\"#000080\">\u00a0\u00a0\u00a0\u00a0 Voy al juzgado con la fuerza de la abstracci\u00f3n y la fuerza del esp\u00edritu. Tres palabras en la mano. Y un sol en la bolsa. Con la lluvia de ayer hoy la tierra ameneci\u00f3 bendita. Mi yo plural est\u00e1 compacto frente al poder. Ya hasta hice ejercicio para estar m\u00e1s en forma. &#8211;Nadie sabe lo que sabe hasta la hora del desaf\u00edo. (Julio C\u00e9sar en \u00abLos idus de marzo\u00bb de Thornton Wilder). <\/font><br \/>\n<font color=\"#000080\">\u00a0\u00a0\u00a0\u00a0 La gente me saluda en la calle y me da \u00e1nimos. A veces hasta un poco de dinero. Gracias. <\/font><\/p>\n<p align=\"left\">\n<font size=\"3\"><\/font>\u00a0<font size=\"3\"><font color=\"#000080\">\u00a0\u00a0\u00a0\u00a0 Si en verdad soy un palabrero obstinado, la conciencia de las palabras va a desquiciar al poder; y, sobre todo, a no dejarles la vida en sus manos oscuras de muerte e impunidad.<\/font><\/font><br \/>\n<font size=\"3\"><\/font>\u00a0<\/p>\n<p align=\"right\"><font size=\"3\"><font color=\"#000080\">Qro. Qro.<\/font><\/font><\/p>\n<p align=\"right\"><font size=\"3\"><font color=\"#000080\">Lunes 4-VIII-2008.<\/font><\/font><\/p>\n","protected":false},"excerpt":{"rendered":"<p>Empalabrado contra el poder &nbsp; Julio Figueroa \u00a0\u00a0\u00a0\u00a0 Por recomendaci\u00f3n de mi abogado y amigo Arnulfo Moya Vargas, tend\u00ed la mano al poder, contra su demanda volc\u00e1nica, y no la aceptaron. \u00a0 \u00a0 \u00a0\u00a0\u00a0\u00a0 Ya lo sab\u00eda. \u00a0 \u00a0 \u00a0\u00a0\u00a0\u00a0 No hay acuerdo y sigue la pelea.\u00a0 \u00a0 \u00a0 \u00a0\u00a0\u00a0\u00a0 Quiero decirles a todos que [&hellip;]<\/p>\n","protected":false},"author":249,"featured_media":0,"comment_status":"open","ping_status":"closed","sticky":false,"template":"","format":"standard","meta":{"footnotes":""},"categories":[26],"tags":[],"class_list":["post-891","post","type-post","status-publish","format-standard","hentry","category-mundo"],"_links":{"self":[{"href":"http:\/\/eloficiodehistoriar.com.mx\/index.php?rest_route=\/wp\/v2\/posts\/891","targetHints":{"allow":["GET"]}}],"collection":[{"href":"http:\/\/eloficiodehistoriar.com.mx\/index.php?rest_route=\/wp\/v2\/posts"}],"about":[{"href":"http:\/\/eloficiodehistoriar.com.mx\/index.php?rest_route=\/wp\/v2\/types\/post"}],"author":[{"embeddable":true,"href":"http:\/\/eloficiodehistoriar.com.mx\/index.php?rest_route=\/wp\/v2\/users\/249"}],"replies":[{"embeddable":true,"href":"http:\/\/eloficiodehistoriar.com.mx\/index.php?rest_route=%2Fwp%2Fv2%2Fcomments&post=891"}],"version-history":[{"count":0,"href":"http:\/\/eloficiodehistoriar.com.mx\/index.php?rest_route=\/wp\/v2\/posts\/891\/revisions"}],"wp:attachment":[{"href":"http:\/\/eloficiodehistoriar.com.mx\/index.php?rest_route=%2Fwp%2Fv2%2Fmedia&parent=891"}],"wp:term":[{"taxonomy":"category","embeddable":true,"href":"http:\/\/eloficiodehistoriar.com.mx\/index.php?rest_route=%2Fwp%2Fv2%2Fcategories&post=891"},{"taxonomy":"post_tag","embeddable":true,"href":"http:\/\/eloficiodehistoriar.com.mx\/index.php?rest_route=%2Fwp%2Fv2%2Ftags&post=891"}],"curies":[{"name":"wp","href":"https:\/\/api.w.org\/{rel}","templated":true}]}}