{"id":8910,"date":"2011-06-14T09:48:23","date_gmt":"2011-06-14T15:48:23","guid":{"rendered":"https:\/\/eloficiodehistoriar.com.mx\/?p=8910"},"modified":"2011-06-14T09:48:23","modified_gmt":"2011-06-14T15:48:23","slug":"%c2%a1aguas-queretaro","status":"publish","type":"post","link":"http:\/\/eloficiodehistoriar.com.mx\/?p=8910","title":{"rendered":"\u00a1Aguas Quer\u00e9taro!"},"content":{"rendered":"<p>Hechos aislados, balaceras del fin de semana: Roberto Loyola<\/p>\n<p>Diario de Quer\u00e9taro<\/p>\n<p>Armando Ruiz Mu\u00f1oz<\/p>\n<p>El secretario de Gobierno de Quer\u00e9taro, Roberto Loyola Vera consider\u00f3 que las balaceras registradas el pasado fin de semana en las inmediaciones de Los Arcos y en la comunidad de Amazcala, municipio de El Marqu\u00e9s, corresponden a hechos aislados, ya que en el estado existe una coordinaci\u00f3n interinstitucional permanente para preservar la seguridad de los queretanos.<\/p>\n<p>\u00abLos hechos ocurridos son aislados, desafortunadamente para nosotros suceden en Quer\u00e9taro, es algo a lo que no estamos afortunadamente acostumbrados\u00bb, dijo el secretario, quien asegur\u00f3 que las investigaciones en torno a la balacera registrada en calzada de Los Arcos el jueves por la noche, y cuyo saldo es de un muerto, est\u00e1n por determinar si se trat\u00f3 o no de una cuesti\u00f3n de orden vial.<\/p>\n<p>Tanto el Centro de Control, Comando, Comunicaciones y C\u00f3mputo (C4), as\u00ed como las c\u00e1maras instaladas en negocios, ser\u00e1n elementos que integren la averiguaci\u00f3n en torno de los hechos delictivos, sin embargo, \u00abpor su propia naturaleza en este momento debe ser mantenido bajo toda reserva, hasta que tengamos el total esclarecimiento de los hechos\u00bb, explic\u00f3 el funcionario.<\/p>\n<p>Se\u00f1al\u00f3 que todos los servidores p\u00fablicos involucrados en materia de seguridad en el estado, trabajan de manera coordinada para prever \u00aben la medida de las posibilidades que esto en Quer\u00e9taro no suceda m\u00e1s. Es nuestro empe\u00f1o y es nuestra obligaci\u00f3n preservar la seguridad de los queretanos\u00bb, afirm\u00f3.<\/p>\n<p>Loyola Vera, quien estuvo como representante del ejecutivo estatal durante los Honores a la Bandera que se realizan los lunes en el Palacio de Gobierno, mencion\u00f3 que por \u00f3rdenes del gobernador Jos\u00e9 Calzada Rovirosa, las instancias y dependencias encargadas de la seguridad en el estado, est\u00e1n cumpliendo en forma con el operativo de seguridad a nivel nacional que se instal\u00f3 ayer y en el cual estar\u00e1n participando 310 mil efectivos entre polic\u00edas ministeriales y de investigaci\u00f3n de todo el pa\u00eds, para atacar los principales delitos en contra de la ciudadan\u00eda.<\/p>\n<p>\u00abQuienes estamos involucrados en materia de la seguridad estamos cumpliendo cabalmente con la indicaci\u00f3n permanente que tenemos del gobernador, dedicando toda nuestra capacidad y esfuerzo para coordinarnos en el arranque de este operativo coordinado nacional, donde Quer\u00e9taro no ha sido la excepci\u00f3n\u00bb, mencion\u00f3 Roberto Loyola, aunque la colaboraci\u00f3n interinstitucional en el estado, dijo, es una constante.<\/p>\n<p>\u00abLa coordinaci\u00f3n interinstitucional en Quer\u00e9taro ya es una constante. Me parece que este ejercicio nacional es un refuerzo de lo que cotidianamente hacemos\u00bb, puntualiz\u00f3.<\/p>\n","protected":false},"excerpt":{"rendered":"<p>Hechos aislados, balaceras del fin de semana: Roberto Loyola Diario de Quer\u00e9taro Armando Ruiz Mu\u00f1oz El secretario de Gobierno de Quer\u00e9taro, Roberto Loyola Vera consider\u00f3 que las balaceras registradas el pasado fin de semana en las inmediaciones de Los Arcos y en la comunidad de Amazcala, municipio de El Marqu\u00e9s, corresponden a hechos aislados, ya [&hellip;]<\/p>\n","protected":false},"author":249,"featured_media":0,"comment_status":"open","ping_status":"closed","sticky":false,"template":"","format":"standard","meta":{"footnotes":""},"categories":[26],"tags":[],"class_list":["post-8910","post","type-post","status-publish","format-standard","hentry","category-mundo"],"_links":{"self":[{"href":"http:\/\/eloficiodehistoriar.com.mx\/index.php?rest_route=\/wp\/v2\/posts\/8910","targetHints":{"allow":["GET"]}}],"collection":[{"href":"http:\/\/eloficiodehistoriar.com.mx\/index.php?rest_route=\/wp\/v2\/posts"}],"about":[{"href":"http:\/\/eloficiodehistoriar.com.mx\/index.php?rest_route=\/wp\/v2\/types\/post"}],"author":[{"embeddable":true,"href":"http:\/\/eloficiodehistoriar.com.mx\/index.php?rest_route=\/wp\/v2\/users\/249"}],"replies":[{"embeddable":true,"href":"http:\/\/eloficiodehistoriar.com.mx\/index.php?rest_route=%2Fwp%2Fv2%2Fcomments&post=8910"}],"version-history":[{"count":1,"href":"http:\/\/eloficiodehistoriar.com.mx\/index.php?rest_route=\/wp\/v2\/posts\/8910\/revisions"}],"predecessor-version":[{"id":8911,"href":"http:\/\/eloficiodehistoriar.com.mx\/index.php?rest_route=\/wp\/v2\/posts\/8910\/revisions\/8911"}],"wp:attachment":[{"href":"http:\/\/eloficiodehistoriar.com.mx\/index.php?rest_route=%2Fwp%2Fv2%2Fmedia&parent=8910"}],"wp:term":[{"taxonomy":"category","embeddable":true,"href":"http:\/\/eloficiodehistoriar.com.mx\/index.php?rest_route=%2Fwp%2Fv2%2Fcategories&post=8910"},{"taxonomy":"post_tag","embeddable":true,"href":"http:\/\/eloficiodehistoriar.com.mx\/index.php?rest_route=%2Fwp%2Fv2%2Ftags&post=8910"}],"curies":[{"name":"wp","href":"https:\/\/api.w.org\/{rel}","templated":true}]}}