{"id":8926,"date":"2011-06-17T07:14:11","date_gmt":"2011-06-17T13:14:11","guid":{"rendered":"https:\/\/eloficiodehistoriar.com.mx\/?p=8926"},"modified":"2011-06-17T07:14:11","modified_gmt":"2011-06-17T13:14:11","slug":"respaldo-a-la-cdhm-tlachinollan","status":"publish","type":"post","link":"http:\/\/eloficiodehistoriar.com.mx\/?p=8926","title":{"rendered":"Respaldo a la CDHM Tlachinollan"},"content":{"rendered":"<p>Respaldan Organizaciones nacionales e internacionales la labor del CDHM Tlachinollan durante la Reapertura en Ayutla<\/p>\n<p>\u00b7         Relatores de la libertad de expresi\u00f3n de la ONU y la OEA manifiestan su benepl\u00e1cito<\/p>\n<p>\u00b7         \u00b7     Organizaciones estatales, nacionales e internacionales estar\u00e1n atentas y vigilantes de las condiciones de seguridad para las y los defensores en Ayutla<\/p>\n<p>Durante el acto protocolario de Re-apertura de la Oficina del Centro de Derechos Humanos de la Monta\u00f1a Tlachinollan en Ayutla de los Libres Guerrero diversas organizaciones del Estado de Guerrero, organizaciones nacionales e internacionales de derechos humanos, as\u00ed como representantes de diversas embajadas, manifestaron todo su apoyo y respaldo al trabajo de defensa y promoci\u00f3n de derechos humanos que el CDHM Tlachinollan seguir\u00e1 realizando en la regi\u00f3n de la Costa Chica de Guerrero.<\/p>\n<p>Ante el conocimiento de la Re-apertura de la oficina diversos actores sociales se manifestaron al respecto:  Frank La Rue, Relator Especial sobre la Promoci\u00f3n y Protecci\u00f3n del Derecho a la Libertad de Opini\u00f3n y de Expresi\u00f3n de la Organizaci\u00f3n de las Naciones Unidas a trav\u00e9s de una carta dirigida al Antrop\u00f3logo Abel Barrera y al CDHM Tlachinollan manifest\u00f3 su  benepl\u00e1cito por la Re-apertura y mencion\u00f3 que \u00e9sta \u201cdemuestra, una vez m\u00e1s, que la tenacidad de organizaciones como la suya terminan por sobreponerse a la adversidad\u201d. As\u00ed mismo resalt\u00f3 en la misiva que la fuerza y el temperamento han hecho del CDHM Tlachinollan \u00abun baluarte en la brega por una sociedad justa y respetuosa de los derechos humanos, incluyendo el de la libertad de expresi\u00f3n y opini\u00f3n\u201d. A\u00f1adi\u00f3 tambi\u00e9n que la satisfacci\u00f3n que manifiesta en la comunicaci\u00f3n \u201cno podr\u00e1 compararse al de las personas y pueblos ind\u00edgenas que de nueva cuenta contar\u00e1n con el apoyo incondicional y altamente competente de su noble organizaci\u00f3n\u201d.<\/p>\n<p>Catalina Botero, Relatora Especial para la Libertad de Expresi\u00f3n de la Comisi\u00f3n Interamericana de Derechos Humanos (CIDH) de la Organizaci\u00f3n de Estados Americanos (OEA) envi\u00f3 tambi\u00e9n una escrito dirigida a Abel Barrera en el que saluda con satisfacci\u00f3n la reapertura de la oficina: \u201cTomando en consideraci\u00f3n el trabajo serio y comprometido del Centro de Derechos Humanos de la Monta\u00f1a \u00abTlachinollan\u00bb en b\u00fasqueda de caminos leg\u00edtimos y pac\u00edficos que garanticen la vigencia de los derechos humanos en el Estado de Guerrero, la Relator\u00eda ha recibido con benepl\u00e1cito la noticia de la reapertura de la oficina en Ayutla de los Libres. Estamos convencidos que este avance facilitar\u00e1 que su organizaci\u00f3n contin\u00fae cumpliendo la importante misi\u00f3n de promover el pleno respecto de los derechos humanos en la Monta\u00f1a y la Costa Chica de Guerrero\u201d.<\/p>\n","protected":false},"excerpt":{"rendered":"<p>Respaldan Organizaciones nacionales e internacionales la labor del CDHM Tlachinollan durante la Reapertura en Ayutla \u00b7 Relatores de la libertad de expresi\u00f3n de la ONU y la OEA manifiestan su benepl\u00e1cito \u00b7 \u00b7 Organizaciones estatales, nacionales e internacionales estar\u00e1n atentas y vigilantes de las condiciones de seguridad para las y los defensores en Ayutla Durante [&hellip;]<\/p>\n","protected":false},"author":249,"featured_media":0,"comment_status":"open","ping_status":"closed","sticky":false,"template":"","format":"standard","meta":{"footnotes":""},"categories":[26],"tags":[],"class_list":["post-8926","post","type-post","status-publish","format-standard","hentry","category-mundo"],"_links":{"self":[{"href":"http:\/\/eloficiodehistoriar.com.mx\/index.php?rest_route=\/wp\/v2\/posts\/8926","targetHints":{"allow":["GET"]}}],"collection":[{"href":"http:\/\/eloficiodehistoriar.com.mx\/index.php?rest_route=\/wp\/v2\/posts"}],"about":[{"href":"http:\/\/eloficiodehistoriar.com.mx\/index.php?rest_route=\/wp\/v2\/types\/post"}],"author":[{"embeddable":true,"href":"http:\/\/eloficiodehistoriar.com.mx\/index.php?rest_route=\/wp\/v2\/users\/249"}],"replies":[{"embeddable":true,"href":"http:\/\/eloficiodehistoriar.com.mx\/index.php?rest_route=%2Fwp%2Fv2%2Fcomments&post=8926"}],"version-history":[{"count":1,"href":"http:\/\/eloficiodehistoriar.com.mx\/index.php?rest_route=\/wp\/v2\/posts\/8926\/revisions"}],"predecessor-version":[{"id":8927,"href":"http:\/\/eloficiodehistoriar.com.mx\/index.php?rest_route=\/wp\/v2\/posts\/8926\/revisions\/8927"}],"wp:attachment":[{"href":"http:\/\/eloficiodehistoriar.com.mx\/index.php?rest_route=%2Fwp%2Fv2%2Fmedia&parent=8926"}],"wp:term":[{"taxonomy":"category","embeddable":true,"href":"http:\/\/eloficiodehistoriar.com.mx\/index.php?rest_route=%2Fwp%2Fv2%2Fcategories&post=8926"},{"taxonomy":"post_tag","embeddable":true,"href":"http:\/\/eloficiodehistoriar.com.mx\/index.php?rest_route=%2Fwp%2Fv2%2Ftags&post=8926"}],"curies":[{"name":"wp","href":"https:\/\/api.w.org\/{rel}","templated":true}]}}