{"id":8928,"date":"2011-06-17T07:21:03","date_gmt":"2011-06-17T13:21:03","guid":{"rendered":"https:\/\/eloficiodehistoriar.com.mx\/?p=8928"},"modified":"2011-06-17T07:32:20","modified_gmt":"2011-06-17T13:32:20","slug":"cultoa-paralelos-a-la-virgen-del-pueblito-por-jose-felix-zavala","status":"publish","type":"post","link":"http:\/\/eloficiodehistoriar.com.mx\/?p=8928","title":{"rendered":"Cultos paralelos a la Virgen del Pueblito  por Jos\u00e9 F\u00e9lix Zavala"},"content":{"rendered":"<p>Cultos paralelos a  368 a\u00f1os<br \/>\nde iniciada su veneraci\u00f3n<br \/>\nen  la pir\u00e1mide del Pueblito<\/p>\n<p>La Virgen del Pueblito<br \/>\n   y   La Tenanchita         <\/p>\n<p>                                        Jos\u00e9 F\u00e9lix Zavala<\/p>\n<p>Efem\u00e9rides<\/p>\n<p>Esta poblaci\u00f3n ya exist\u00eda cuando Quer\u00e9taro fue conquistado en 1531, por los conquistadores don Fernando de Tapia y don Nicol\u00e1s de San Luis de Monta\u00f1\u00e9s y eran tributarios de los Aztecas.<\/p>\n<p>En la parte norte muy cerca de la poblaci\u00f3n, se yergue una pir\u00e1mide monumental construida a mano&#8230; este cerrillo artificial es llamado Cerro Pel\u00f3n.<\/p>\n<p>Frente a este adoratorio secular y a la entrada de la poblaci\u00f3n, el viajero se encuentra un soberbio edificio de sencilla pero s\u00f3lida construcci\u00f3n, lo forman el hermoso santuario y el convento de recolecci\u00f3n&#8230;\u201d.<\/p>\n<p>En el antiguo pueblo de Tlachco, San Francisco Galileo o El Pueblito, desde peque\u00f1o se va aprendiendo \u201cla costumbre\u201d, el amor a la Virgen de los Naturales. Para este pueblo, su culto es de importancia decisiva.<\/p>\n<p>La imagen de la Virgen del Pueblito permaneci\u00f3  82 a\u00f1os en las inmediaciones de la Pir\u00e1mide tolteca, 22 en la capilla del pante\u00f3n, lugar de nuestros antepasados, para luego dividirse en dos im\u00e1genes,  la primera a su templo y convento en el a\u00f1o de 1736 y la segunda a los tenanches y mayordomos. A partir de ese momento comienzan los dos  cultos paralelos, hasta la fecha.<\/p>\n<p>368 a\u00f1os de culto ind\u00edgena continuo<br \/>\n54 a\u00f1os tardan  los indios en formalizar el culto<br \/>\n104 a\u00f1os permaneci\u00f3 con  los indios  la escultura original de la Virgen<br \/>\n264 a\u00f1os van de culto criollo y mestizo a la Virgen del Pueblito<br \/>\n238 a\u00f1os tard\u00f3 la Iglesia en concederle culto lit\u00fargico a la Virgen<br \/>\n314 a\u00f1os se tard\u00f3 la coronaci\u00f3n pontificia<br \/>\n316 a\u00f1os tard\u00f3 el declarar a la Virgen del Pueblito Patrona de la ciudad<\/p>\n<p>A partir de 1632, en que fuera colocada la imagen de la Pur\u00edsima Concepci\u00f3n, esculpida en una peque\u00f1a talla de kiote, en las inmediaciones del centro ceremonial tolteca, conocido como Cerro Pel\u00f3n, en El Pueblito, han pasado 368, a\u00f1os de  veneraci\u00f3n a La Virgen del Pueblito y se han dado simult\u00e1neamente dos cultos diferentes o paralelos, uno el de los indios y otro el de la jerarqu\u00eda cat\u00f3lica especialmente en la ciudad de Quer\u00e9taro.<\/p>\n<p>El 18 de febrero de 1686, ya generalizado el culto a la Virgen del Pueblito, por parte de los indios, 54 a\u00f1os despu\u00e9s de depositada la imagen en la pir\u00e1mide del Cerrito, el Arzobispo de M\u00e9xico, Francisco de Aguiar y Ceijas, autoriza \u201cLa Cofrad\u00eda de Indios\u201d, organizaci\u00f3n que hasta la fecha prepara y mantiene el culto a La Tenanchita o Virgen de los Naturales, entre los indios,<\/p>\n<p>El 5 de febrero de 1736, a 104 a\u00f1os del inicio del  culto a La Virgen, por parte de los indios del pueblo de Tlachco o San Francisco Galileo, ahora llamado El Pueblito, se construye  El Santuario y la imagen \u201coriginal\u201d, es quitada a los indios por parte de los franciscanos y se les entrega una r\u00e9plica, la llamada Tenanchita o La Virgen de los Naturales.<\/p>\n<p>En el a\u00f1o de 1766 se forma el Convento de Recolecci\u00f3n, bajo el patrocinio de San Buenaventura, junto al santuario de La Virgen y probablemente se inicia la mayordom\u00eda de los indios tenanches o servidores.<\/p>\n<p>A 238  a\u00f1os de distancia del inicio del culto a la Virgen del Pueblito, el Papa P\u00edo lX, concedi\u00f3 a la di\u00f3cesis de Quer\u00e9taro, fiesta lit\u00fargica con misa del com\u00fan de la Virgen y oficio divino.<\/p>\n<p>El 12 de agosto de 1908, el papa P\u00edo X, se\u00f1ala oficialmente como fiesta para la celebraci\u00f3n lit\u00fargica de La Virgen del Pueblito, el s\u00e1bado anterior al segundo domingo de pascua.<\/p>\n<p>Seg\u00fan el \u201cOrdo misae\u201d. \u201cSabbato ante domin. ll post Pascha B M V del Pueblito Patronae min. princip. dupl. ll clas\u201d<\/p>\n<p>El 13 de noviembre de 1918, el Papa Benedicto XV, concedi\u00f3 \u201coficio y misa propia\u201d de la Virgen, a la Provincia franciscana de San Pedro y San Pablo, se extiende esta concesi\u00f3n a la di\u00f3cesis, el 11 de junio de 1919.<\/p>\n<p>El 16 de mayo de 1923, La Sagrada Congregaci\u00f3n de Ritos, aprob\u00f3 la sexta lecci\u00f3n del Oficio Divino y el 7 de junio del a\u00f1o de 1951, el a\u00f1adir lo referente a la coronaci\u00f3n pontificia de La Virgen del Pueblito.<\/p>\n<p>El 12 de octubre de 1922, el papa P\u00edo Xl, concede, a petici\u00f3n del obispo de Quer\u00e9taro, Francisco Banegas Galv\u00e1n, coronaci\u00f3n pontificia a La Virgen del Pueblito, acto  no realizado.<\/p>\n<p>El 7 de octubre de 1943, el Papa P\u00edo Xll, concede coronaci\u00f3n pontificia a la Virgen del Pueblito, a petici\u00f3n del obispo de Quer\u00e9taro, Marciano Tinajero y Estrada, llev\u00e1ndose acabo este acto el 17 de octubre de 1946, en la explanada de los ahora campos deportivos, en el ex convento de  Propaganda Fide.<\/p>\n<p>El himno a la Virgen del Pueblito est\u00e1 compuesto por el m\u00fasico queretano, Juli\u00e1n Z\u00fa\u00f1iga y la letra del can\u00f3nigo, Salvador Septi\u00e9n.<\/p>\n<p>La \u201cmisa propia\u201d de la Virgen del Pueblito, est\u00e1 compuesta por los m\u00fasicos queretanos, Cirilo Conejo Rold\u00e1n y Eduardo Loarca Castillo.<\/p>\n<p>La \u00f3pera compuesta en honor a la Virgen del Pueblito, en cuatro actos, titulada \u201cLa Ofrenda\u201d, est\u00e1 compuesta por el m\u00fasico queretano, Felipe de las Casas.<\/p>\n<p>\u201cEl canto \u201cPues Concebida\u201d, de Jos\u00e9 Ma. Zelaa e Hidalgo, ha sido desde siempre el c\u00e1ntico con el que se identifica a la Virgen del Pueblito, aunque no fuera escrito estrictamente para su culto.<\/p>\n<p>Con motivo de los 25 a\u00f1os de la coronaci\u00f3n pontificia de la Virgen del Pueblito, el 17 de octubre de 1971, se celebr\u00f3 una ceremonia religiosa en el atrio del Santuario del Pueblito, presidida por el Obispo de Quer\u00e9taro, Alfonso Tor\u00edz Cobi\u00e1n.<\/p>\n<p>El 17 de octubre de 1996, en el estadio La Corregidora, con capacidad de 50 mil espectadores, se celebr\u00f3 el 50 aniversario de la coronaci\u00f3n pontificia de La Virgen del Pueblito, presidida por el obispo de Quer\u00e9taro, Mario Gasper\u00edn Gasper\u00edn<\/p>\n<p>Del 8 de junio de 1814 al uno de agosto de 1917, por tres a\u00f1os, la imagen de La Virgen del Pueblito, esculpida en 1632, estuvo oculta tras una pared en la Calle de Pasteur norte N\u00famero 28, casa de Mar\u00eda del Rosario Solorio, debido a la persecuci\u00f3n religiosa.<\/p>\n<p>La imagen de La Virgen del Pueblito  es tra\u00edda procesionalmente a la ciudad de Quer\u00e9taro, en tres ocasiones principalmente, una  para su fiesta lit\u00fargica en la Pascua, otra para la petici\u00f3n por \u201cel buen temporal\u201d en junio y la tercera para el aniversario de su coronaci\u00f3n en octubre.<\/p>\n<p>El 29 de octubre de 1977, La Virgen del Pueblito regres\u00f3 a la Pir\u00e1mide  del Cerrito, por primera vez, celebr\u00e1ndose una solemne \u201cvelaci\u00f3n\u201d al estilo mesoamericano, con motivo de la celebraci\u00f3n de los 345 a\u00f1os del inicio de su culto, por parte de los indios de la regi\u00f3n.<\/p>\n<p>Para las fiestas de febrero o del Tascame o del Pan Blanco, la imagen de La Virgen de los Naturales o La Tenanchita, regres\u00f3  a la capilla del pante\u00f3n, lugar de los \u201cantepasados\u201d y donde estuvo de 1714 a 1736.<\/p>\n<p>la imagen original de la Virgen escupida por el fraile Sebasti\u00e1n Gallegos y colocada en las cercan\u00edas de la Pir\u00e1mide del Pueblito, por el cura doctrinero de Quer\u00e9taro, Fraile Nicol\u00e1s Zamora,  les fue quitada a los indios, en esa fecha y llevada al templo construido ex profeso para un culto mas generalizado e inaugurado el 5 de febrero de 1736. Entreg\u00e1ndoles a los indios una r\u00e9plica.<\/p>\n<p>El 31 de marzo de 1965, nuestro gran tallador, don Jes\u00fas Rodr\u00edguez y el ebanista Antonio Tovar, examinaron la imagen de la Virgen del Pueblito, se\u00f1alando que mide 53 cent\u00edmetros y medio, con un peso de un  kilo 50 gramos y est\u00e1 hecha de ca\u00f1a de kiote.<\/p>\n<p>Del 29 de marzo al 3 de abril de 1965, estos artistas queretanos, removieron de la talla las pinturas sobrepuestas que ten\u00eda, siendo la \u00faltima de color rosa la t\u00fanica y azul verde el manto, restableciendo el sobredorado original.<\/p>\n<p>En el mismo a\u00f1o de 1965, se le coloc\u00f3 una falda ampona de plata dorada, este armaz\u00f3n realizado por el orfebre Felipe V\u00e1zquez, protege a la imagen, hecha en su origen de ca\u00f1a de kiote.<\/p>\n<p>El 17 de octubre de 1982 se celebr\u00f3 el 350 aniversario del inicio del culto a la Virgen del Pueblito con una ceremonia en la Plaza de Toros de la ciudad de Quer\u00e9taro, presidida por el delegado Apost\u00f3lico Girolamo Prigione.<\/p>\n<p>En el siglo XVlll, un 15 de junio de 1731 al darse las Ordenanzas por parte de Ayuntamiento de la ciudad de Quer\u00e9taro, confirmadas por el Virrey Juan de Acu\u00f1a el 17 de diciembre del mismo a\u00f1o y confirmadas tambi\u00e9n por el rey Felipe V el 6 de julio de 1733, se se\u00f1ala que cuando exista una \u201cplaga p\u00fablica\u201d se acuda \u201cal amparo\u201d de  esta advocaci\u00f3n.<\/p>\n<p>El Congreso del estado el 29 de febrero de 1829, el 5 de octubre de 1833 y el 3 de octubre de 1850, decretan medidas encaminadas a dignificar y promover su veneraci\u00f3n.<\/p>\n<p>Por Breve del Papa  Benedicto XlV, del 12 de febrero de 1750, concede un jubileo de cuarenta horas, a partir del 8 de diciembre d ese mismo a\u00f1o, con indulgencia plenaria, para todos los fieles que visiten el santuario y esta concesi\u00f3n es por 15 a\u00f1os <\/p>\n<p>Por Breve del Papa P\u00edo Vl, con fecha de 10 de diciembre de 1775, se concede indulgencia plenaria \u201cperpetua\u201d a quienes visiten el santuario el d\u00eda de la fiesta lit\u00fargica de la Virgen y en la Octava.<\/p>\n<p>El poema del can\u00f3nigo Salvador Septi\u00e9n, compuesto con motivo de la coronaci\u00f3n pontificia de la Virgen del Pueblito, se vuelve una \u201cCantata\u201d, compuesta por el m\u00fasico, Pbro. Raimundo Ledesma y orquestaci\u00f3n de Bonifacio Rojas, estrenada el 16 de octubre de 1971<\/p>\n","protected":false},"excerpt":{"rendered":"<p>Cultos paralelos a 368 a\u00f1os de iniciada su veneraci\u00f3n en la pir\u00e1mide del Pueblito La Virgen del Pueblito y La Tenanchita Jos\u00e9 F\u00e9lix Zavala Efem\u00e9rides Esta poblaci\u00f3n ya exist\u00eda cuando Quer\u00e9taro fue conquistado en 1531, por los conquistadores don Fernando de Tapia y don Nicol\u00e1s de San Luis de Monta\u00f1\u00e9s y eran tributarios de los [&hellip;]<\/p>\n","protected":false},"author":249,"featured_media":0,"comment_status":"open","ping_status":"closed","sticky":false,"template":"","format":"standard","meta":{"footnotes":""},"categories":[26],"tags":[],"class_list":["post-8928","post","type-post","status-publish","format-standard","hentry","category-mundo"],"_links":{"self":[{"href":"http:\/\/eloficiodehistoriar.com.mx\/index.php?rest_route=\/wp\/v2\/posts\/8928","targetHints":{"allow":["GET"]}}],"collection":[{"href":"http:\/\/eloficiodehistoriar.com.mx\/index.php?rest_route=\/wp\/v2\/posts"}],"about":[{"href":"http:\/\/eloficiodehistoriar.com.mx\/index.php?rest_route=\/wp\/v2\/types\/post"}],"author":[{"embeddable":true,"href":"http:\/\/eloficiodehistoriar.com.mx\/index.php?rest_route=\/wp\/v2\/users\/249"}],"replies":[{"embeddable":true,"href":"http:\/\/eloficiodehistoriar.com.mx\/index.php?rest_route=%2Fwp%2Fv2%2Fcomments&post=8928"}],"version-history":[{"count":2,"href":"http:\/\/eloficiodehistoriar.com.mx\/index.php?rest_route=\/wp\/v2\/posts\/8928\/revisions"}],"predecessor-version":[{"id":8937,"href":"http:\/\/eloficiodehistoriar.com.mx\/index.php?rest_route=\/wp\/v2\/posts\/8928\/revisions\/8937"}],"wp:attachment":[{"href":"http:\/\/eloficiodehistoriar.com.mx\/index.php?rest_route=%2Fwp%2Fv2%2Fmedia&parent=8928"}],"wp:term":[{"taxonomy":"category","embeddable":true,"href":"http:\/\/eloficiodehistoriar.com.mx\/index.php?rest_route=%2Fwp%2Fv2%2Fcategories&post=8928"},{"taxonomy":"post_tag","embeddable":true,"href":"http:\/\/eloficiodehistoriar.com.mx\/index.php?rest_route=%2Fwp%2Fv2%2Ftags&post=8928"}],"curies":[{"name":"wp","href":"https:\/\/api.w.org\/{rel}","templated":true}]}}