{"id":908,"date":"2008-08-01T18:43:16","date_gmt":"2008-08-01T23:43:16","guid":{"rendered":"https:\/\/eloficiodehistoriar.com.mx\/?p=908"},"modified":"2008-08-01T18:43:16","modified_gmt":"2008-08-01T23:43:16","slug":"cuando-me-vaya-dejenme-ir","status":"publish","type":"post","link":"http:\/\/eloficiodehistoriar.com.mx\/?p=908","title":{"rendered":"\u00abCuando me vaya, d\u00e9jenme ir&#8230;\u00bb"},"content":{"rendered":"<p align=\"center\" style=\"text-align: center\"><strong><span style=\"font-size: 18pt; font-family: Arial\">\u201cCuando yo me vaya, d\u00e9jenme ir\u2026<\/span><\/strong><\/p>\n<p><strong><span style=\"font-size: 18pt; font-family: Arial\"><o:p><\/o:p><\/span><\/strong>\u00a0<strong><span style=\"font-family: Arial\">V\u00edctor Rasc\u00f3n Banda<o:p><\/o:p><\/span><\/strong><strong><em><span style=\"font-family: Arial\"><o:p>\u00a0<\/o:p><\/span><\/em><\/strong><\/p>\n<p style=\"text-align: justify\"><strong><em><span style=\"font-family: Arial\"><\/span><\/em><\/strong><\/p>\n<p><strong><em><span style=\"font-family: Arial\">\u00abCuando yo me vaya, d\u00e9jenme ir, tengo muchas cosas que hacer y ver. No se aten a m\u00ed con sus l\u00e1grimas. Por los hermosos a\u00f1os que pasamos juntos, demos las gracias\u00bb<o:p><\/o:p><\/span><\/em><\/strong><\/p>\n<p style=\"text-align: justify\"><strong><em><span style=\"font-family: Arial\"><\/span><\/em><\/strong><\/p>\n<p style=\"text-align: justify\"><strong><em><span style=\"font-family: Arial\"><\/span><\/em><\/strong><\/p>\n<p><strong><em><span style=\"font-family: Arial\">\u00abYo les di mi amor, ustedes pensar\u00e1n en la alegr\u00eda que me manifestaron. Le doy las gracias a cada uno de ustedes por el amor que me brindaron. Pero ahora tengo que viajar solo\u00bb<o:p><\/o:p><\/span><\/em><\/strong><\/p>\n<p style=\"text-align: justify\"><strong><em><span style=\"font-family: Arial\"><\/span><\/em><\/strong><\/p>\n<p style=\"text-align: justify\"><strong><em><span style=\"font-family: Arial\"><\/span><\/em><\/strong><\/p>\n<p><strong><em><span style=\"font-family: Arial\">\u00absi quieren, pueden expresar su dolor, lloren un momento, dejen que la fe en Dios conforte su pena. S\u00f3lo nos separaremos por un tiempo, por lo que debemos mantener el recuerdo en nuestros corazones\u00bb.<o:p><\/o:p><\/span><\/em><\/strong><\/p>\n<p style=\"text-align: justify\"><strong><em><span style=\"font-family: Arial\"><\/span><\/em><\/strong><\/p>\n<p style=\"text-align: justify\"><strong><em><span style=\"font-family: Arial\"><\/span><\/em><\/strong><\/p>\n<p><strong><em><span style=\"font-family: Arial\">\u00abLa vida sigue adelante, no estar\u00e9 lejos. Si me necesitan, piensen en m\u00ed y estar\u00e9 con ustedes aunque no me miren ni me puedan tocar, yo estar\u00e9 cerca. Sentir\u00e1n el calor de mi amor en sus corazones\u00bb.<o:p><\/o:p><\/span><\/em><\/strong><\/p>\n<p style=\"margin: 0cm 0cm 0pt; text-align: justify\" class=\"MsoNormal\"><strong><em><span style=\"font-family: Arial\"><\/span><\/em><\/strong><\/p>\n<p style=\"margin: 0cm 0cm 0pt; text-align: justify\" class=\"MsoNormal\"><strong><em><span style=\"font-family: Arial\"><\/span><\/em><\/strong><\/p>\n<p><strong><em><span style=\"font-family: Arial\">\u00abY cuando ustedes tengan que viajar por este camino, yo los recibir\u00e9 con una sonrisa y les dar\u00e9 la bienvenida\u00bb.<o:p><\/o:p><\/span><\/em><\/strong><strong><span style=\"font-family: Arial\"><o:p>\u00a0<\/o:p><\/span><\/strong><strong><o:p><font face=\"Times New Roman\">\u00a0<\/font><\/o:p><\/strong><\/p>\n","protected":false},"excerpt":{"rendered":"<p>\u201cCuando yo me vaya, d\u00e9jenme ir\u2026 \u00a0V\u00edctor Rasc\u00f3n Banda\u00a0 \u00abCuando yo me vaya, d\u00e9jenme ir, tengo muchas cosas que hacer y ver. No se aten a m\u00ed con sus l\u00e1grimas. Por los hermosos a\u00f1os que pasamos juntos, demos las gracias\u00bb \u00abYo les di mi amor, ustedes pensar\u00e1n en la alegr\u00eda que me manifestaron. Le doy [&hellip;]<\/p>\n","protected":false},"author":249,"featured_media":0,"comment_status":"open","ping_status":"closed","sticky":false,"template":"","format":"standard","meta":{"footnotes":""},"categories":[26],"tags":[],"class_list":["post-908","post","type-post","status-publish","format-standard","hentry","category-mundo"],"_links":{"self":[{"href":"http:\/\/eloficiodehistoriar.com.mx\/index.php?rest_route=\/wp\/v2\/posts\/908","targetHints":{"allow":["GET"]}}],"collection":[{"href":"http:\/\/eloficiodehistoriar.com.mx\/index.php?rest_route=\/wp\/v2\/posts"}],"about":[{"href":"http:\/\/eloficiodehistoriar.com.mx\/index.php?rest_route=\/wp\/v2\/types\/post"}],"author":[{"embeddable":true,"href":"http:\/\/eloficiodehistoriar.com.mx\/index.php?rest_route=\/wp\/v2\/users\/249"}],"replies":[{"embeddable":true,"href":"http:\/\/eloficiodehistoriar.com.mx\/index.php?rest_route=%2Fwp%2Fv2%2Fcomments&post=908"}],"version-history":[{"count":0,"href":"http:\/\/eloficiodehistoriar.com.mx\/index.php?rest_route=\/wp\/v2\/posts\/908\/revisions"}],"wp:attachment":[{"href":"http:\/\/eloficiodehistoriar.com.mx\/index.php?rest_route=%2Fwp%2Fv2%2Fmedia&parent=908"}],"wp:term":[{"taxonomy":"category","embeddable":true,"href":"http:\/\/eloficiodehistoriar.com.mx\/index.php?rest_route=%2Fwp%2Fv2%2Fcategories&post=908"},{"taxonomy":"post_tag","embeddable":true,"href":"http:\/\/eloficiodehistoriar.com.mx\/index.php?rest_route=%2Fwp%2Fv2%2Ftags&post=908"}],"curies":[{"name":"wp","href":"https:\/\/api.w.org\/{rel}","templated":true}]}}