{"id":909,"date":"2008-08-02T08:01:28","date_gmt":"2008-08-02T13:01:28","guid":{"rendered":"https:\/\/eloficiodehistoriar.com.mx\/?p=909"},"modified":"2008-08-02T08:01:59","modified_gmt":"2008-08-02T13:01:59","slug":"fuentes-y-cajas-de-agua-que-nos-quedan-en-la-ciudad","status":"publish","type":"post","link":"http:\/\/eloficiodehistoriar.com.mx\/?p=909","title":{"rendered":"Fuentes y Cajas de Agua que nos quedan en la ciudad"},"content":{"rendered":"<p><strong><span style=\"font-size: 16pt; font-family: Arial\" lang=\"ES-TRAD\">Las pocas Cajas de Agua que nos quedaron en Quer\u00e9taro<o:p><\/o:p><\/span><\/strong><strong><span style=\"font-size: 16pt; font-family: Arial\" lang=\"ES-TRAD\"><o:p>\u00a0<\/o:p><\/span><\/strong><\/p>\n<p align=\"center\" style=\"margin: 0cm 0cm 0pt; text-align: center\" class=\"MsoNormal\"><span style=\"font-family: Arial\" lang=\"ES-TRAD\"><\/span><\/p>\n<p><span style=\"font-family: Arial\" lang=\"ES-TRAD\">Jos\u00e9 F\u00e9lix Zavala<o:p><\/o:p><\/span><span style=\"font-family: Arial\" lang=\"ES-TRAD\"><o:p>\u00a0<\/o:p><\/span><\/p>\n<p style=\"margin: 0cm 0cm 0pt; text-align: justify\" class=\"MsoNormal\"><span style=\"font-family: Arial\" lang=\"ES-TRAD\"><\/span><\/p>\n<p><span style=\"font-family: Arial\" lang=\"ES-TRAD\">Las Cajas de agua, de donde se surt\u00edan los queretanos menos favorecidos con la fortuna, agua limpia venida de <st1:personname ProductID=\"La Ca?ada\" w:st=\"on\">La Ca\u00f1ada<\/st1:personname> a trav\u00e9s del Acueducto, se fueron destruyendo con el \u201cprogreso\u201d de nuestra ciudad, poco a poco.<o:p><\/o:p><\/span><span style=\"font-family: Arial\" lang=\"ES-TRAD\"><o:p>\u00a0<\/o:p><\/span><\/p>\n<p style=\"margin: 0cm 0cm 0pt; text-align: justify\" class=\"MsoNormal\"><span style=\"font-family: Arial\" lang=\"ES-TRAD\"><\/span><\/p>\n<p><span style=\"font-family: Arial\" lang=\"ES-TRAD\">Ahora solo tenemos, como recuerdo, algunas de ellas que son ya s\u00edmbolo de nuestra poblaci\u00f3n y recuerdo de nuestro ser queretano; Como es la de \u201c<st1:personname ProductID=\"La Estampa\" w:st=\"on\">La Estampa<\/st1:personname>\u201d, en la esquina de Ocampo y Pino Su\u00e1rez; la del \u201cAhorcado\u201d en la calzada Zaragoza, casi esquina con la calle de Pasteur, \u00e9stas y todos los dem\u00e1s ejemplares de estas Cajas de Agua, son hermosas y dignas de ser visitadas.<o:p><\/o:p><\/span><span style=\"font-family: Arial\" lang=\"ES-TRAD\"><o:p>\u00a0<\/o:p><\/span><\/p>\n<p style=\"margin: 0cm 0cm 0pt; text-align: justify\" class=\"MsoNormal\"><span style=\"font-family: Arial\" lang=\"ES-TRAD\"><\/span><\/p>\n<p><span style=\"font-family: Arial\" lang=\"ES-TRAD\">La primera que se realiz\u00f3 y que a\u00fan subsiste es la de Nuestra \u201cSe\u00f1ora del Pilar\u201d<span>\u00a0 <\/span>sobre <st1:personname ProductID=\"La Rinconada\" w:st=\"on\"><st1:personname ProductID=\"la Calle\" w:st=\"on\">la Calle<\/st1:personname> Manuel<\/st1:personname> Acu\u00f1a, al t\u00e9rmino del Convento de <st1:personname ProductID=\"La Cruz\" w:st=\"on\">La Cruz<\/st1:personname>, que era de donde comenzaba el reparto del agua limpia, le sigue <st1:personname ProductID=\"la Caja\" w:st=\"on\">la Caja<\/st1:personname> de Agua llamada de \u201cCantolla\u201d, en la calle de 5 de Mayo; la de \u201cMexicanos\u201d en la calle de 16 de septiembre; la de \u201c<st1:personname ProductID=\"La Rinconada\" w:st=\"on\">La Rinconada<\/st1:personname>\u201d en la calle de Guti\u00e9rrez N\u00e1jera.<o:p><\/o:p><\/span><span style=\"font-family: Arial\" lang=\"ES-TRAD\"><o:p>\u00a0<\/o:p><\/span><\/p>\n<p style=\"margin: 0cm 0cm 0pt; text-align: justify\" class=\"MsoNormal\"><span style=\"font-family: Arial\" lang=\"ES-TRAD\"><\/span><\/p>\n<p><span style=\"font-family: Arial\" lang=\"ES-TRAD\">Esta para verse y recrearse la de \u201cSanta Rosa de Viterbo\u201d sobre la calle de Ezequiel Montes y en esa misma avenida est\u00e1 \u201cLa de Verdolagas\u201d ya para llegar al r\u00edo.<o:p><\/o:p><\/span><span style=\"font-family: Arial\" lang=\"ES-TRAD\"><o:p>\u00a0<\/o:p><\/span><\/p>\n<p style=\"margin: 0cm 0cm 0pt; text-align: justify\" class=\"MsoNormal\"><span style=\"font-family: Arial\" lang=\"ES-TRAD\"><\/span><\/p>\n<p><span style=\"font-family: Arial\" lang=\"ES-TRAD\">Otra muy discreta es \u201cLa de Capulines\u201d que la encontraremos en la esquina de <st1:personname ProductID=\"la Avenida\" w:st=\"on\">la Avenida<\/st1:personname> del 57 y Nicol\u00e1s Campa.<o:p><\/o:p><\/span><span style=\"font-family: Arial\" lang=\"ES-TRAD\"><o:p>\u00a0<\/o:p><\/span><\/p>\n<p style=\"margin: 0cm 0cm 0pt; text-align: justify\" class=\"MsoNormal\"><span style=\"font-family: Arial\" lang=\"ES-TRAD\"><\/span><\/p>\n<p><span style=\"font-family: Arial\" lang=\"ES-TRAD\">Nos quedar\u00e1n por nombrar las \u201cfuentes\u201d o \u201cpilas\u201d como la del barrio de San Franciquito, llamada de \u201cLos Dolores\u201d, la<span>\u00a0 <\/span>fuente de la \u201cplaza de Los Fundadores\u201d, en el antiguo mercado de <st1:personname ProductID=\"La Cruz\" w:st=\"on\">La Cruz<\/st1:personname>, la primera fuente que estuvo, en el Jard\u00edn Zenea, que ahora se puede ver en El Patio de \u201cLos naranjos\u201d en el Museo Regional, antiguo Convento de San Francisco, la sustituy\u00f3 <span>\u00a0<\/span><st1:personname ProductID=\"la Fuente\" w:st=\"on\">la Fuente<\/st1:personname> de Hebe, regalo de la familia Rubio.<o:p><\/o:p><\/span><span style=\"font-family: Arial\" lang=\"ES-TRAD\"><o:p>\u00a0<\/o:p><\/span><\/p>\n<p style=\"margin: 0cm 0cm 0pt; text-align: justify\" class=\"MsoNormal\"><span style=\"font-family: Arial\" lang=\"ES-TRAD\"><\/span><\/p>\n<p><span style=\"font-family: Arial\" lang=\"ES-TRAD\">La pila del Tepetate, la fuente del barrio de San Sebasti\u00e1n, que ya son solo el recuero de las m\u00e1s de 50 Cajas surtidoras de Agua que existieron en la ciudad al llegar por el acueducto el agua limpia a mitad del siglo XVlll.<o:p><\/o:p><\/span><span style=\"font-family: Arial\" lang=\"ES-TRAD\"><o:p>\u00a0<\/o:p><\/span><\/p>\n<p style=\"margin: 0cm 0cm 0pt; text-align: justify\" class=\"MsoNormal\"><span style=\"font-family: Arial\" lang=\"ES-TRAD\"><\/span><\/p>\n<p><span style=\"font-family: Arial\" lang=\"ES-TRAD\">Nos quedan hermosas <span>\u00a0<\/span>Fuentes<span>\u00a0 <\/span>dentro de los antiguos conventos o de las Casonas del siglo XVlll, en el centro de nuestra ciudad, como la de \u201cLos Perros\u201d en la calle de Allende, al incomparable del convento de san Agust\u00edn, ahora Museo de Arte, entre muchas otras.<o:p><\/o:p><\/span><span style=\"font-family: Arial\" lang=\"ES-TRAD\"><o:p>\u00a0<\/o:p><\/span><\/p>\n<p style=\"margin: 0cm 0cm 0pt; text-align: justify\" class=\"MsoNormal\"><span style=\"font-family: Arial\" lang=\"ES-TRAD\"><\/span><\/p>\n<p><span style=\"font-family: Arial\" lang=\"ES-TRAD\">En nuestras Plazas y jardines encontraremos la grandiosa fuente de \u201cNeptuno\u201d, en el jard\u00edn de Santa Clara; la monumental del jard\u00edn Guerrero, la muy moderna de <st1:personname ProductID=\"La Plaza Constituci?n\" w:st=\"on\"><st1:personname ProductID=\"La Plaza\" w:st=\"on\">La Plaza<\/st1:personname> Constituci\u00f3n<\/st1:personname>, la del jard\u00edn de San Antonio, la de <st1:personname ProductID=\"La Plaza Mariano\" w:st=\"on\"><st1:personname ProductID=\"La Plaza\" w:st=\"on\">La Plaza<\/st1:personname> Mariano<\/st1:personname> de Las Casas, la del \u201cH\u00e9rcules\u201d, en la antigua f\u00e1brica de hilados, la del \u201ctanque del agua\u201d, la de <st1:personname ProductID=\"la Alameda\" w:st=\"on\">la Alameda<\/st1:personname>, la del Marqu\u00e9s en <st1:personname ProductID=\"La Plaza\" w:st=\"on\">la Plaza<\/st1:personname> de Armas, la de el Patio Barroco, las del convento de <st1:personname ProductID=\"La Cruz\" w:st=\"on\">La Cruz<\/st1:personname>, la del patio principal del ex convento de San Francisco, la de El Cerro de Las Campanas, la del exterior del templo de Santa Ana, la de Juan Caballero y Osio en la esquina de Pasteur y 16 de septiembre, la del patio principal del templo de Santo Domingo, la del patio interior del convento del Carmen, entre otras muchas.<o:p><\/o:p><\/span><span lang=\"ES-TRAD\"><o:p><font face=\"Times New Roman\">\u00a0<\/font><\/o:p><\/span><span lang=\"ES-TRAD\"><o:p><font face=\"Times New Roman\">\u00a0<\/font><\/o:p><\/span><span lang=\"ES-TRAD\"><span><font face=\"Times New Roman\">\u00a0<\/font><\/span><o:p><\/o:p><\/span><\/p>\n","protected":false},"excerpt":{"rendered":"<p>Las pocas Cajas de Agua que nos quedaron en Quer\u00e9taro\u00a0 Jos\u00e9 F\u00e9lix Zavala\u00a0 Las Cajas de agua, de donde se surt\u00edan los queretanos menos favorecidos con la fortuna, agua limpia venida de La Ca\u00f1ada a trav\u00e9s del Acueducto, se fueron destruyendo con el \u201cprogreso\u201d de nuestra ciudad, poco a poco.\u00a0 Ahora solo tenemos, como recuerdo, [&hellip;]<\/p>\n","protected":false},"author":249,"featured_media":0,"comment_status":"open","ping_status":"closed","sticky":false,"template":"","format":"standard","meta":{"footnotes":""},"categories":[8],"tags":[],"class_list":["post-909","post","type-post","status-publish","format-standard","hentry","category-ciudad-de-queretaro"],"_links":{"self":[{"href":"http:\/\/eloficiodehistoriar.com.mx\/index.php?rest_route=\/wp\/v2\/posts\/909","targetHints":{"allow":["GET"]}}],"collection":[{"href":"http:\/\/eloficiodehistoriar.com.mx\/index.php?rest_route=\/wp\/v2\/posts"}],"about":[{"href":"http:\/\/eloficiodehistoriar.com.mx\/index.php?rest_route=\/wp\/v2\/types\/post"}],"author":[{"embeddable":true,"href":"http:\/\/eloficiodehistoriar.com.mx\/index.php?rest_route=\/wp\/v2\/users\/249"}],"replies":[{"embeddable":true,"href":"http:\/\/eloficiodehistoriar.com.mx\/index.php?rest_route=%2Fwp%2Fv2%2Fcomments&post=909"}],"version-history":[{"count":0,"href":"http:\/\/eloficiodehistoriar.com.mx\/index.php?rest_route=\/wp\/v2\/posts\/909\/revisions"}],"wp:attachment":[{"href":"http:\/\/eloficiodehistoriar.com.mx\/index.php?rest_route=%2Fwp%2Fv2%2Fmedia&parent=909"}],"wp:term":[{"taxonomy":"category","embeddable":true,"href":"http:\/\/eloficiodehistoriar.com.mx\/index.php?rest_route=%2Fwp%2Fv2%2Fcategories&post=909"},{"taxonomy":"post_tag","embeddable":true,"href":"http:\/\/eloficiodehistoriar.com.mx\/index.php?rest_route=%2Fwp%2Fv2%2Ftags&post=909"}],"curies":[{"name":"wp","href":"https:\/\/api.w.org\/{rel}","templated":true}]}}