{"id":920,"date":"2008-08-02T09:08:07","date_gmt":"2008-08-02T14:08:07","guid":{"rendered":"https:\/\/eloficiodehistoriar.com.mx\/?p=920"},"modified":"2008-08-02T09:08:07","modified_gmt":"2008-08-02T14:08:07","slug":"el-conformismo-social-y-la-resignacion-politica","status":"publish","type":"post","link":"http:\/\/eloficiodehistoriar.com.mx\/?p=920","title":{"rendered":"El conformismo social y la resignaci\u00f3n pol\u00edtica"},"content":{"rendered":"<p style=\"text-align: justify\"><span style=\"font-size: 10pt; font-family: Arial\"><\/span><\/p>\n<p><span style=\"font-size: 10pt; font-family: Arial\">El desarrollo de la naci\u00f3n tiende, pues, a romper con los l\u00edmites y superar las contradicciones de las naciones poderosas, las que se expresan fundamentalmente en la explotaci\u00f3n de humana, el racismo, la segregaci\u00f3n de pueblos indios, la opresi\u00f3n peculiar de la mujer, la discriminaci\u00f3n a grupos de edad, el control imperialista de nuestras econom\u00edas y sociedades.<o:p><\/o:p><\/span><\/p>\n<p align=\"center\" style=\"text-align: center\"><strong><span style=\"font-size: 20pt; font-family: Arial\"><\/span><\/strong><\/p>\n<p align=\"center\" style=\"text-align: center\"><strong><span style=\"font-size: 20pt; font-family: Arial\"><\/span><\/strong><\/p>\n<p><strong><span style=\"font-size: 20pt; font-family: Arial\">Borrar el rostro de las naciones<o:p><\/o:p><\/span><\/strong><\/p>\n<p align=\"center\" style=\"text-align: center\"><strong><span style=\"font-family: Arial\"><\/span><\/strong><\/p>\n<p><strong><span style=\"font-family: Arial\">Jos\u00e9 F\u00e9lix Zavala<o:p><\/o:p><\/span><\/strong><\/p>\n<p align=\"center\" style=\"text-align: center\"><span style=\"font-family: Arial\"><\/span><\/p>\n<p><span style=\"font-family: Arial\">El Conformismo social y la resignaci\u00f3n pol\u00edtica.<o:p><\/o:p><\/span><\/p>\n<p style=\"text-align: justify\"><span style=\"font-size: 10pt; font-family: Arial\"><\/span><\/p>\n<p><span style=\"font-size: 10pt; font-family: Arial\">La diversidad cultural debe ser patrimonio de la humanidad, para salvaguarda de la misma especia.<o:p><\/o:p><\/span><\/p>\n<p style=\"text-align: justify\"><span style=\"font-size: 10pt; font-family: Arial\"><\/span><\/p>\n<p><span style=\"font-size: 10pt; font-family: Arial\">La construcci\u00f3n de una naci\u00f3n libre y democr\u00e1tica, la cultura, se transforma en un efectivo instrumento de cambio social y de resistencia a la opresi\u00f3n de los poderes f\u00e1cticos internacionales.<o:p><\/o:p><\/span><\/p>\n<p style=\"text-align: justify\"><span style=\"font-size: 10pt; font-family: Arial\"><\/span><\/p>\n<p><span style=\"font-size: 10pt; font-family: Arial\">No SE DEBE participar como actor o c\u00f3mplice del sistema autoritario en los diversos espacios de la cotidianidad y la acci\u00f3n pol\u00edtica.<o:p><\/o:p><\/span><\/p>\n<p style=\"text-align: justify\"><span style=\"font-family: Arial\"><\/span><\/p>\n<p><span style=\"font-family: Arial\">Llegamos tarde a la fiesta de la democracia. Ahora esta de \u201cmoda\u201d el imponer \u201c<st1:personname ProductID=\"La Globalizaci?n\" w:st=\"on\">La Globalizaci\u00f3n<\/st1:personname>\u201d que en todos los sentidos es la antidemocracia, de acuerdo a los conceptos de los due\u00f1os del poder y del dinero, pero sobre todo a los dominadores de la nueva tecnolog\u00eda, Nos llevan a ella a la globalizaci\u00f3n sin sentido y servicio para nosotros en parte por el gran vac\u00edo de no poseer el desarrollo tecnol\u00f3gico m\u00e1s avanzado que borra las fronteras y los lenguajes.<o:p><\/o:p><\/span><\/p>\n<p style=\"text-align: justify\"><span style=\"font-family: Arial\"><\/span><\/p>\n<p><span style=\"font-family: Arial\">Los pa\u00edses pobres andamos \u201cperdemos el tiempo\u201d en busca de la \u201cdemocracia neo liberal\u201d, pasada de moda, mientras los pa\u00edses ricos andan en busca de la globalizaci\u00f3n, asunto para todos de vital importancia. Para los ricos la globalizaci\u00f3n <span>\u00a0<\/span>les lleva dominio y a los pobres nos deja desnudos y sin identidad. Este camino es antidemocr\u00e1tico, aunque nos vendan la idea contraria<o:p><\/o:p><\/span><\/p>\n<p style=\"text-align: justify\"><span style=\"font-family: Arial\"><\/span><\/p>\n<p><span style=\"font-family: Arial\">Busquemos la resistencia a una globalizaci\u00f3n donde nosotros los pa\u00edses pobres seamos parte de las decisiones que toman los pa\u00edses ricos, evitemos los genocidios en Africa<span>\u00a0 <\/span>y Am\u00e9rica, salvaguardemos las identidades, y <span>\u00a0<\/span>la defensa de la diversidad cultural y entremos a la globalizaci\u00f3n, perfectamente concientes que la democracia pas\u00f3 como categor\u00eda y no perdamos tiempos en los supuestos.<o:p><\/o:p><\/span><\/p>\n<p style=\"text-align: justify\"><span style=\"font-family: Arial\"><\/span><\/p>\n<p><span style=\"font-family: Arial\">La tras nacionalizaci\u00f3n corporativa neoliberal \u2013globalizaci\u00f3n- trata de imponer su mensaje unidireccional por medio del dominio de los medios masivos de comunicaci\u00f3n.<o:p><\/o:p><\/span><\/p>\n<p style=\"text-align: justify\"><span style=\"font-family: Arial\"><\/span><\/p>\n<p><span style=\"font-family: Arial\">La manipulaci\u00f3n de la informaci\u00f3n y a trav\u00e9s de las poderos\u00edsimas industrias culturales que intentan homogeneizar y uniformar a la humanidad a partir de su modelo de vida y la mediatizaci\u00f3n de la fecunda creaci\u00f3n nacida del imaginario popular y del rico patrimonio \u00e9tnico-ling\u00fc\u00edstico-cultural de nuestros pa\u00edses.<o:p><\/o:p><\/span><\/p>\n<p style=\"text-align: justify\"><span style=\"font-family: Arial\"><span><\/span><\/span><\/p>\n<p><span style=\"font-family: Arial\"><span>\u00a0<\/span><st1:personname ProductID=\"La Nueva\" w:st=\"on\">La Nueva<\/st1:personname> expresi\u00f3n de la violencia y de la antidemocrcia, es la corriente homogeneizarte que amenaza con ahogar la diversidad cultural y con borrar el<strong> <\/strong>rostro de las naciones y de los m\u00faltiples sectores que conviven en ellas.<o:p><\/o:p><\/span><\/p>\n<p style=\"text-align: justify\"><span style=\"font-family: Arial\"><\/span><\/p>\n<p><span style=\"font-family: Arial\">La globalizaci\u00f3n excluyente requiere de una humanidad indiferenciada, sujeta a las leyes del mercado, secuestrada por el individualismo competitivo que proclama la ley del m\u00e1s fuerte, darwinismo social, alienado por el consumismo y el ego\u00edsmo posesivo.<o:p><\/o:p><\/span><\/p>\n<p style=\"text-align: justify\"><span style=\"font-family: Arial\"><\/span><\/p>\n<p><span style=\"font-family: Arial\">El capitalismo neoliberal necesita tambi\u00e9n de la propagaci\u00f3n generalizada de un cosmopolitismo que reh\u00fase la identidad nacional, la defensa de la soberan\u00eda, el derecho a la autodeterminaci\u00f3n, la salvaguarda de los recursos estrat\u00e9gicos y naturales, las autonom\u00edas ind\u00edgenas, las democracias participativas, no digamos ya el socialismo.<o:p><\/o:p><\/span><\/p>\n<p style=\"text-align: justify\"><span style=\"font-family: Arial\"><\/span><\/p>\n<p><span style=\"font-family: Arial\">Rechazamos el provincionalismo, como si en ello se jugara a la mediocridad. Por el contrario quien sabe jugar a la vida provinciana tiene la capacidad de conocer la globalizaci\u00f3n en el sentido \u00fatil del concepto y sus verdaderas posibilidades de servicio a la humanidad.<o:p><\/o:p><\/span><\/p>\n<p style=\"text-align: justify\"><span style=\"font-family: Arial\"><\/span><\/p>\n<p><span style=\"font-family: Arial\">Alcanzar el \u00abpara\u00edso terrenal\u00bb que significa imitar a la sociedad estadounidense proyectada como el ideal a realizar por las masas de consumidores desclasados, ap\u00e1tridas y apol\u00edticos.<o:p><\/o:p><\/span><\/p>\n<p style=\"text-align: justify\"><span style=\"font-family: Arial\"><\/span><\/p>\n<p><span style=\"font-family: Arial\">Se pretende que el mundo que ofrece la mundializaci\u00f3n neoliberal en sus variantes estadounidense y europea es el \u00fanico posible, sin alternativa viable, y que la \u00fanica opci\u00f3n realista debe ser el conformismo social y la resignaci\u00f3n pol\u00edtica.<o:p><\/o:p><\/span><\/p>\n<p style=\"text-align: justify\"><span style=\"font-family: Arial\"><\/span><\/p>\n<p><span style=\"font-family: Arial\">Pese a esta poderosa maquinaria cultural, ideol\u00f3gica y educativa puesta en marcha por el capitalismo neoliberal para lograr estos prop\u00f3sitos, tiene lugar en el \u00e1mbito planetario la resistencia de los explotados.<o:p><\/o:p><\/span><\/p>\n<p style=\"text-align: justify\"><span style=\"font-family: Arial\"><\/span><\/p>\n<p><span style=\"font-family: Arial\">Que somos los pueblos originarios, los afro descendientes, las mujeres, los homosexuales, los j\u00f3venes, los obreros y aun los sectores intermedios que conforman el pueblo naci\u00f3n que se manifiestan contra los efectos depredatorios del neoliberalismo.<o:p><\/o:p><\/span><\/p>\n<p style=\"text-align: justify\"><span style=\"font-family: Arial\"><\/span><\/p>\n<p><span style=\"font-family: Arial\">En la \u00e9poca actual, caracterizada por una profundizaci\u00f3n de las tendencias universalistas del capital, La globalizaci\u00f3n al servicio del poder, encontramos,<span>\u00a0 <\/span>el tr\u00e1nsito de los poderosos que buscan disolver los v\u00ednculos nacionales, proponi\u00e9ndonos una entidad nacional de nuevo tipo: popular, multi\u00e9tnica, pluralista y democr\u00e1tica, que conlleva al exterminio de la mayor\u00eda en todos los sentidos y al predominio de unos cuantos, pero en verdad muy pocos.<o:p><\/o:p><\/span><\/p>\n<p style=\"text-align: justify\"><span style=\"font-family: Arial\"><\/span><\/p>\n<p><span style=\"font-family: Arial\">Estas contradicciones se dan en el interior de nuestras naciones, y las luchas por superarlas constituyen la esencia misma de la cuesti\u00f3n nacional de nuestros d\u00edas.<o:p><\/o:p><\/span><\/p>\n<p style=\"text-align: justify\"><span style=\"font-family: Arial\"><\/span><\/p>\n<p><span style=\"font-family: Arial\">De esta manera, la disputa por la naci\u00f3n como el espacio donde tienen lugar las resistencias contra el imperialismo y la explotaci\u00f3n de clase pasa en primer t\u00e9rmino por la salvaguardia de la diversidad \u00e9tnica, nacional y cultural y por el fortalecimiento de las identidades m\u00faltiples y complementarias, ciudadan\u00eda, condici\u00f3n de clase, adscripci\u00f3n \u00e9tnica, conciencia de genero, etc. que otorga una visi\u00f3n integral de la actual realidad sociopol\u00edtica.<o:p><\/o:p><\/span><\/p>\n<p style=\"text-align: justify\"><span style=\"font-family: Arial\"><\/span><\/p>\n<p><span style=\"font-family: Arial\">Asimismo, en la construcci\u00f3n de una naci\u00f3n libre y democr\u00e1tica, la cultura<strong>,<\/strong> la forma peculiar de ser y existir de los pueblos en sus distintas diferenciaciones \u00e9tnicas, regionales, de g\u00e9nero y clase, <strong>se <\/strong>transforma en un efectivo instrumento de cambio social y de resistencia a la opresi\u00f3n cultural capitalista.<o:p><\/o:p><\/span><\/p>\n<p style=\"text-align: justify\"><span style=\"font-family: Arial\"><\/span><\/p>\n<p><span style=\"font-family: Arial\">Esto ocurre no s\u00f3lo en las expresiones art\u00edsticas, sino tambi\u00e9n en la cotidianidad cultural, en la diaria forma de hacer frente a la dominaci\u00f3n capitalista, en vivir de otra manera, en no participar como actor o c\u00f3mplice del sistema autoritario en los diversos espacios de la cotidianidad y la acci\u00f3n pol\u00edtica;<o:p><\/o:p><\/span><\/p>\n<p style=\"text-align: justify\"><span style=\"font-family: Arial\"><\/span><\/p>\n<p><span style=\"font-family: Arial\">Todas ellas pr\u00e1cticas de resistencia en esa batalla por el mantenimiento y desarrollo de las identidades culturales contra-hegem\u00f3nicas.<o:p><\/o:p><\/span><\/p>\n<p style=\"text-align: justify\"><span style=\"font-family: Arial\"><\/span><\/p>\n<p><span style=\"font-family: Arial\">La familia, la escuela, el barrio, las relaciones sociales y laborales, los propios terrenos de la acci\u00f3n revolucionaria, constituyen los espacios de un singular enfrentamiento entre la cultura de la dominaci\u00f3n y la cultura de la resistencia, con sus c\u00f3digos, s\u00edmbolos y se\u00f1ales propios.<o:p><\/o:p><\/span><\/p>\n<p style=\"text-align: justify\"><span style=\"font-family: Arial\"><\/span><\/p>\n<p><span style=\"font-family: Arial\">El historiador cubano Jorge Ibarra plantea los procesos en los que se va formando el pueblo naci\u00f3n para el caso de su pa\u00eds:<o:p><\/o:p><\/span><\/p>\n<p style=\"text-align: justify\"><span style=\"font-family: Arial\"><\/span><\/p>\n<p><span style=\"font-family: Arial\">En las gestas independentistas, en \u00abla praxis revolucionaria de 1868, al abolir la esclavitud y sentar las bases de una comunidad nacional -el territorio que se llamar\u00eda Cuba Libre- fundada en los principios de confraternidad \u00e9tnica, igualdad jur\u00eddica y libertad pol\u00edtica\u00bb (naci\u00f3n y cultura nacional).<o:p><\/o:p><\/span><\/p>\n<p style=\"text-align: justify\"><span style=\"font-family: Arial\"><\/span><\/p>\n<p><span style=\"font-family: Arial\">Igualmente, en cada uno de nuestros pa\u00edses latinoamericanos se han ido formando los pueblos-naci\u00f3n por medio de la participaci\u00f3n de los distintos agrupamientos \u00e9tnico-clasistas, objetivamente explotados y oprimidos, en las respectivas contiendas independentistas, liberadoras, antidictatoriales y de transformaci\u00f3n social que fueron creando a su vez una cultura nacional popular, por ende representativa del c\u00famulo de rebeld\u00edas e insumisiones.<o:p><\/o:p><\/span><\/p>\n<p style=\"text-align: justify\"><span style=\"font-family: Arial\"><\/span><\/p>\n<p style=\"text-align: justify\"><span style=\"font-family: Arial\">Esta cultura nacional popular es el sedimento de nuestras resistencias y de nuestro af\u00e1n por un futuro donde la diversidad cultural sea patrimonio de la humanidad.<\/span><\/p>\n<p><span style=\"font-family: Arial\"><o:p><\/o:p><\/span>\u00a0<\/p>\n","protected":false},"excerpt":{"rendered":"<p>El desarrollo de la naci\u00f3n tiende, pues, a romper con los l\u00edmites y superar las contradicciones de las naciones poderosas, las que se expresan fundamentalmente en la explotaci\u00f3n de humana, el racismo, la segregaci\u00f3n de pueblos indios, la opresi\u00f3n peculiar de la mujer, la discriminaci\u00f3n a grupos de edad, el control imperialista de nuestras econom\u00edas [&hellip;]<\/p>\n","protected":false},"author":249,"featured_media":0,"comment_status":"open","ping_status":"closed","sticky":false,"template":"","format":"standard","meta":{"footnotes":""},"categories":[26],"tags":[],"class_list":["post-920","post","type-post","status-publish","format-standard","hentry","category-mundo"],"_links":{"self":[{"href":"http:\/\/eloficiodehistoriar.com.mx\/index.php?rest_route=\/wp\/v2\/posts\/920","targetHints":{"allow":["GET"]}}],"collection":[{"href":"http:\/\/eloficiodehistoriar.com.mx\/index.php?rest_route=\/wp\/v2\/posts"}],"about":[{"href":"http:\/\/eloficiodehistoriar.com.mx\/index.php?rest_route=\/wp\/v2\/types\/post"}],"author":[{"embeddable":true,"href":"http:\/\/eloficiodehistoriar.com.mx\/index.php?rest_route=\/wp\/v2\/users\/249"}],"replies":[{"embeddable":true,"href":"http:\/\/eloficiodehistoriar.com.mx\/index.php?rest_route=%2Fwp%2Fv2%2Fcomments&post=920"}],"version-history":[{"count":0,"href":"http:\/\/eloficiodehistoriar.com.mx\/index.php?rest_route=\/wp\/v2\/posts\/920\/revisions"}],"wp:attachment":[{"href":"http:\/\/eloficiodehistoriar.com.mx\/index.php?rest_route=%2Fwp%2Fv2%2Fmedia&parent=920"}],"wp:term":[{"taxonomy":"category","embeddable":true,"href":"http:\/\/eloficiodehistoriar.com.mx\/index.php?rest_route=%2Fwp%2Fv2%2Fcategories&post=920"},{"taxonomy":"post_tag","embeddable":true,"href":"http:\/\/eloficiodehistoriar.com.mx\/index.php?rest_route=%2Fwp%2Fv2%2Ftags&post=920"}],"curies":[{"name":"wp","href":"https:\/\/api.w.org\/{rel}","templated":true}]}}