{"id":922,"date":"2008-08-02T20:59:26","date_gmt":"2008-08-03T01:59:26","guid":{"rendered":"https:\/\/eloficiodehistoriar.com.mx\/?p=922"},"modified":"2008-08-02T20:59:26","modified_gmt":"2008-08-03T01:59:26","slug":"rostro-y-corazon-del-anahuac","status":"publish","type":"post","link":"http:\/\/eloficiodehistoriar.com.mx\/?p=922","title":{"rendered":"Rostro y coraz\u00f3n del Anahuac"},"content":{"rendered":"<p><a href=\"https:\/\/eloficiodehistoriar.com.mx\/wp-content\/uploads\/2008\/08\/escudo-pagina-104.jpg\" title=\"escudo-pagina-104.jpg\"><img decoding=\"async\" src=\"https:\/\/eloficiodehistoriar.com.mx\/wp-content\/uploads\/2008\/08\/escudo-pagina-104.thumbnail.jpg\" alt=\"escudo-pagina-104.jpg\" \/><\/a><a href=\"https:\/\/eloficiodehistoriar.com.mx\/wp-content\/uploads\/2008\/08\/escudo-pagina-105.jpg\" title=\"escudo-pagina-105.jpg\"><img decoding=\"async\" src=\"https:\/\/eloficiodehistoriar.com.mx\/wp-content\/uploads\/2008\/08\/escudo-pagina-105.thumbnail.jpg\" alt=\"escudo-pagina-105.jpg\" \/><\/a><a href=\"https:\/\/eloficiodehistoriar.com.mx\/wp-content\/uploads\/2008\/08\/escudo-pagina-107.jpg\" title=\"escudo-pagina-107.jpg\"><img decoding=\"async\" src=\"https:\/\/eloficiodehistoriar.com.mx\/wp-content\/uploads\/2008\/08\/escudo-pagina-107.thumbnail.jpg\" alt=\"escudo-pagina-107.jpg\" \/><\/a><a href=\"https:\/\/eloficiodehistoriar.com.mx\/wp-content\/uploads\/2008\/08\/escudo-pagina-106.jpg\" title=\"escudo-pagina-106.jpg\"><img decoding=\"async\" src=\"https:\/\/eloficiodehistoriar.com.mx\/wp-content\/uploads\/2008\/08\/escudo-pagina-106.thumbnail.jpg\" alt=\"escudo-pagina-106.jpg\" \/><\/a><\/p>\n<p>Ixtli, yollotl<\/p>\n<p>Rostro y coraz\u00f3n, dos palabras nahuatl que evocan la plenitud de la identidad personal.<\/p>\n<p>\u00abHablar\u00e9 a vuestros rostros y a vuestros corazones\u00bb<\/p>\n<p>Nanahuac, quiere decir traducido al espa\u00f1ol del nahuatl, las tierras situadas pr\u00f3ximas al mar, a los lagos o a los r\u00edos.<\/p>\n<p>Estos pueblos de Mesoam\u00e9rica dieron existencia a c\u00f3dices o libros, donde preservaban el conocimiento y la sabidur\u00eda de estos pueblos, que son parte de la historia universal, a pesar de quienes opinen lo contrario.<\/p>\n","protected":false},"excerpt":{"rendered":"<p>Ixtli, yollotl Rostro y coraz\u00f3n, dos palabras nahuatl que evocan la plenitud de la identidad personal. \u00abHablar\u00e9 a vuestros rostros y a vuestros corazones\u00bb Nanahuac, quiere decir traducido al espa\u00f1ol del nahuatl, las tierras situadas pr\u00f3ximas al mar, a los lagos o a los r\u00edos. Estos pueblos de Mesoam\u00e9rica dieron existencia a c\u00f3dices o libros, [&hellip;]<\/p>\n","protected":false},"author":249,"featured_media":0,"comment_status":"open","ping_status":"closed","sticky":false,"template":"","format":"standard","meta":{"footnotes":""},"categories":[11,10],"tags":[],"class_list":["post-922","post","type-post","status-publish","format-standard","hentry","category-fotografia","category-historia"],"_links":{"self":[{"href":"http:\/\/eloficiodehistoriar.com.mx\/index.php?rest_route=\/wp\/v2\/posts\/922","targetHints":{"allow":["GET"]}}],"collection":[{"href":"http:\/\/eloficiodehistoriar.com.mx\/index.php?rest_route=\/wp\/v2\/posts"}],"about":[{"href":"http:\/\/eloficiodehistoriar.com.mx\/index.php?rest_route=\/wp\/v2\/types\/post"}],"author":[{"embeddable":true,"href":"http:\/\/eloficiodehistoriar.com.mx\/index.php?rest_route=\/wp\/v2\/users\/249"}],"replies":[{"embeddable":true,"href":"http:\/\/eloficiodehistoriar.com.mx\/index.php?rest_route=%2Fwp%2Fv2%2Fcomments&post=922"}],"version-history":[{"count":0,"href":"http:\/\/eloficiodehistoriar.com.mx\/index.php?rest_route=\/wp\/v2\/posts\/922\/revisions"}],"wp:attachment":[{"href":"http:\/\/eloficiodehistoriar.com.mx\/index.php?rest_route=%2Fwp%2Fv2%2Fmedia&parent=922"}],"wp:term":[{"taxonomy":"category","embeddable":true,"href":"http:\/\/eloficiodehistoriar.com.mx\/index.php?rest_route=%2Fwp%2Fv2%2Fcategories&post=922"},{"taxonomy":"post_tag","embeddable":true,"href":"http:\/\/eloficiodehistoriar.com.mx\/index.php?rest_route=%2Fwp%2Fv2%2Ftags&post=922"}],"curies":[{"name":"wp","href":"https:\/\/api.w.org\/{rel}","templated":true}]}}