{"id":927,"date":"2008-08-02T21:14:06","date_gmt":"2008-08-03T02:14:06","guid":{"rendered":"https:\/\/eloficiodehistoriar.com.mx\/?p=927"},"modified":"2008-08-02T21:15:01","modified_gmt":"2008-08-03T02:15:01","slug":"927","status":"publish","type":"post","link":"http:\/\/eloficiodehistoriar.com.mx\/?p=927","title":{"rendered":"Dos j\u00f3venes otom\u00edes de la cultura mesoamericana."},"content":{"rendered":"<p><a href=\"https:\/\/eloficiodehistoriar.com.mx\/wp-content\/uploads\/2008\/08\/jfz-420.jpg\" title=\"jfz-420.jpg\"><img decoding=\"async\" src=\"https:\/\/eloficiodehistoriar.com.mx\/wp-content\/uploads\/2008\/08\/jfz-420.thumbnail.jpg\" alt=\"jfz-420.jpg\" \/><\/a><a href=\"https:\/\/eloficiodehistoriar.com.mx\/wp-content\/uploads\/2008\/08\/jfz-419.jpg\" title=\"jfz-419.jpg\"><img decoding=\"async\" src=\"https:\/\/eloficiodehistoriar.com.mx\/wp-content\/uploads\/2008\/08\/jfz-419.thumbnail.jpg\" alt=\"jfz-419.jpg\" \/><\/a><\/p>\n<p>Cen calli, traducido del nahuatl quiere decir familia, el conjunto de los moradores del hogar.<\/p>\n<p>Sus miembros pose\u00edan un territorio com\u00fan, habitaban un mismo barrio, se dec\u00eda calpulli, realizaban conjuntamente una serie de funciones de car\u00e1cter socioecon\u00f3mico, religioso, militar, pol\u00edtico, en otras palabras recreban una cultura, la mesoamericana.<\/p>\n","protected":false},"excerpt":{"rendered":"<p>Cen calli, traducido del nahuatl quiere decir familia, el conjunto de los moradores del hogar. Sus miembros pose\u00edan un territorio com\u00fan, habitaban un mismo barrio, se dec\u00eda calpulli, realizaban conjuntamente una serie de funciones de car\u00e1cter socioecon\u00f3mico, religioso, militar, pol\u00edtico, en otras palabras recreban una cultura, la mesoamericana.<\/p>\n","protected":false},"author":249,"featured_media":0,"comment_status":"open","ping_status":"closed","sticky":false,"template":"","format":"standard","meta":{"footnotes":""},"categories":[8,11,10,7],"tags":[],"class_list":["post-927","post","type-post","status-publish","format-standard","hentry","category-ciudad-de-queretaro","category-fotografia","category-historia","category-queretaro-pre-hispanico"],"_links":{"self":[{"href":"http:\/\/eloficiodehistoriar.com.mx\/index.php?rest_route=\/wp\/v2\/posts\/927","targetHints":{"allow":["GET"]}}],"collection":[{"href":"http:\/\/eloficiodehistoriar.com.mx\/index.php?rest_route=\/wp\/v2\/posts"}],"about":[{"href":"http:\/\/eloficiodehistoriar.com.mx\/index.php?rest_route=\/wp\/v2\/types\/post"}],"author":[{"embeddable":true,"href":"http:\/\/eloficiodehistoriar.com.mx\/index.php?rest_route=\/wp\/v2\/users\/249"}],"replies":[{"embeddable":true,"href":"http:\/\/eloficiodehistoriar.com.mx\/index.php?rest_route=%2Fwp%2Fv2%2Fcomments&post=927"}],"version-history":[{"count":0,"href":"http:\/\/eloficiodehistoriar.com.mx\/index.php?rest_route=\/wp\/v2\/posts\/927\/revisions"}],"wp:attachment":[{"href":"http:\/\/eloficiodehistoriar.com.mx\/index.php?rest_route=%2Fwp%2Fv2%2Fmedia&parent=927"}],"wp:term":[{"taxonomy":"category","embeddable":true,"href":"http:\/\/eloficiodehistoriar.com.mx\/index.php?rest_route=%2Fwp%2Fv2%2Fcategories&post=927"},{"taxonomy":"post_tag","embeddable":true,"href":"http:\/\/eloficiodehistoriar.com.mx\/index.php?rest_route=%2Fwp%2Fv2%2Ftags&post=927"}],"curies":[{"name":"wp","href":"https:\/\/api.w.org\/{rel}","templated":true}]}}