{"id":930,"date":"2008-08-03T07:36:52","date_gmt":"2008-08-03T12:36:52","guid":{"rendered":"https:\/\/eloficiodehistoriar.com.mx\/?p=930"},"modified":"2008-08-03T07:36:53","modified_gmt":"2008-08-03T12:36:53","slug":"santa-prisca-en-taxco-un-templo-2","status":"publish","type":"post","link":"http:\/\/eloficiodehistoriar.com.mx\/?p=930","title":{"rendered":"Santa Prisca en taxco, un templo"},"content":{"rendered":"<p><img decoding=\"async\" src=\"http:\/\/ts1.images.live.com\/images\/thumbnail.aspx?q=1614304706800&amp;id=3586de7235a2dbd4cd49358b22592e8e\" alt=\"santa_prisca-taxco.jpg\" style=\"width: 140px; cursor: pointer; height: 160px\" title=\"santa_prisca-taxco.jpg\" class=\"img_thumb\" \/><img decoding=\"async\" src=\"http:\/\/ts1.images.live.com\/images\/thumbnail.aspx?q=1655221650236&amp;id=3b0c7a7c553f54067610802a63c80d2e\" alt=\"taxco_staprisca.jpg\" style=\"width: 160px; cursor: pointer; height: 146px\" title=\"taxco_staprisca.jpg\" class=\"img_thumb\" \/><\/p>\n<h1 style=\"margin: 0cm 0cm 0pt\"><span lang=\"ES-TRAD\"><font face=\"Times New Roman\"><span>\u00a0\u00a0\u00a0\u00a0\u00a0\u00a0\u00a0\u00a0\u00a0\u00a0\u00a0\u00a0\u00a0\u00a0\u00a0\u00a0\u00a0\u00a0\u00a0\u00a0\u00a0\u00a0\u00a0\u00a0 <\/span>Taxco, un templo<\/font><\/span><\/h1>\n<h1 style=\"margin: 0cm 0cm 0pt\"><\/h1>\n<h1 style=\"margin: 0cm 0cm 0pt\"><span lang=\"ES-TRAD\"><o:p><font size=\"2\" face=\"Times New Roman\">\u00a0<\/font><\/o:p><\/span><\/h1>\n<h2 style=\"margin: 0cm 0cm 0pt\"><strong><span lang=\"ES-TRAD\"><font face=\"Times New Roman\"><span>\u00a0\u00a0\u00a0\u00a0\u00a0\u00a0\u00a0\u00a0\u00a0\u00a0\u00a0\u00a0\u00a0\u00a0\u00a0\u00a0\u00a0\u00a0\u00a0\u00a0\u00a0\u00a0\u00a0\u00a0\u00a0\u00a0\u00a0\u00a0\u00a0\u00a0\u00a0\u00a0\u00a0\u00a0\u00a0\u00a0\u00a0\u00a0\u00a0\u00a0\u00a0\u00a0\u00a0\u00a0\u00a0 <\/span><o:p><\/o:p><\/font><\/span><\/strong><\/h2>\n<h2 style=\"margin: 0cm 0cm 0pt\"><strong><span lang=\"ES-TRAD\"><font face=\"Times New Roman\"><span>\u00a0\u00a0\u00a0\u00a0\u00a0\u00a0\u00a0\u00a0\u00a0\u00a0\u00a0\u00a0\u00a0\u00a0\u00a0\u00a0\u00a0\u00a0\u00a0\u00a0\u00a0\u00a0\u00a0\u00a0\u00a0\u00a0\u00a0\u00a0\u00a0\u00a0\u00a0\u00a0\u00a0\u00a0\u00a0\u00a0 <\/span>Santa Prisca<o:p><\/o:p><\/font><\/span><\/strong><\/h2>\n<p><span lang=\"ES-MX\"><o:p><font size=\"2\" face=\"Times New Roman\">\u00a0<\/font><\/o:p><\/span><span lang=\"ES-MX\"><o:p><font size=\"2\" face=\"Times New Roman\">\u00a0<\/font><\/o:p><\/span><span lang=\"ES-MX\"><o:p><font size=\"2\" face=\"Times New Roman\">Jos\u00e9 F\u00e9lix Zavala\u00a0<\/font><\/o:p><\/span><\/p>\n<p style=\"margin: 0cm 0cm 0pt; text-align: justify\" class=\"MsoBodyText\"><span lang=\"ES-MX\"><\/span><\/p>\n<p style=\"margin: 0cm 0cm 0pt; text-align: justify\" class=\"MsoBodyText\"><span lang=\"ES-MX\"><\/span><\/p>\n<p style=\"margin: 0cm 0cm 0pt; text-align: justify\" class=\"MsoBodyText\"><span lang=\"ES-MX\"><font size=\"5\" face=\"Times New Roman\">En el siglo XVlll, Jos\u00e9 De <st1:personname ProductID=\"La Borda\" w:st=\"on\">La Borda<\/st1:personname>, el minero millonario, construyo para Taxco una de las iglesias m\u00e1s suntuosas de M\u00e9xico. Dice Aldous Huxley: \u201c La iglesia de Borda es una entrevesada obra de genio&#8230;\u201d y Sacheverell Sitwell dice:<\/font><\/span><\/p>\n<p style=\"margin: 0cm 0cm 0pt; text-align: justify\" class=\"MsoNormal\"><span style=\"font-size: 14pt\" lang=\"ES-MX\"><\/span><\/p>\n<p style=\"margin: 0cm 0cm 0pt; text-align: justify\" class=\"MsoNormal\"><span style=\"font-size: 14pt\" lang=\"ES-MX\"><\/span><\/p>\n<p style=\"margin: 0cm 0cm 0pt; text-align: justify\" class=\"MsoNormal\"><span style=\"font-size: 14pt\" lang=\"ES-MX\"><\/span><\/p>\n<p><span style=\"font-size: 14pt\" lang=\"ES-MX\"><font face=\"Times New Roman\">\u00a0\u201c Es la m\u00e1s notable de todas (las iglesias) y representa la culminaci\u00f3n del barroco en el nuevo mundo\u201d.<o:p><\/o:p><\/font><\/span><span style=\"font-size: 14pt\" lang=\"ES-MX\"><o:p><font face=\"Times New Roman\">\u00a0<\/font><\/o:p><\/span><\/p>\n<p style=\"margin: 0cm 0cm 0pt\" class=\"MsoBodyText2\"><span lang=\"ES-MX\"><\/span><\/p>\n<p style=\"margin: 0cm 0cm 0pt\" class=\"MsoBodyText2\"><span lang=\"ES-MX\"><\/span><\/p>\n<p style=\"margin: 0cm 0cm 0pt\" class=\"MsoBodyText2\"><span lang=\"ES-MX\"><font size=\"5\" face=\"Times New Roman\">De <st1:metricconverter ProductID=\"1751 a\" w:st=\"on\">1751 a<\/st1:metricconverter> 1759, los indios Tlahuicas, que edificaron el templo de Santa Prisca y San Sebasti\u00e1n en Taxco, dejaron el Sol y <st1:personname ProductID=\"la Luna\" w:st=\"on\">la Luna<\/st1:personname> al frente de ella, en la entrada, como cobro a su trabajo y dedicaci\u00f3n, al lado izquierdo del suntuoso templo, erigieron su capilla, en el centro de ella, el culto a los muertos, el altar de animas.<\/font><\/span><\/p>\n<p><span style=\"font-size: 14pt\" lang=\"ES-MX\"><o:p><font face=\"Times New Roman\">\u00a0<\/font><\/o:p><\/span><\/p>\n<p style=\"margin: 0cm 0cm 0pt; text-align: justify\" class=\"MsoNormal\"><span style=\"font-size: 14pt\" lang=\"ES-MX\"><\/span><\/p>\n<p style=\"margin: 0cm 0cm 0pt; text-align: justify\" class=\"MsoNormal\"><span style=\"font-size: 14pt\" lang=\"ES-MX\"><\/span><\/p>\n<p><span style=\"font-size: 14pt\" lang=\"ES-MX\"><font face=\"Times New Roman\">El cerro de <st1:personname ProductID=\"la Berenjena\" w:st=\"on\">la Berenjena<\/st1:personname>, el cerro de Atachi, <st1:personname ProductID=\"la Sierra Alta\" w:st=\"on\">la Sierra Alta<\/st1:personname>, San Juan, <st1:personname ProductID=\"La Sant?sima\" w:st=\"on\">La Sant\u00edsima<\/st1:personname>, San Nicol\u00e1s, Santa Veracruz, San Bernardino, Chavarrieta, y el Se\u00f1or de Ojeda, rodearon la suntuosidad de los cientos de querubines balbasianos, que entre r\u00f2leos, granadas y conchas, le dan forma a la iglesia triunfante que concibiera Jos\u00e9 De <st1:personname ProductID=\"La Borda\" w:st=\"on\">La Borda<\/st1:personname>, entre los minerales de Tehuilotepec.<o:p><\/o:p><\/font><\/span><span style=\"font-size: 14pt\" lang=\"ES-MX\"><o:p><font face=\"Times New Roman\">\u00a0<\/font><\/o:p><\/span><\/p>\n<p style=\"margin: 0cm 0cm 0pt\" class=\"MsoBodyText2\"><span lang=\"ES-MX\"><\/span><\/p>\n<p style=\"margin: 0cm 0cm 0pt\" class=\"MsoBodyText2\"><span lang=\"ES-MX\"><font size=\"5\" face=\"Times New Roman\">\u201c Ciertamente es raro, es grande, es eximio es admirable, el rico que no espero en sus tesoros y que en medio de la riqueza se mantuvo sin mancha y sin soberbia\u201d dice Xim\u00e8nez Fr\u00edas.<\/font><\/span><\/p>\n<p><span style=\"font-size: 14pt\" lang=\"ES-MX\"><o:p><font face=\"Times New Roman\">\u00a0<\/font><\/o:p><\/span><\/p>\n<p style=\"margin: 0cm 0cm 0pt; text-align: justify\" class=\"MsoNormal\"><span style=\"font-size: 14pt\" lang=\"ES-MX\"><\/span><\/p>\n<p style=\"margin: 0cm 0cm 0pt; text-align: justify\" class=\"MsoNormal\"><span style=\"font-size: 14pt\" lang=\"ES-MX\"><\/span><\/p>\n<p><span style=\"font-size: 14pt\" lang=\"ES-MX\"><font face=\"Times New Roman\">Hablar del templo de Santa Prisca en Taxco, es dirigirse a la cantera y al oro, trabajado en manos de indios,<span>\u00a0 <\/span>ideado por Cayetano de Siguenza e Isidoro Vicente Balb\u00e0s, para dar por resultado el exceso, el barroco que las manos ind\u00edgenas llevaron a su m\u00e1xima expresi\u00f3n, dejando al mundo sin poder superarlo.<o:p><\/o:p><\/font><\/span><span style=\"font-size: 14pt\" lang=\"ES-MX\"><o:p><font face=\"Times New Roman\">\u00a0<\/font><\/o:p><\/span><\/p>\n<p style=\"margin: 0cm 0cm 0pt; text-align: justify\" class=\"MsoNormal\"><span style=\"font-size: 14pt\" lang=\"ES-MX\"><\/span><\/p>\n<p style=\"margin: 0cm 0cm 0pt; text-align: justify\" class=\"MsoNormal\"><span style=\"font-size: 14pt\" lang=\"ES-MX\"><\/span><\/p>\n<p><span style=\"font-size: 14pt\" lang=\"ES-MX\"><font face=\"Times New Roman\">Elisa Vargas Lugo dice: \u201c La nave del templo, situada de oriente a poniente, esta compuesta de cuatro tramos, divididos con pilastras con contrapilastras, sobre las que descansan los arcos torales. Estos apoyos presentan tableros resaltados en los fustes a manera de vigorosos almohadillados que cubren tambi\u00e9n el intrado de los arcos. Los capiteles son de tipo corintio. Un fuerte y moldurado cornisamiento, que es una de las aportaciones m\u00e1s novedosas, que recuerda el interior del Sagrario de la ciudad andaluza.<o:p><\/o:p><\/font><\/span><span style=\"font-size: 14pt\" lang=\"ES-MX\"><o:p><font face=\"Times New Roman\">\u00a0<\/font><\/o:p><\/span><\/p>\n<p style=\"margin: 0cm 0cm 0pt; text-align: justify\" class=\"MsoNormal\"><span style=\"font-size: 14pt\" lang=\"ES-MX\"><\/span><\/p>\n<p style=\"margin: 0cm 0cm 0pt; text-align: justify\" class=\"MsoNormal\"><span style=\"font-size: 14pt\" lang=\"ES-MX\"><\/span><\/p>\n<p><span style=\"font-size: 14pt\" lang=\"ES-MX\"><font face=\"Times New Roman\">El dogma de <st1:personname ProductID=\"la Pur?sima Concepci?n\" w:st=\"on\">la Pur\u00edsima Concepci\u00f3n<\/st1:personname> se hizo escultura, se hizo Virgen y fue colocada en el centro del altar mayor, esta acompa\u00f1ado de las<span>\u00a0 <\/span>V\u00edrgenes del Pilar,<span>\u00a0 <\/span>la del Rosario,<span>\u00a0 <\/span><st1:personname ProductID=\"la  Dolorosa\" w:st=\"on\">la<span>\u00a0 <\/span>Dolorosa<\/st1:personname> y<span>\u00a0 <\/span><st1:personname ProductID=\"la Guadalupana\" w:st=\"on\">la Guadalupana<\/st1:personname>, vueltas arte, como queriendo insistir en la contrareforma, mientras la imagen de Se\u00f1or San Jos\u00e9, el patrono de <st1:personname ProductID=\"la Nueva Espa?a\" w:st=\"on\">la Nueva Espa\u00f1a<\/st1:personname>, aguarda discretamente, elogiando al mecenas, junto a los altares a Santas Lucia y San Isidro, cerca la capilla de los naturales, el altar a San Juan Nepomuceno, guardi\u00e1n del buen nombre de los Borda.<o:p><\/o:p><\/font><\/span><span style=\"font-size: 14pt\" lang=\"ES-MX\"><o:p><font face=\"Times New Roman\">\u00a0<\/font><\/o:p><\/span><\/p>\n<p style=\"margin: 0cm 0cm 0pt; text-align: justify\" class=\"MsoNormal\"><span style=\"font-size: 14pt\" lang=\"ES-MX\"><\/span><\/p>\n<p style=\"margin: 0cm 0cm 0pt; text-align: justify\" class=\"MsoNormal\"><span style=\"font-size: 14pt\" lang=\"ES-MX\"><\/span><\/p>\n<p><span style=\"font-size: 14pt\" lang=\"ES-MX\"><font face=\"Times New Roman\">Arquitectos, retablistas, talladores, tracistas, pintores y decoradores, traducen la pl\u00e1stica barroca, encaminada a actuar de manera simult\u00e1nea en la totalidad de los sentidos. Es el triunfo de la conquista espa\u00f1ola, que se erige, es la mano de los vencidos la que se manifiesta. All\u00ed cantan sus est\u00ecpites, el oro, los lienzos, la luz.<o:p><\/o:p><\/font><\/span><span style=\"font-size: 14pt\" lang=\"ES-MX\"><o:p><font face=\"Times New Roman\">\u00a0<\/font><\/o:p><\/span><\/p>\n<p style=\"margin: 0cm 0cm 0pt; text-align: justify\" class=\"MsoNormal\"><span style=\"font-size: 14pt\" lang=\"ES-MX\"><\/span><\/p>\n<p style=\"margin: 0cm 0cm 0pt; text-align: justify\" class=\"MsoNormal\"><span style=\"font-size: 14pt\" lang=\"ES-MX\"><\/span><\/p>\n<p><span style=\"font-size: 14pt\" lang=\"ES-MX\"><font face=\"Times New Roman\">Jos\u00e9 De <st1:personname ProductID=\"La Borda\" w:st=\"on\">La Borda<\/st1:personname> no permite intromisiones en su proyecto de dar testimonio publico de su fe cat\u00f3lica, es por ello que los arc\u00e1ngeles \u2013siete- los seglares tanto doncellas como confesores, los presb\u00edteros, los obispos, los doctores, los evangelistas, los papas, los ap\u00f3stoles, recrean los nueve retablos en exuberancia, para que quede constado. El esquema teol\u00f3gico va apareciendo en el decorado de manera gradual y ascendente.<o:p><\/o:p><\/font><\/span><span style=\"font-size: 14pt\" lang=\"ES-MX\"><o:p><font face=\"Times New Roman\">\u00a0<\/font><\/o:p><\/span><\/p>\n<p style=\"margin: 0cm 0cm 0pt; text-align: justify\" class=\"MsoNormal\"><span style=\"font-size: 14pt\" lang=\"ES-MX\"><\/span><\/p>\n<p style=\"margin: 0cm 0cm 0pt; text-align: justify\" class=\"MsoNormal\"><span style=\"font-size: 14pt\" lang=\"ES-MX\"><\/span><\/p>\n<p><span style=\"font-size: 14pt\" lang=\"ES-MX\"><font face=\"Times New Roman\">Cerca de 150 a\u00f1os paso el templo de Santa Prisca y San Sebasti\u00e1n en el silencio, su esplendor fue solo delicada belleza callada, hasta que por 1908 Antonio Pe\u00f1afiel escucha a Miguel Basurto Moreno, p\u00e1rroco del lugar y se dan los primeros estudios hist\u00f3ricos.<o:p><\/o:p><\/font><\/span><span style=\"font-size: 14pt\" lang=\"ES-MX\"><o:p><font face=\"Times New Roman\">\u00a0<\/font><\/o:p><\/span><\/p>\n<p style=\"margin: 0cm 0cm 0pt; text-align: justify\" class=\"MsoNormal\"><span style=\"font-size: 14pt\" lang=\"ES-MX\"><\/span><\/p>\n<p style=\"margin: 0cm 0cm 0pt; text-align: justify\" class=\"MsoNormal\"><span style=\"font-size: 14pt\" lang=\"ES-MX\"><\/span><\/p>\n<p><span style=\"font-size: 14pt\" lang=\"ES-MX\"><font face=\"Times New Roman\">Dice Pe\u00f1afiel: \u201cLa capilla llamada de los indios tiene su historia, el lugar que ocupa <st1:personname ProductID=\"la Bas?lica\" w:st=\"on\">la Bas\u00edlica<\/st1:personname> era propiedad de los indios de Acoyotla, pero la cedieron a Borda a cambio de que les construyera dentro de la misma Parroquia\u201d. Acierta este escritor cuando nos dice que Cayetano De Siguenza<span>\u00a0 <\/span>e Isidoro Vicente De Balb\u00e0s eran mexicanos.<o:p><\/o:p><\/font><\/span><span style=\"font-size: 14pt\" lang=\"ES-MX\"><o:p><font face=\"Times New Roman\">\u00a0<\/font><\/o:p><\/span><\/p>\n<p style=\"margin: 0cm 0cm 0pt; text-align: justify\" class=\"MsoNormal\"><span style=\"font-size: 14pt\" lang=\"ES-MX\"><\/span><\/p>\n<p style=\"margin: 0cm 0cm 0pt; text-align: justify\" class=\"MsoNormal\"><span style=\"font-size: 14pt\" lang=\"ES-MX\"><\/span><\/p>\n<p><span style=\"font-size: 14pt\" lang=\"ES-MX\"><font face=\"Times New Roman\">En 1921 Francisco Diez Barroso se\u00f1ala: \u201cMuy interesante es la iglesia parroquial de Taxco, que pertenece a este grupo (neo plateresco con base borrominesca)&#8230; esta iglesia constituye probablemente el ejemplar m\u00e1s interesante entre las iglesias de este genero que fueron construidas en <st1:personname ProductID=\"la Nueva Espa?a\" w:st=\"on\">la Nueva Espa\u00f1a<\/st1:personname>\u201d.<o:p><\/o:p><\/font><\/span><span style=\"font-size: 14pt\" lang=\"ES-MX\"><o:p><font face=\"Times New Roman\">\u00a0<\/font><\/o:p><\/span><\/p>\n<p style=\"margin: 0cm 0cm 0pt; text-align: justify\" class=\"MsoNormal\"><span style=\"font-size: 14pt\" lang=\"ES-MX\"><\/span><\/p>\n<p style=\"margin: 0cm 0cm 0pt; text-align: justify\" class=\"MsoNormal\"><span style=\"font-size: 14pt\" lang=\"ES-MX\"><\/span><\/p>\n<p><span style=\"font-size: 14pt\" lang=\"ES-MX\"><font face=\"Times New Roman\">Para 1927 el famoso pintor Dr. Atl la califico de ultrabarroca, mientras en 1931 Manuel Tussaint habla de un templo bello, homog\u00e9neo, airoso, ligero, con cierta influencia chinesca en los remates de las torres, cuya talla es tan fina que parece de madera de s\u00e1ndalo o marfil.<o:p><\/o:p><\/font><\/span><span style=\"font-size: 14pt\" lang=\"ES-MX\"><o:p><font face=\"Times New Roman\">\u00a0<\/font><\/o:p><\/span><\/p>\n<p style=\"margin: 0cm 0cm 0pt; text-align: justify\" class=\"MsoNormal\"><span style=\"font-size: 14pt\" lang=\"ES-MX\"><\/span><\/p>\n<p style=\"margin: 0cm 0cm 0pt; text-align: justify\" class=\"MsoNormal\"><span style=\"font-size: 14pt\" lang=\"ES-MX\"><\/span><\/p>\n<p><span style=\"font-size: 14pt\" lang=\"ES-MX\"><font face=\"Times New Roman\">Para 1951 Joseph A. Baird se aboca a analizar las formas y concepciones de los retablos.<o:p><\/o:p><\/font><\/span><span style=\"font-size: 14pt\" lang=\"ES-MX\"><o:p><font face=\"Times New Roman\">\u00a0<\/font><\/o:p><\/span><\/p>\n<p style=\"margin: 0cm 0cm 0pt; text-align: justify\" class=\"MsoNormal\"><span style=\"font-size: 14pt\" lang=\"ES-MX\"><\/span><\/p>\n<p style=\"margin: 0cm 0cm 0pt; text-align: justify\" class=\"MsoNormal\"><span style=\"font-size: 14pt\" lang=\"ES-MX\"><\/span><\/p>\n<p><span style=\"font-size: 14pt\" lang=\"ES-MX\"><font face=\"Times New Roman\">\u201c Los retablos del \u00e1bside y cruceros son desde el punto de vista de su composici\u00f3n diferente a los de la nave&#8230; lo notable acerca de los retablos de Santa Prisca y San Sebasti\u00e1n de Taxco, es la precoz presentaci\u00f3n de direcciones&#8230;\u201d.<o:p><\/o:p><\/font><\/span><span style=\"font-size: 14pt\" lang=\"ES-MX\"><o:p><font face=\"Times New Roman\">\u00a0<\/font><\/o:p><\/span><\/p>\n<p style=\"margin: 0cm 0cm 0pt; text-align: justify\" class=\"MsoNormal\"><span style=\"font-size: 14pt\" lang=\"ES-MX\"><\/span><\/p>\n<p style=\"margin: 0cm 0cm 0pt; text-align: justify\" class=\"MsoNormal\"><span style=\"font-size: 14pt\" lang=\"ES-MX\"><\/span><\/p>\n<p><span style=\"font-size: 14pt\" lang=\"ES-MX\"><font face=\"Times New Roman\">Ese mismo a\u00f1o P\u00e0l Kelemen encuentra semejanza del templo de Santa Prisca y San Sebasti\u00e1n con las iglesias mineras de Brasil ( \u00bf). Mientras en 1958 Justino Fern\u00e1ndez opina:<o:p><\/o:p><\/font><\/span><span style=\"font-size: 14pt\" lang=\"ES-MX\"><o:p><font face=\"Times New Roman\">\u00a0<\/font><\/o:p><\/span><\/p>\n<p style=\"margin: 0cm 0cm 0pt; text-align: justify\" class=\"MsoNormal\"><span style=\"font-size: 14pt\" lang=\"ES-MX\"><\/span><\/p>\n<p style=\"margin: 0cm 0cm 0pt; text-align: justify\" class=\"MsoNormal\"><span style=\"font-size: 14pt\" lang=\"ES-MX\"><\/span><\/p>\n<p><span style=\"font-size: 14pt\" lang=\"ES-MX\"><font face=\"Times New Roman\">\u201c Se destaca como una joya&#8230; por su compilaci\u00f3n y riqueza, es ultrabarroca sin utilizar est\u00ecpites churriguerezcos&#8230; es una obra maestra&#8230;\u201d.<o:p><\/o:p><\/font><\/span><span style=\"font-size: 14pt\" lang=\"ES-MX\"><o:p><font face=\"Times New Roman\">\u00a0<\/font><\/o:p><\/span><\/p>\n<p style=\"margin: 0cm 0cm 0pt; text-align: justify\" class=\"MsoNormal\"><span style=\"font-size: 14pt\" lang=\"ES-MX\"><\/span><\/p>\n<p style=\"margin: 0cm 0cm 0pt; text-align: justify\" class=\"MsoNormal\"><span style=\"font-size: 14pt\" lang=\"ES-MX\"><\/span><\/p>\n<p><span style=\"font-size: 14pt\" lang=\"ES-MX\"><font face=\"Times New Roman\">Tambi\u00e9n hablan de ella en 1959 Kubler y Mart\u00edn Soria, Pedro Rojas lo hace en 1963 y Jaime Castrej\u00f2n en 1964.<o:p><\/o:p><\/font><\/span><span style=\"font-size: 14pt\" lang=\"ES-MX\"><o:p><font face=\"Times New Roman\">\u00a0<\/font><\/o:p><\/span><\/p>\n<p style=\"margin: 0cm 0cm 0pt; text-align: justify\" class=\"MsoNormal\"><span style=\"font-size: 14pt\" lang=\"ES-MX\"><\/span><\/p>\n<p style=\"margin: 0cm 0cm 0pt; text-align: justify\" class=\"MsoNormal\"><span style=\"font-size: 14pt\" lang=\"ES-MX\"><\/span><\/p>\n<p><span style=\"font-size: 14pt\" lang=\"ES-MX\"><font face=\"Times New Roman\">Santiago Sosa Gallardo se\u00f1ala. \u201c De gran prestancia barroca y profusamente ornamentada, la iglesia de Santa Prisca&#8230;\u201d mientras que Leopoldo Castedo afirma que es una obra mestiza con conceptos ind\u00edgenas, una obra diferenciada, con lo que no est\u00e1n de acuerdo muchos autores, pero les recuerdo que indios y mestizos fueron sus constructores. 16 estudios se hicieron desde <st1:metricconverter ProductID=\"1908 a\" w:st=\"on\">1908 a<\/st1:metricconverter> 1971 en que sale a la luz la gran obra definitoria de Elisa Vargas Lugo sobre este hermoso tema, Santa Prisca y San Sebasti\u00e1n en Taxco.<o:p><\/o:p><\/font><\/span><span style=\"font-size: 14pt\" lang=\"ES-MX\"><o:p><font face=\"Times New Roman\">\u00a0<\/font><\/o:p><\/span><\/p>\n<p style=\"margin: 0cm 0cm 0pt; text-align: justify\" class=\"MsoNormal\"><span style=\"font-size: 14pt\" lang=\"ES-MX\"><\/span><\/p>\n<p style=\"margin: 0cm 0cm 0pt; text-align: justify\" class=\"MsoNormal\"><span style=\"font-size: 14pt\" lang=\"ES-MX\"><\/span><\/p>\n<p><span style=\"font-size: 14pt\" lang=\"ES-MX\"><font face=\"Times New Roman\">\u201c El barroco novo hispano, dice Octavio Paz, dej\u00f2 obras notables y que se cuentan entre las mejores de esa tendencia en todo el mundo. Me refiero a la poes\u00eda, la arquitectura y al exquisito arte del retablo, que al\u00eda el volumen, el color y la luz a la sombra\u201d.<o:p><\/o:p><\/font><\/span><span style=\"font-size: 14pt\" lang=\"ES-MX\"><o:p><font face=\"Times New Roman\">\u00a0<\/font><\/o:p><\/span><\/p>\n<p style=\"margin: 0cm 0cm 0pt; text-align: justify\" class=\"MsoNormal\"><span style=\"font-size: 14pt\" lang=\"ES-MX\"><\/span><\/p>\n<p style=\"margin: 0cm 0cm 0pt; text-align: justify\" class=\"MsoNormal\"><span style=\"font-size: 14pt\" lang=\"ES-MX\"><\/span><\/p>\n<p><span style=\"font-size: 14pt\" lang=\"ES-MX\"><font face=\"Times New Roman\">Las palabras de Luis Ort\u00ecz Macedo dicen: \u201c El claroscuro que matiza el interior del templo var\u00eda de acuerdo a las diferentes horas del d\u00eda, dependiendo de los diversos acentos con que la luz act\u00faa sobre los espacios, transformando constantemente la pujanza de las vibraciones y ritmos formales que construyen su ornamentaci\u00f3n integral. A cada cambio de luz y sus modulaciones, la afecci\u00f3n por lo sublime y lo supraterreno se va dando de manera diversa, en cuyo recinto se acent\u00faa la penetraci\u00f3n de la luz por los amplios ventanales\u201d.<o:p><\/o:p><\/font><\/span><span style=\"font-size: 14pt\" lang=\"ES-MX\"><o:p><font face=\"Times New Roman\">\u00a0<\/font><\/o:p><\/span><\/p>\n<p style=\"margin: 0cm 0cm 0pt; text-align: justify\" class=\"MsoNormal\"><span style=\"font-size: 14pt\" lang=\"ES-MX\"><\/span><\/p>\n<p style=\"margin: 0cm 0cm 0pt; text-align: justify\" class=\"MsoNormal\"><span style=\"font-size: 14pt\" lang=\"ES-MX\"><\/span><\/p>\n<p><span style=\"font-size: 14pt\" lang=\"ES-MX\"><font face=\"Times New Roman\">Taxco, antiguo Tetalcingo all\u00e1 por 1529, luego Mineral de Taxco en 1570, Taxco habitado por Tlahuicas, que a la llegada del espa\u00f1ol fueron llevados a las minas. Formaron sus barrios como el de Tlachcotecapan, en honor a su antiguo pueblo del juego de pelota, cercano a tan solo <st1:metricconverter ProductID=\"12 kil?metros\" w:st=\"on\">12 kil\u00f3metros<\/st1:metricconverter> del actual; el barrio de Acayotla, rebautizado por el espa\u00f1ol como San Miguel y el barrio de Guadalupe, este pueblo antiguo tributario de los Mexicas es ahora de <st1:personname ProductID=\"la Espa?a\" w:st=\"on\">la Espa\u00f1a<\/st1:personname> europea y levanta aun as\u00ed el suntuoso templo a Santa Prisca y San Sebasti\u00e1n, en hermoso sincretismo.<o:p><\/o:p><\/font><\/span><span style=\"font-size: 14pt\" lang=\"ES-MX\"><o:p><font face=\"Times New Roman\">\u00a0<\/font><\/o:p><\/span><\/p>\n<p style=\"margin: 0cm 0cm 0pt; text-align: justify\" class=\"MsoNormal\"><span style=\"font-size: 14pt\" lang=\"ES-MX\"><\/span><\/p>\n<p style=\"margin: 0cm 0cm 0pt; text-align: justify\" class=\"MsoNormal\"><span style=\"font-size: 14pt\" lang=\"ES-MX\"><\/span><\/p>\n<p><span style=\"font-size: 14pt\" lang=\"ES-MX\"><font face=\"Times New Roman\">Manuel Tussaint dice por otro lado: \u201c El atrio se halla limitado por dos monumentos, uno esbelto a San Miguel Arc\u00e1ngel y el otro es una cruz esquinada en un \u00e1ngulo de 45 grados. La fachada nos muestra un bello ordenamiento barroco. Dos cuerpos y un remate, la encuadran columnas geminadas, lisas las bajas, salom\u00f3nicas las superiores&#8230; medall\u00f3n ovalado&#8230; el bautismo de Cristo. El remate con una columna coronada por una concha y dos escudos a los lados. El reloj con <st1:personname ProductID=\"la Virgen\" w:st=\"on\">la Virgen<\/st1:personname> y dos evangelistas, los marianos,&#8230; sobre la b\u00f3veda bellos remates piramidales&#8230; las torres&#8230; distintas de cuanta torre colonial existe&#8230; parecen dos emociones, temblorosas concrecionadas en piedra\u201d.<o:p><\/o:p><\/font><\/span><span style=\"font-size: 14pt\" lang=\"ES-MX\"><o:p><font face=\"Times New Roman\">\u00a0<\/font><\/o:p><\/span><\/p>\n<p style=\"margin: 0cm 0cm 0pt; text-align: justify\" class=\"MsoNormal\"><span style=\"font-size: 14pt\" lang=\"ES-MX\"><\/span><\/p>\n<p style=\"margin: 0cm 0cm 0pt; text-align: justify\" class=\"MsoNormal\"><span style=\"font-size: 14pt\" lang=\"ES-MX\"><\/span><\/p>\n<p><span style=\"font-size: 14pt\" lang=\"ES-MX\"><font face=\"Times New Roman\">Son los criollos adinerados quienes patrocinan las grandes construcciones en <st1:personname ProductID=\"la Nueva Espa?a.\" w:st=\"on\">la Nueva Espa\u00f1a.<\/st1:personname> Mientras Octavio Paz opina: \u201c La obra barroca es un mundo de contrastes, pero es un mundo. Este amor a lo particular y la voluntad de insertarlo a un conjunto m\u00e1s basto no pod\u00eda sino impresionar y atraer a los<span>\u00a0 <\/span>criollos. En cierto modo el barroco era una respuesta a su ansiedad existencial. \u00bfC\u00f3mo no reconocerse en el apetito literalmente cat\u00f3lico de este estilo?.\u201d<o:p><\/o:p><\/font><\/span><span style=\"font-size: 14pt\" lang=\"ES-MX\"><o:p><font face=\"Times New Roman\">\u00a0<\/font><\/o:p><\/span><\/p>\n<p style=\"margin: 0cm 0cm 0pt; text-align: justify\" class=\"MsoNormal\"><span style=\"font-size: 14pt\" lang=\"ES-MX\"><\/span><\/p>\n<p style=\"margin: 0cm 0cm 0pt; text-align: justify\" class=\"MsoNormal\"><span style=\"font-size: 14pt\" lang=\"ES-MX\"><\/span><\/p>\n<p><span style=\"font-size: 14pt\" lang=\"ES-MX\"><font face=\"Times New Roman\">Por su lado Elisa Vargas Lugo habla as\u00ed: \u201cLos retablos del sotocoro y de la nave, son an\u00e0stilos, es decir que sustentan su estructura mediante columnas, en este caso sustituidas por pilastras peana, en cambio en los laterales del crucero surgen poderosas las pilastras est\u00ecpite en ambos registros con todo y sus componentes, -peana, fuste piramidal invertido, modulaciones, cubo y capitel de linaje corintio- cobijados bajo el enorme remate que avanza sobre la superficie de la b\u00f3veda en deslumbrante proyecci\u00f3n. En el retablo mayor los est\u00ecpites tienen tal cantidad de ornamentos que casi no se reconocen y los remates presentan novedosas soluciones caracter\u00edsticas de los avances de la din\u00e1mica barroca en la segunda mitad del siglo XVlll\u201d. <o:p><\/o:p><\/font><\/span><span style=\"font-size: 14pt\" lang=\"ES-MX\"><o:p><font face=\"Times New Roman\">\u00a0<\/font><\/o:p><\/span><\/p>\n<p style=\"margin: 0cm 0cm 0pt; text-align: justify\" class=\"MsoNormal\"><span style=\"font-size: 14pt\" lang=\"ES-MX\"><\/span><\/p>\n<p style=\"margin: 0cm 0cm 0pt; text-align: justify\" class=\"MsoNormal\"><span style=\"font-size: 14pt\" lang=\"ES-MX\"><\/span><\/p>\n<p><span style=\"font-size: 14pt\" lang=\"ES-MX\"><font face=\"Times New Roman\">\u201c R\u00f2leos follajes abultados, conchas, guirnaldas y querubines, en audaces actitudes aparecen por todos lados\u201d. Es Balb\u00e0s quien habla.<o:p><\/o:p><\/font><\/span><span style=\"font-size: 14pt\" lang=\"ES-MX\"><o:p><font face=\"Times New Roman\">\u00a0<\/font><\/o:p><\/span><\/p>\n<p style=\"margin: 0cm 0cm 0pt; text-align: justify\" class=\"MsoNormal\"><span style=\"font-size: 14pt\" lang=\"ES-MX\"><\/span><\/p>\n<p style=\"margin: 0cm 0cm 0pt; text-align: justify\" class=\"MsoNormal\"><span style=\"font-size: 14pt\" lang=\"ES-MX\"><\/span><\/p>\n<p><span style=\"font-size: 14pt\" lang=\"ES-MX\"><font face=\"Times New Roman\">Entrando al templo, del lado izquierdo se topa con San Isidro, San Jorge, San Vital, San Roque, en medall\u00f3n esta San Antonio Abad. En el lado derecho: Santa Lucia, Santa Barbara, Santa Catarina, Santa Ursula, y en medall\u00f3n Santa In\u00e9s.<o:p><\/o:p><\/font><\/span><span style=\"font-size: 14pt\" lang=\"ES-MX\"><o:p><font face=\"Times New Roman\">\u00a0<\/font><\/o:p><\/span><\/p>\n<p style=\"margin: 0cm 0cm 0pt; text-align: justify\" class=\"MsoNormal\"><span style=\"font-size: 14pt\" lang=\"ES-MX\"><\/span><\/p>\n<p style=\"margin: 0cm 0cm 0pt; text-align: justify\" class=\"MsoNormal\"><span style=\"font-size: 14pt\" lang=\"ES-MX\"><\/span><\/p>\n<p><span style=\"font-size: 14pt\" lang=\"ES-MX\"><font face=\"Times New Roman\">Los dos altares del sotocoro donde encontramos este desfile de santos en sus respectivos retablos, tienen cuatro \u00e1ngeles cada uno, unos con r\u00f2leos, otros con palmas de martirio, seis querubines en cada lado, las puertas laterales en rojo, dando la impresi\u00f3n de iniciar la gloria, son los santos laicos llevados a la gloria, son los nuevos \u00eddolos de estas tierras. Una vestal y un campesino presiden los altares respectivos.<o:p><\/o:p><\/font><\/span><span style=\"font-size: 14pt\" lang=\"ES-MX\"><o:p><font face=\"Times New Roman\">\u00a0<\/font><\/o:p><\/span><\/p>\n<p style=\"margin: 0cm 0cm 0pt; text-align: justify\" class=\"MsoNormal\"><span style=\"font-size: 14pt\" lang=\"ES-MX\"><\/span><\/p>\n<p style=\"margin: 0cm 0cm 0pt; text-align: justify\" class=\"MsoNormal\"><span style=\"font-size: 14pt\" lang=\"ES-MX\"><\/span><\/p>\n<p><span style=\"font-size: 14pt\" lang=\"ES-MX\"><font face=\"Times New Roman\">La belleza de la cantera almohadillada contiene los altares de inicio de la nave, a la izquierda San Juan Nepomuceno, San Lorenzo levita, San Pedro Arbues, San F\u00e9lix, San Vicente de Paul, San Francisco de Borja, San Francisco Javier, San Pedro Canisio, es el conjunto la exaltaci\u00f3n del sacerdocio. Preside el retablo el santo de la buena fama, hay en \u00e9l cuatro \u00e1ngeles, doce querubines, dos medallones al \u00f3leo, en este altar la concha aparece toda llena de gracia<o:p><\/o:p><\/font><\/span><span style=\"font-size: 14pt\" lang=\"ES-MX\"><o:p><font face=\"Times New Roman\">\u00a0<\/font><\/o:p><\/span><\/p>\n<p style=\"margin: 0cm 0cm 0pt; text-align: justify\" class=\"MsoNormal\"><span style=\"font-size: 14pt\" lang=\"ES-MX\"><\/span><\/p>\n<p style=\"margin: 0cm 0cm 0pt; text-align: justify\" class=\"MsoNormal\"><span style=\"font-size: 14pt\" lang=\"ES-MX\"><\/span><\/p>\n<p><span style=\"font-size: 14pt\" lang=\"ES-MX\"><font face=\"Times New Roman\">A la derecha los siete arc\u00e1ngeles, los enviados del Se\u00f1or: San Miguel, San Rafael y San Gabriel dan inicio al retablo en lo mas alto, le siguen cuatro mas, en medio doce querubines y cuatro \u00e1ngeles. La patrona de Espa\u00f1a y de Zaragoza <st1:personname ProductID=\"la Virgen\" w:st=\"on\">la Virgen<\/st1:personname> del Pilar al centro. Dos arc\u00e1ngeles del lado de <st1:personname ProductID=\"la Virgen\" w:st=\"on\">la Virgen<\/st1:personname> sostienen el sol y <st1:personname ProductID=\"la Luna\" w:st=\"on\">la Luna<\/st1:personname>, s\u00edmbolos del bien y del mal, se\u00f1ores de la dualidad, los s\u00edmbolos mesoamericanos en cobro a su trabajo de artistas pl\u00e1sticos, son los dioses escondidos detr\u00e1s de los altares, es la resistencia.<o:p><\/o:p><\/font><\/span><span style=\"font-size: 14pt\" lang=\"ES-MX\"><o:p><font face=\"Times New Roman\">\u00a0<\/font><\/o:p><\/span><\/p>\n<p style=\"margin: 0cm 0cm 0pt; text-align: justify\" class=\"MsoNormal\"><span style=\"font-size: 14pt\" lang=\"ES-MX\"><\/span><\/p>\n<p style=\"margin: 0cm 0cm 0pt; text-align: justify\" class=\"MsoNormal\"><span style=\"font-size: 14pt\" lang=\"ES-MX\"><\/span><\/p>\n<p><span style=\"font-size: 14pt\" lang=\"ES-MX\"><font face=\"Times New Roman\">Viene la puerta lateral y la entrada a la capilla de indios o naturales. Donde dos \u00f3leos gigantes presiden la entrada, son los martirios tanto del joven guerrero San Sebasti\u00e1n y el de la doncella hermosa santa Lucia, patronos del templo, recuerdo del sacrificio humano mesoamericano, gran analog\u00eda con la cosmovisi\u00f2n ind\u00edgena, como si fuera solamente coincidencia o incidencia de trescientos a\u00f1os de convivencia entre mesoamericanos y europeos.<o:p><\/o:p><\/font><\/span><span style=\"font-size: 14pt\" lang=\"ES-MX\"><o:p><font face=\"Times New Roman\">\u00a0<\/font><\/o:p><\/span><\/p>\n<p style=\"margin: 0cm 0cm 0pt; text-align: justify\" class=\"MsoNormal\"><span style=\"font-size: 14pt\" lang=\"ES-MX\"><\/span><\/p>\n<p style=\"margin: 0cm 0cm 0pt; text-align: justify\" class=\"MsoNormal\"><span style=\"font-size: 14pt\" lang=\"ES-MX\"><\/span><\/p>\n<p><span style=\"font-size: 14pt\" lang=\"ES-MX\"><font face=\"Times New Roman\">Manuel Tussaint dice: \u201c Los retablos deslumbran en una tempestad de oro fino&#8230; recreo en los huecos de las entrecalles&#8230; volutas&#8230; repisones y m\u00e9nsulas&#8230; nichos&#8230; fantas\u00eda humana llevada al paroxismo&#8230; piedad exaltada a lo sublime&#8230; la magnitud dando coraz\u00f3n al oro&#8230; la obsesi\u00f3n de la concha&#8230; b\u00f3vedas sostenidas por arcos suntuosos&#8230; retablos llenando los huecos de los arcos&#8230;\u201d.<o:p><\/o:p><\/font><\/span><span style=\"font-size: 14pt\" lang=\"ES-MX\"><o:p><font face=\"Times New Roman\">\u00a0<\/font><\/o:p><\/span><\/p>\n<p style=\"margin: 0cm 0cm 0pt; text-align: justify\" class=\"MsoNormal\"><span style=\"font-size: 14pt\" lang=\"ES-MX\"><\/span><\/p>\n<p style=\"margin: 0cm 0cm 0pt; text-align: justify\" class=\"MsoNormal\"><span style=\"font-size: 14pt\" lang=\"ES-MX\"><\/span><\/p>\n<p><span style=\"font-size: 14pt\" lang=\"ES-MX\"><font face=\"Times New Roman\">La capilla de la animas o de los naturales, que se encuentra a la mitad de la nave y a su entrada se topa con el retablo principal, tipicamente churrigueresco, con un solo cuerpo coronado con un remate, todo en rojo y oro.<o:p><\/o:p><\/font><\/span><span style=\"font-size: 14pt\" lang=\"ES-MX\"><o:p><font face=\"Times New Roman\">\u00a0<\/font><\/o:p><\/span><\/p>\n<p style=\"margin: 0cm 0cm 0pt; text-align: justify\" class=\"MsoNormal\"><span style=\"font-size: 14pt\" lang=\"ES-MX\"><\/span><\/p>\n<p style=\"margin: 0cm 0cm 0pt; text-align: justify\" class=\"MsoNormal\"><span style=\"font-size: 14pt\" lang=\"ES-MX\"><\/span><\/p>\n<p><span style=\"font-size: 14pt\" lang=\"ES-MX\"><font face=\"Times New Roman\">Sus est\u00ecpites se elevean sobre peanas, por los lados chorrean granadas y follaje, donde Cabrera pinta la concepci\u00f3n mesoamericana de la vida y la muerte en un medall\u00f3n donde <st1:personname ProductID=\"la Trinidad\" w:st=\"on\">la Trinidad<\/st1:personname> y <st1:personname ProductID=\"la Animas\" w:st=\"on\">la Animas<\/st1:personname> son sacadas del sufrimiento en un impresionante sincretismo. Solo en esta capilla pod\u00eda caber el homenaje a los antepasados y el concepto ind\u00edgena de la muerte.<o:p><\/o:p><\/font><\/span><span style=\"font-size: 14pt\" lang=\"ES-MX\"><o:p><font face=\"Times New Roman\">\u00a0<\/font><\/o:p><\/span><\/p>\n<p style=\"margin: 0cm 0cm 0pt; text-align: justify\" class=\"MsoBodyText3\"><span lang=\"ES-MX\"><\/span><\/p>\n<p style=\"margin: 0cm 0cm 0pt; text-align: justify\" class=\"MsoBodyText3\"><span lang=\"ES-MX\"><\/span><\/p>\n<p style=\"margin: 0cm 0cm 0pt; text-align: justify\" class=\"MsoBodyText3\"><span lang=\"ES-MX\"><font size=\"5\" face=\"Times New Roman\">A<span>\u00a0 <\/span>los lados otros dos retablos el uno al \u201cPadre Jes\u00fas\u201d el otro a Mar\u00eda la madre de los dioses, el primero de dos cuerpos y remate. Al \u00f3leo un hermoso Cristo agonizante, dos pinturas mostrando la flagelaci\u00f3n y la coronaci\u00f3n de espinas, al centro Jes\u00fas con la cruz acuestas, Mar\u00eda y el Bautista en talla a los lados y a la izquierda en el remate <st1:personname ProductID=\"la Trinidad\" w:st=\"on\">la Trinidad<\/st1:personname> al \u00f3leo, lo mismo que <st1:personname ProductID=\"la Inmaculada\" w:st=\"on\">la Inmaculada<\/st1:personname>, dos tallas formando a San Joaqu\u00edn y Santa Ana, junto al manifestador las tres virtudes teologales: Fe, Esperanza y Caridad.<\/font><\/span><\/p>\n<p><span style=\"font-size: 14pt\" lang=\"ES-MX\"><o:p><font face=\"Times New Roman\">\u00a0<\/font><\/o:p><\/span><span style=\"font-size: 14pt\" lang=\"ES-MX\"><o:p><font face=\"Times New Roman\">\u00a0<\/font><\/o:p><\/span><span style=\"font-size: 14pt\" lang=\"ES-MX\"><o:p><font face=\"Times New Roman\">\u00a0<\/font><\/o:p><\/span><span style=\"font-size: 14pt\" lang=\"ES-MX\"><o:p><font face=\"Times New Roman\">\u00a0<\/font><\/o:p><\/span><\/p>\n","protected":false},"excerpt":{"rendered":"<p>\u00a0\u00a0\u00a0\u00a0\u00a0\u00a0\u00a0\u00a0\u00a0\u00a0\u00a0\u00a0\u00a0\u00a0\u00a0\u00a0\u00a0\u00a0\u00a0\u00a0\u00a0\u00a0\u00a0\u00a0 Taxco, un templo \u00a0 \u00a0\u00a0\u00a0\u00a0\u00a0\u00a0\u00a0\u00a0\u00a0\u00a0\u00a0\u00a0\u00a0\u00a0\u00a0\u00a0\u00a0\u00a0\u00a0\u00a0\u00a0\u00a0\u00a0\u00a0\u00a0\u00a0\u00a0\u00a0\u00a0\u00a0\u00a0\u00a0\u00a0\u00a0\u00a0\u00a0\u00a0\u00a0\u00a0\u00a0\u00a0\u00a0\u00a0\u00a0\u00a0 \u00a0\u00a0\u00a0\u00a0\u00a0\u00a0\u00a0\u00a0\u00a0\u00a0\u00a0\u00a0\u00a0\u00a0\u00a0\u00a0\u00a0\u00a0\u00a0\u00a0\u00a0\u00a0\u00a0\u00a0\u00a0\u00a0\u00a0\u00a0\u00a0\u00a0\u00a0\u00a0\u00a0\u00a0\u00a0\u00a0 Santa Prisca \u00a0\u00a0Jos\u00e9 F\u00e9lix Zavala\u00a0 En el siglo XVlll, Jos\u00e9 De La Borda, el minero millonario, construyo para Taxco una de las iglesias m\u00e1s suntuosas de M\u00e9xico. Dice Aldous Huxley: \u201c La iglesia de Borda es una entrevesada obra de genio&#8230;\u201d y Sacheverell Sitwell dice: \u00a0\u201c Es la [&hellip;]<\/p>\n","protected":false},"author":249,"featured_media":0,"comment_status":"open","ping_status":"closed","sticky":false,"template":"","format":"standard","meta":{"footnotes":""},"categories":[11,9],"tags":[],"class_list":["post-930","post","type-post","status-publish","format-standard","hentry","category-fotografia","category-otros-lugares"],"_links":{"self":[{"href":"http:\/\/eloficiodehistoriar.com.mx\/index.php?rest_route=\/wp\/v2\/posts\/930","targetHints":{"allow":["GET"]}}],"collection":[{"href":"http:\/\/eloficiodehistoriar.com.mx\/index.php?rest_route=\/wp\/v2\/posts"}],"about":[{"href":"http:\/\/eloficiodehistoriar.com.mx\/index.php?rest_route=\/wp\/v2\/types\/post"}],"author":[{"embeddable":true,"href":"http:\/\/eloficiodehistoriar.com.mx\/index.php?rest_route=\/wp\/v2\/users\/249"}],"replies":[{"embeddable":true,"href":"http:\/\/eloficiodehistoriar.com.mx\/index.php?rest_route=%2Fwp%2Fv2%2Fcomments&post=930"}],"version-history":[{"count":0,"href":"http:\/\/eloficiodehistoriar.com.mx\/index.php?rest_route=\/wp\/v2\/posts\/930\/revisions"}],"wp:attachment":[{"href":"http:\/\/eloficiodehistoriar.com.mx\/index.php?rest_route=%2Fwp%2Fv2%2Fmedia&parent=930"}],"wp:term":[{"taxonomy":"category","embeddable":true,"href":"http:\/\/eloficiodehistoriar.com.mx\/index.php?rest_route=%2Fwp%2Fv2%2Fcategories&post=930"},{"taxonomy":"post_tag","embeddable":true,"href":"http:\/\/eloficiodehistoriar.com.mx\/index.php?rest_route=%2Fwp%2Fv2%2Ftags&post=930"}],"curies":[{"name":"wp","href":"https:\/\/api.w.org\/{rel}","templated":true}]}}