{"id":931,"date":"2008-08-03T07:50:51","date_gmt":"2008-08-03T12:50:51","guid":{"rendered":"https:\/\/eloficiodehistoriar.com.mx\/?p=931"},"modified":"2008-08-03T07:50:51","modified_gmt":"2008-08-03T12:50:51","slug":"la-valenciana-un-organo-un-templo-san-cayetano","status":"publish","type":"post","link":"http:\/\/eloficiodehistoriar.com.mx\/?p=931","title":{"rendered":"La Valenciana, un Organo, un templo: San Cayetano"},"content":{"rendered":"<p><img decoding=\"async\" src=\"http:\/\/ts3.images.live.com\/images\/thumbnail.aspx?q=1669908072022&amp;id=628e70a643ef18a404d37ab46a6df460\" alt=\"travesia1.jpg\" style=\"width: 87px; cursor: pointer; height: 160px\" title=\"travesia1.jpg\" class=\"img_thumb\" \/><img decoding=\"async\" src=\"http:\/\/ts1.images.live.com\/images\/thumbnail.aspx?q=2150626035748&amp;id=268bb82caaf6fa93a2ce9f253031f54c\" alt=\"ig_valenciana.jpg\" style=\"width: 115px; cursor: pointer; height: 160px\" title=\"ig_valenciana.jpg\" class=\"img_thumb\" \/><\/p>\n<h4 style=\"margin: 0cm 0cm 0pt\"><span lang=\"ES-MX\"><font size=\"7\"><font face=\"Times New Roman\"><span>\u00a0\u00a0\u00a0\u00a0\u00a0\u00a0\u00a0\u00a0\u00a0 <\/span><st1:personname ProductID=\"La Valenciana\" w:st=\"on\">La Valenciana<\/st1:personname><\/font><\/font><\/span><\/h4>\n<h4 style=\"margin: 0cm 0cm 0pt\"><span lang=\"ES-MX\"><font size=\"7\"><font face=\"Times New Roman\"><st1:personname ProductID=\"La Valenciana\" w:st=\"on\"><\/st1:personname><\/font><\/font><\/span>\u00a0<\/h4>\n<p><span lang=\"ES-MX\"><o:p><font size=\"2\" face=\"Times New Roman\">\u00a0<\/font><\/o:p><\/span><\/p>\n<h1 style=\"margin: 0cm 0cm 0pt\"><span style=\"font-size: 22pt\" lang=\"ES-MX\"><\/span><\/h1>\n<h1 style=\"margin: 0cm 0cm 0pt\"><span style=\"font-size: 22pt\" lang=\"ES-MX\"><\/span><\/h1>\n<h1 style=\"margin: 0cm 0cm 0pt\"><span style=\"font-size: 22pt\" lang=\"ES-MX\"><font face=\"Times New Roman\">Un \u00f3rgano, un coro, un templo<\/font><\/span><\/h1>\n<h1 style=\"margin: 0cm 0cm 0pt\"><span style=\"font-size: 22pt\" lang=\"ES-MX\"><\/span><\/h1>\n<h1 style=\"margin: 0cm 0cm 0pt\"><span style=\"font-size: 22pt\" lang=\"ES-MX\"><font face=\"Times New Roman\"><o:p>\u00a0<\/o:p><\/font><\/span><\/h1>\n<p style=\"margin: 0cm 0cm 0pt\" class=\"MsoNormal\"><span style=\"font-size: 22pt\" lang=\"ES-MX\"><\/span><\/p>\n<p style=\"margin: 0cm 0cm 0pt\" class=\"MsoNormal\"><span style=\"font-size: 22pt\" lang=\"ES-MX\"><\/span><\/p>\n<p><span style=\"font-size: 22pt\" lang=\"ES-MX\"><font face=\"Times New Roman\">San Cayetano<o:p><\/o:p><\/font><\/span><span style=\"font-size: 26pt\" lang=\"ES-MX\"><o:p><font face=\"Times New Roman\">\u00a0<\/font><\/o:p><\/span><strong><span style=\"font-size: 20pt\" lang=\"ES-MX\"><o:p><font face=\"Times New Roman\">\u00a0<\/font><\/o:p><\/span><\/strong><\/p>\n<p style=\"margin: 0cm 0cm 0pt\" class=\"MsoHeading8\"><span lang=\"ES-MX\"><strong><\/strong><\/span><\/p>\n<p style=\"margin: 0cm 0cm 0pt\" class=\"MsoHeading8\"><span lang=\"ES-MX\"><strong><font size=\"6\" face=\"Times New Roman\">Jos\u00e9 F\u00e9lix Zavala\u00a0<\/font><\/strong><\/span><\/p>\n<p style=\"margin: 0cm 0cm 0pt\" class=\"MsoHeading8\"><span lang=\"ES-MX\"><strong><\/strong><\/span><\/p>\n<p style=\"margin: 0cm 0cm 0pt\" class=\"MsoHeading8\"><span lang=\"ES-MX\"><strong><\/strong><\/span><\/p>\n<p style=\"margin: 0cm 0cm 0pt\" class=\"MsoHeading8\"><span lang=\"ES-MX\"><strong><\/strong><\/span><\/p>\n<p style=\"margin: 0cm 0cm 0pt\" class=\"MsoHeading8\"><span lang=\"ES-MX\"><strong><font size=\"6\" face=\"Times New Roman\">El Organo<\/font><\/strong><\/span><\/p>\n<p><span style=\"font-size: 14pt\" lang=\"ES-MX\"><o:p><font face=\"Times New Roman\">\u00a0<\/font><\/o:p><\/span><\/p>\n<p style=\"margin: 0cm 0cm 0pt; text-align: justify\" class=\"MsoBodyText\"><span lang=\"ES-MX\"><\/span><\/p>\n<p style=\"margin: 0cm 0cm 0pt; text-align: justify\" class=\"MsoBodyText\"><span lang=\"ES-MX\"><\/span><\/p>\n<p style=\"margin: 0cm 0cm 0pt; text-align: justify\" class=\"MsoBodyText\"><span lang=\"ES-MX\"><font size=\"5\" face=\"Times New Roman\">En la parte norte de la ciudad de Guanajuato, est\u00e1 el poblado minero de Valenciana, recostado a la mitad de la falda de una monta\u00f1a, tierra de barreteros. Su templo, s\u00edntesis de la historia de este lugar, se llama San Cayetano, su silueta se percibe de manera completa solo a lo lejos.<\/font><\/span><\/p>\n<p><span style=\"font-size: 14pt\" lang=\"ES-MX\"><o:p><font face=\"Times New Roman\">\u00a0<\/font><\/o:p><\/span><span style=\"font-size: 14pt\" lang=\"ES-MX\"><o:p><font face=\"Times New Roman\">\u00a0<\/font><\/o:p><\/span><\/p>\n<p style=\"margin: 0cm 0cm 0pt; text-align: justify\" class=\"MsoNormal\"><span style=\"font-size: 14pt\" lang=\"ES-MX\"><\/span><\/p>\n<p><span style=\"font-size: 14pt\" lang=\"ES-MX\"><font face=\"Times New Roman\">Este templo, fruto del arte mexicano, tiene un coro y en \u00e8l un \u00f3rgano, todo en armonioso conjunto. Ocupa la porci\u00f3n comprendida entre el pa\u00f1o interior del muro de la fachada y los laterales, hasta las primeras pilastras, su piso se asienta sobre una b\u00f3veda de ca\u00f1\u00f3n.<o:p><\/o:p><\/font><\/span><span style=\"font-size: 14pt\" lang=\"ES-MX\"><o:p><font face=\"Times New Roman\">\u00a0<\/font><\/o:p><\/span><\/p>\n<p style=\"margin: 0cm 0cm 0pt; text-align: justify\" class=\"MsoNormal\"><span style=\"font-size: 14pt\" lang=\"ES-MX\"><\/span><\/p>\n<p><span style=\"font-size: 14pt\" lang=\"ES-MX\"><font face=\"Times New Roman\">Lo enmarca un arco de cantera, con intrados tallados con \u00e1ngeles musicantes que llevan en sus manos: El uno la chirim\u00eca, otros trompetas, alguien el corno, violines, violas, flautas, campanas, salterios, mandola, gaita y algunos partitura, &#8211; solo para \u00f3rgano y orquesta -, acompa\u00f1amiento que el escultor quiso dar. En el mismo arco alargado, mascarones, querubines, vegetales y conchas. Todos participando, sin simetr\u00eda como corresponde al chirrigueresco mexicano.<o:p><\/o:p><\/font><\/span><span style=\"font-size: 14pt\" lang=\"ES-MX\"><o:p><font face=\"Times New Roman\">\u00a0<\/font><\/o:p><\/span><\/p>\n<p style=\"margin: 0cm 0cm 0pt; text-align: justify\" class=\"MsoNormal\"><span style=\"font-size: 14pt\" lang=\"ES-MX\"><\/span><\/p>\n<p><span style=\"font-size: 14pt\" lang=\"ES-MX\"><font face=\"Times New Roman\">En <st1:personname ProductID=\"la B?veda\" w:st=\"on\">la B\u00f3veda<\/st1:personname> de ca\u00f1\u00f3n, 16 \u00e1ngeles en grupos, intercalados con los lunetos, semejan cantores, las portadas de las puertas, tanto la que da acceso al cuarto de fuelles, como la de la entrada del coro y el ventanal que mira hacia Guanajuato, abunda la cantera, acojinamientos donde se esculpen \u00e1ngeles, conchas \u2013 significantes de la<span>\u00a0 <\/span>gracia \u2013 mascarones, cuernos de la abundancia, dando la oportunidad de que el esp\u00edritu llegue a Dios entre la m\u00fasica.<o:p><\/o:p><\/font><\/span><span style=\"font-size: 14pt\" lang=\"ES-MX\"><o:p><font face=\"Times New Roman\">\u00a0<\/font><\/o:p><\/span><\/p>\n<p style=\"margin: 0cm 0cm 0pt; text-align: justify\" class=\"MsoNormal\"><font face=\"Times New Roman\"><st1:personname ProductID=\"La Caja\" w:st=\"on\"><span style=\"font-size: 14pt\" lang=\"ES-MX\">\u00a0<\/span><\/st1:personname><\/font><\/p>\n<p><font face=\"Times New Roman\"><st1:personname ProductID=\"La Caja\" w:st=\"on\"><span style=\"font-size: 14pt\" lang=\"ES-MX\">La Caja<\/span><\/st1:personname><span style=\"font-size: 14pt\" lang=\"ES-MX\"> del \u00f3rgano \u2013 madera de cedro \u2013 solo en su parte superior manifiesta ornamentales con cascadas bambalinas y arriscados copetes, dijera Antonio Cortes, rivalizando con el esculpido de la piedra.<o:p><\/o:p><\/span><\/font><span style=\"font-size: 14pt\" lang=\"ES-MX\"><o:p><font face=\"Times New Roman\">\u00a0<\/font><\/o:p><\/span><span style=\"font-size: 14pt\" lang=\"ES-MX\"><o:p><font face=\"Times New Roman\">\u00a0<\/font><\/o:p><\/span><\/p>\n<p style=\"margin: 0cm 0cm 0pt; text-align: justify\" class=\"MsoNormal\"><span style=\"font-size: 14pt\" lang=\"ES-MX\"><\/span><\/p>\n<p><span style=\"font-size: 14pt\" lang=\"ES-MX\"><font face=\"Times New Roman\">El \u00f3rgano como todo el templo, es mexicano, cost\u00f2 mil doscientos pesos oro, 55 registros, trompetas, viol\u00edn, bajoncillos, clarines, tambores, cajas de ecos, flautados y llenos, entre otros; dos teclados, dos mil flautas \u2013 aleaci\u00f3n de plomo y esta\u00f1o -, leng\u00fcetas de lat\u00f3n, seis flautas grandes de madera. Los secretos se accionan con alambres de cobre. No tiene pedales.<o:p><\/o:p><\/font><\/span><span style=\"font-size: 14pt\" lang=\"ES-MX\"><o:p><font face=\"Times New Roman\">\u00a0<\/font><\/o:p><\/span><\/p>\n<p style=\"margin: 0cm 0cm 0pt; text-align: justify\" class=\"MsoNormal\"><span style=\"font-size: 14pt\" lang=\"ES-MX\"><\/span><\/p>\n<p><span style=\"font-size: 14pt\" lang=\"ES-MX\"><font face=\"Times New Roman\">Este lugar de <st1:personname ProductID=\"La Valenciana\" w:st=\"on\">la Valenciana<\/st1:personname>, &#8211; pueblo, mina, templo -, logra su cometido y defiende la elegancia del siglo XVlll, su \u00e9poca.<o:p><\/o:p><\/font><\/span><span style=\"font-size: 14pt\" lang=\"ES-MX\"><o:p><font face=\"Times New Roman\">\u00a0<\/font><\/o:p><\/span><\/p>\n<p style=\"margin: 0cm 0cm 0pt; text-align: justify\" class=\"MsoNormal\"><span style=\"font-size: 14pt\" lang=\"ES-MX\"><\/span><\/p>\n<p><span style=\"font-size: 14pt\" lang=\"ES-MX\"><font face=\"Times New Roman\">A <st1:metricconverter ProductID=\"5 kil?metros\" w:st=\"on\">5 kil\u00f3metros<\/st1:metricconverter> de distancia de Guanajuato, junto a la boca de mina de los tiros: Tepeyac, San Antonio, San Jos\u00e9, San Ram\u00f3n, Guadalupe, Cristo de Burgos, podemos a\u00f1orar la ma\u00f1ana del 26 de julio de l887 cuando son\u00f3 el \u00f3rgano para el cantamisa de Jos\u00e9 Alvarez, los cambios de organista, sucedidos<span>\u00a0 <\/span>un 24 de julio de 1890 y un 9 de agosto de 1899, consta en inscripciones hechas en la caja<span>\u00a0 <\/span>junto a los registros.<o:p><\/o:p><\/font><\/span><span style=\"font-size: 14pt\" lang=\"ES-MX\"><o:p><font face=\"Times New Roman\">\u00a0<\/font><\/o:p><\/span><span style=\"font-size: 14pt\" lang=\"ES-MX\"><o:p><font face=\"Times New Roman\">\u00a0<\/font><\/o:p><\/span><\/p>\n<p style=\"margin: 0cm 0cm 0pt; text-align: justify\" class=\"MsoNormal\"><span style=\"font-size: 14pt\" lang=\"ES-MX\"><\/span><\/p>\n<p><span style=\"font-size: 14pt\" lang=\"ES-MX\"><font face=\"Times New Roman\">Organo de doble teclado, cuatro fuelles, cincuenta misturas, coro de Arco orquestado, b\u00f3veda de \u00e1ngeles cantores, portadas barrocas. Es un templo mexicano, es <st1:personname ProductID=\"La Valenciana.\" w:st=\"on\">La Valenciana.<\/st1:personname><o:p><\/o:p><\/font><\/span><span style=\"font-size: 14pt\" lang=\"ES-MX\"><o:p><font face=\"Times New Roman\">\u00a0<\/font><\/o:p><\/span><span style=\"font-size: 14pt\" lang=\"ES-MX\"><o:p><font face=\"Times New Roman\">\u00a0<\/font><\/o:p><\/span><span style=\"font-size: 20pt\" lang=\"ES-MX\"><o:p><font face=\"Times New Roman\">\u00a0<\/font><\/o:p><\/span><\/p>\n<h5 style=\"margin: 0cm 0cm 0pt\"><span style=\"font-size: 20pt\" lang=\"ES-MX\"><\/span><\/h5>\n<h5 style=\"margin: 0cm 0cm 0pt\"><span style=\"font-size: 20pt\" lang=\"ES-MX\"><font face=\"Times New Roman\">Guanajuato<o:p><\/o:p><\/font><\/span><\/h5>\n<p><span lang=\"ES-MX\"><o:p><font size=\"2\" face=\"Times New Roman\">\u00a0<\/font><\/o:p><\/span><span lang=\"ES-MX\"><o:p><font size=\"2\" face=\"Times New Roman\">\u00a0<\/font><\/o:p><\/span><span lang=\"ES-MX\"><o:p><font size=\"2\" face=\"Times New Roman\">\u00a0<\/font><\/o:p><\/span><span style=\"font-size: 14pt\" lang=\"ES-MX\"><font face=\"Times New Roman\">Llegar de pronto a Santa Fe de Guanajuato, Ciudad ca\u00f1ada,<span>\u00a0 <\/span>que del Cantador sigue sin plan alguno, desliz\u00e0ndose entre callejones, Cantaritos, El Resbal\u00f3n, otros barrios y rumbos, formando un verdadero laberinto, es un sue\u00f1o.<o:p><\/o:p><\/font><\/span><span style=\"font-size: 14pt\" lang=\"ES-MX\"><o:p><font face=\"Times New Roman\">\u00a0<\/font><\/o:p><\/span><\/p>\n<p style=\"margin: 0cm 0cm 0pt; text-align: justify\" class=\"MsoNormal\"><span style=\"font-size: 14pt\" lang=\"ES-MX\"><\/span><\/p>\n<p><span style=\"font-size: 14pt\" lang=\"ES-MX\"><font face=\"Times New Roman\">Mis primeros pasos por Guanajuato han sido sus or\u00edgenes, todos coinciden en esa gran leyenda, arrieros que tropezaron con oro, y que dieran vida a esta ciudad minera, crecida sobre dos pendientes, donde forman \u00e1ngulo Tamazuca y <st1:personname ProductID=\"La Quebradita\" w:st=\"on\">La Quebradita<\/st1:personname>, en la falda del cerro del Cuarto, Buqueros, Rosarito, Robles, Buena Vista.<o:p><\/o:p><\/font><\/span><span style=\"font-size: 14pt\" lang=\"ES-MX\"><o:p><font face=\"Times New Roman\">\u00a0<\/font><\/o:p><\/span><\/p>\n<p style=\"margin: 0cm 0cm 0pt; text-align: justify\" class=\"MsoNormal\"><span style=\"font-size: 14pt\" lang=\"ES-MX\"><\/span><\/p>\n<p><span style=\"font-size: 14pt\" lang=\"ES-MX\"><font face=\"Times New Roman\">Me he topado con sorpresa con las fachadas barrocas y churriguerescas de los templos de Cata, San Diego y Valenciana, admirando con veneraci\u00f3n la imagen de Nuestra Se\u00f1ora de Guanajuato, &#8211; regalo real \u2013 adem\u00e1s de escuchar por las tardes, &#8211; jueves y domingos \u2013 la banda de m\u00fasica en el Jard\u00edn de <st1:personname ProductID=\"la Uni?n\" w:st=\"on\">la Uni\u00f3n<\/st1:personname>,<span>\u00a0 <\/span>y en <st1:personname ProductID=\"la Plaza\" w:st=\"on\">la Plaza<\/st1:personname> del Baratillo y San Fernando, ver pasar el tiempo y su gente.<o:p><\/o:p><\/font><\/span><span style=\"font-size: 14pt\" lang=\"ES-MX\"><o:p><font face=\"Times New Roman\">\u00a0<\/font><\/o:p><\/span><\/p>\n<p style=\"margin: 0cm 0cm 0pt; text-align: justify\" class=\"MsoNormal\"><span style=\"font-size: 14pt\" lang=\"ES-MX\"><\/span><\/p>\n<p><span style=\"font-size: 14pt\" lang=\"ES-MX\"><font face=\"Times New Roman\">De Rayas, Mellado, Cata, Valenciana y Marfil, de 33 Cuarteles, brota Guanajuato. De entre Otom\u00eces, Nahuas, Mexicanos y Tarascos, nace, por el rumbo del templo<span>\u00a0 <\/span>de los Hospitales y es adoctrinado, este pueblo,<span>\u00a0 <\/span>por Fray Pedro de Bustamante, Fray Ignacio P\u00e0ez<span>\u00a0 <\/span>y Fray Jos\u00e9 Rodr\u00edguez; Regida por primera vez por Peraf\u00e0n de Rivera y se extend\u00eda la poblaci\u00f3n de Bel\u00e9n a San Diego, por aquellos d\u00edas<span>\u00a0 <\/span>en que Carlos ll la nombra Villa de Santa Fe y Real de Minas de Guanajuato, un 5 de junio de 1682.<o:p><\/o:p><\/font><\/span><span style=\"font-size: 14pt\" lang=\"ES-MX\"><o:p><font face=\"Times New Roman\">\u00a0<\/font><\/o:p><\/span><\/p>\n<p style=\"margin: 0cm 0cm 0pt; text-align: justify\" class=\"MsoNormal\"><span style=\"font-size: 14pt\" lang=\"ES-MX\"><\/span><\/p>\n<p><span style=\"font-size: 14pt\" lang=\"ES-MX\"><font face=\"Times New Roman\">Tierra de Marqueses y Condes, de Dieguinos, Betlemitas, Mercedarios y Jesuitas; De Barreteros y Artesanos de San Luisito; de Plazuelas del Ropero, del Callej\u00f3n de Loreto y la calle de Matavacas.<o:p><\/o:p><\/font><\/span><span style=\"font-size: 14pt\" lang=\"ES-MX\"><o:p><font face=\"Times New Roman\">\u00a0<\/font><\/o:p><\/span><\/p>\n<p style=\"margin: 0cm 0cm 0pt; text-align: justify\" class=\"MsoNormal\"><span style=\"font-size: 14pt\" lang=\"ES-MX\"><\/span><\/p>\n<p><span style=\"font-size: 14pt\" lang=\"ES-MX\"><font face=\"Times New Roman\">Guanajuato alborozada cuando su Virgen fue llevada por las calles de Pocitos, Cervera y Bel\u00e9n, hasta su templo, despu\u00e9s de 139 a\u00f1os de no tenerlo, &#8211; templo con ca\u00f1\u00f3n de 79 varas, formaci\u00f3n en cruz latina, altares de madera, pinturas de Vallejo, elegante y majestuoso; Cuando el 3 de julio de 1741 se comenz\u00f3 <st1:personname ProductID=\"la Presa\" w:st=\"on\">la Presa<\/st1:personname> de <st1:personname ProductID=\"la Olla\" w:st=\"on\">la Olla<\/st1:personname>, cuando en <st1:personname ProductID=\"la Plaza\" w:st=\"on\">la Plaza<\/st1:personname> de Mej\u00eca de Mora en 1788, se inauguro el Coliseo de Comedias \u2013 palcos, lunetas, plazuela y patio -; Se alegrara con la llegada del ferrocarril en 1882, la luz p\u00fablica y los tranv\u00edas en 1884.<o:p><\/o:p><\/font><\/span><span style=\"font-size: 14pt\" lang=\"ES-MX\"><o:p><font face=\"Times New Roman\">\u00a0<\/font><\/o:p><\/span><\/p>\n<p style=\"margin: 0cm 0cm 0pt; text-align: justify\" class=\"MsoNormal\"><span style=\"font-size: 14pt\" lang=\"ES-MX\"><\/span><\/p>\n<p><span style=\"font-size: 14pt\" lang=\"ES-MX\"><font face=\"Times New Roman\">Guanajuato permanece, a pesar de los pesares y de las muchas agresiones que a trav\u00e9s de 400 a\u00f1os ha sufrido y de la falta de cari\u00f1o, por eso sus callejones y casas de barro, que se detienen de las faldas del cerro y<span>\u00a0 <\/span>caen a <st1:personname ProductID=\"la Ca?ada\" w:st=\"on\">la Ca\u00f1ada<\/st1:personname>, donde est\u00e1n las Casas Reales y los templos de piedra.<o:p><\/o:p><\/font><\/span><span style=\"font-size: 14pt\" lang=\"ES-MX\"><o:p><font face=\"Times New Roman\">\u00a0<\/font><\/o:p><\/span><\/p>\n<p style=\"margin: 0cm 0cm 0pt; text-align: justify\" class=\"MsoNormal\"><span style=\"font-size: 14pt\" lang=\"ES-MX\"><\/span><\/p>\n<p><span style=\"font-size: 14pt\" lang=\"ES-MX\"><font face=\"Times New Roman\">En el templo de San Cayetano esplendor de mestizaje, indios y espa\u00f1oles plasmaron sus im\u00e1genes en armonioso conjunto: Forma de cruz latina, cuatro b\u00f3vedas, arcos y molduras de cantera.<o:p><\/o:p><\/font><\/span><span style=\"font-size: 14pt\" lang=\"ES-MX\"><o:p><font face=\"Times New Roman\">\u00a0<\/font><\/o:p><\/span><span style=\"font-size: 14pt\" lang=\"ES-MX\"><o:p><font face=\"Times New Roman\">\u00a0<\/font><\/o:p><\/span><\/p>\n<h6><strong><span style=\"font-size: 22pt\" lang=\"ES-MX\"><font face=\"Times New Roman\">El Baldaquino<o:p><\/o:p><\/font><\/span><\/strong><\/h6>\n<p><span style=\"font-size: 14pt\" lang=\"ES-MX\"><o:p><font face=\"Times New Roman\">\u00a0<\/font><\/o:p><\/span><\/p>\n<p style=\"margin: 0cm 0cm 0pt\" class=\"MsoHeading7\"><span style=\"font-size: 14pt\" lang=\"ES-MX\"><\/span><\/p>\n<p><span style=\"font-size: 14pt\" lang=\"ES-MX\"><font face=\"Times New Roman\">El retablo central o del altar mayor, llena todo el muro del fondo del templo, en complicado y prodigioso derroche de formas y tallas. <o:p><\/o:p><\/font><\/span><span style=\"font-size: 14pt\" lang=\"ES-MX\"><o:p><font face=\"Times New Roman\">\u00a0<\/font><\/o:p><\/span><\/p>\n<p style=\"margin: 0cm 0cm 0pt\" class=\"MsoHeading7\"><span style=\"font-size: 14pt\" lang=\"ES-MX\"><\/span><\/p>\n<p><span style=\"font-size: 14pt\" lang=\"ES-MX\"><font face=\"Times New Roman\">Aqu\u00ed se dan las experiencias escult\u00f3ricas y arquitect\u00f3nicas ancestrales, llevadas a una rica expresi\u00f3n. Su origen, los tiempos del rey Salom\u00f2n, los relicarios de los m\u00e1rtires de los primeros cristianos; El retablo, su etimolog\u00eda &#8211; atr\u00e1s de la mesa,<span>\u00a0 <\/span>&#8211; es una estructura de madera dorada, z\u00f3calo, donde nace el altar, banco y cuerpo donde arranca, columnas para el entablamiento y copete. <o:p><\/o:p><\/font><\/span><span lang=\"ES-MX\"><o:p><font size=\"2\" face=\"Times New Roman\">\u00a0<\/font><\/o:p><\/span><\/p>\n<p style=\"margin: 0cm 0cm 0pt\" class=\"MsoHeading7\"><span style=\"font-size: 14pt\" lang=\"ES-MX\"><\/span><\/p>\n<p><span style=\"font-size: 14pt\" lang=\"ES-MX\"><font face=\"Times New Roman\">El retablo es la escenograf\u00eda, magn\u00edfica, es la m\u00e1s certera visi\u00f3n que pudieron dar los religiosos del reino de Dios. El que nos ocupa tiene un cuerpo inferior dividido en tres porciones.<span>\u00a0 <\/span>En el medio un monumental baldaquino, flanqueado de pilastras,<span>\u00a0 <\/span>encerrando nichos<span>\u00a0\u00a0\u00a0\u00a0\u00a0\u00a0\u00a0\u00a0\u00a0\u00a0\u00a0 <\/span>El Baldaquino y el Sagrario<span>\u00a0\u00a0 <\/span><o:p><\/o:p><\/font><\/span><\/p>\n<p style=\"margin: 0cm 0cm 0pt\" class=\"MsoHeading7\"><span style=\"font-size: 14pt\" lang=\"ES-MX\"><\/span><\/p>\n<p style=\"margin: 0cm 0cm 0pt\" class=\"MsoHeading7\"><span style=\"font-size: 14pt\" lang=\"ES-MX\"><\/span><\/p>\n<p><span style=\"font-size: 14pt\" lang=\"ES-MX\"><font face=\"Times New Roman\">\u2013 laminado dentro y fuera, en<span>\u00a0 <\/span>la `portada dibujada una hostia \u2013 forman la parte baja. Su conjunto es una filigrana dando la impresi\u00f3n de estar desprendida del cuerpo del retablo. Arriba de ellos, el nicho a quien esta dedicado el retablo: San Cayetano, &#8211; al igual que las otras esculturas de los nichos principales, de los retablos naturales, desafortunada y fuera de \u00e9poca -.<o:p><\/o:p><\/font><\/span><span lang=\"ES-MX\"><o:p><font size=\"2\" face=\"Times New Roman\">\u00a0<\/font><\/o:p><\/span><span style=\"font-size: 14pt\" lang=\"ES-MX\"><o:p><font face=\"Times New Roman\">\u00a0<\/font><\/o:p><\/span><\/p>\n<p style=\"margin: 0cm 0cm 0pt; text-align: justify\" class=\"MsoNormal\"><span style=\"font-size: 14pt\" lang=\"ES-MX\"><\/span><\/p>\n<p><span style=\"font-size: 14pt\" lang=\"ES-MX\"><font face=\"Times New Roman\">Este retablo como los de \u00e9poca, son ya una mezcla de vanidad y soberbia en lo ornamental, que dejan lo teol\u00f3gico y se limitan a devociones tradicionales, en este caso a los patronos de las vetas y los mineros \u2013 barreteros -.<o:p><\/o:p><\/font><\/span><span style=\"font-size: 14pt\" lang=\"ES-MX\"><o:p><font face=\"Times New Roman\">\u00a0<\/font><\/o:p><\/span><\/p>\n<p style=\"margin: 0cm 0cm 0pt; text-align: justify\" class=\"MsoNormal\"><span style=\"font-size: 14pt\" lang=\"ES-MX\"><\/span><\/p>\n<p><span style=\"font-size: 14pt\" lang=\"ES-MX\"><font face=\"Times New Roman\">En el cuerpo inferior, tambi\u00e9n son notables las dos puertas de los extremos, donde destacan los capelos y se desprenden las m\u00e9nsulas de los nichos, donde aparecen San Jos\u00e9 y San Nicol\u00e1s Tolentino \u2013 efecto agraciado -. Puertas mixtil\u00ecneas en sus superficies, balc\u00f3n, medallones formando ramas de laurel a manera de corona en oro y azul.<span>\u00a0 <\/span><o:p><\/o:p><\/font><\/span><span style=\"font-size: 14pt\" lang=\"ES-MX\"><font face=\"Times New Roman\"><span>\u00a0\u00a0\u00a0\u00a0\u00a0 <\/span><o:p><\/o:p><\/font><\/span><\/p>\n<p style=\"margin: 0cm 0cm 0pt; text-align: justify\" class=\"MsoNormal\"><span style=\"font-size: 14pt\" lang=\"ES-MX\"><\/span><\/p>\n<p><span style=\"font-size: 14pt\" lang=\"ES-MX\"><font face=\"Times New Roman\">El dorado del retablo se asfixia disolvi\u00e9ndose en hojarasca: P\u00e1mpanos, olivos, acantos, zarcillos, helechos, laureles, y conchas o rocallas. Las grandes pilastras \u2013 nichos \u2013 complicadas en ornatos, le dan anchura, son cuatro en el cuerpo inferior y dos en el superior. Al final un arco de medio punto \u2013 es la altura de la b\u00f3veda -, en el centro un grupo escult\u00f3rico que representa a <st1:personname ProductID=\"la Virgen\" w:st=\"on\">la Virgen<\/st1:personname> de <st1:personname ProductID=\"la Luz\" w:st=\"on\">la Luz<\/st1:personname>, policrom\u00eda total \u2013 estofada, t\u00fanica blanca, manto azul \u2013 San Rafael y San Gabriel<span>\u00a0 <\/span>a uno y otro lado, en los extremos San Francisco de As\u00eds y San Juan Nepomuceno, bien proporcionados y de gran calidad.<o:p><\/o:p><\/font><\/span><\/p>\n<p style=\"margin: 0cm 0cm 0pt; text-align: justify\" class=\"MsoNormal\"><span style=\"font-size: 14pt\" lang=\"ES-MX\"><\/span><\/p>\n<p style=\"margin: 0cm 0cm 0pt; text-align: justify\" class=\"MsoNormal\"><span style=\"font-size: 14pt\" lang=\"ES-MX\"><\/span><\/p>\n<p><span style=\"font-size: 14pt\" lang=\"ES-MX\"><font face=\"Times New Roman\">El maestro escultor y ensamblador, pusieron adem\u00e1s de su trabajo, su esmero, todo su arte, su leal saber y entender. Vienen a la memoria los participantes en esta obra, como fueron el te\u00f3logo, el escultor, el ensamblador, los<span>\u00a0 <\/span>carpinteros, yeseros, doradores, pintores y oficiales \u2013 cantidad de hombres de mente y trabajo fino -.<o:p><\/o:p><\/font><\/span><span style=\"font-size: 14pt\" lang=\"ES-MX\"><o:p><font face=\"Times New Roman\">\u00a0<\/font><\/o:p><\/span><\/p>\n<p style=\"margin: 0cm 0cm 0pt; text-align: justify\" class=\"MsoNormal\"><span style=\"font-size: 14pt\" lang=\"ES-MX\"><\/span><\/p>\n<p><span style=\"font-size: 14pt\" lang=\"ES-MX\"><font face=\"Times New Roman\">En este retablo est\u00e1 superado Jos\u00e9 Benito de Churriguera e imitado Jer\u00f3nimo de Balb\u00e0s, en las 62 cantatas angelicales y Felipe Ure\u00f1a, introductor en el Baj\u00edo de las pilastras, de retablos est\u00ecpites y Lorenzo Rodr\u00edguez. Estamos frente al declive del barroco, frente al canto del cisne.<o:p><\/o:p><\/font><\/span><span style=\"font-size: 14pt\" lang=\"ES-MX\"><o:p><font face=\"Times New Roman\">\u00a0<\/font><\/o:p><\/span><\/p>\n<p style=\"margin: 0cm 0cm 0pt\" class=\"MsoBodyText2\"><span lang=\"ES-MX\"><\/span><\/p>\n<p style=\"margin: 0cm 0cm 0pt\" class=\"MsoBodyText2\"><span lang=\"ES-MX\"><font size=\"5\" face=\"Times New Roman\">El tiempo ha dado nobleza a este retablo, a sus estofados y a su atrevido colorido en azul y oro. Baste contemplar los \u00e1ngeles que se desprenden de la parte superior del baldaquino,<span>\u00a0 <\/span>semejan sostener las columnas de los extremos.<\/font><\/span><\/p>\n<p><span style=\"font-size: 14pt\" lang=\"ES-MX\"><o:p><font face=\"Times New Roman\">\u00a0<\/font><\/o:p><\/span><\/p>\n<p style=\"margin: 0cm 0cm 0pt; text-align: justify\" class=\"MsoNormal\"><span style=\"font-size: 14pt\" lang=\"ES-MX\"><\/span><\/p>\n<p><span style=\"font-size: 14pt\" lang=\"ES-MX\"><font face=\"Times New Roman\">Como todo templo que se precie de grandeza, en su basamento tiene dos inscripciones en el tablero de caprichoso contorno, donde P\u00edo Vl<span>\u00a0 <\/span>concede indulgencia plenaria a quienes confesaren y comulgaren el d\u00eda de San Cayetano en favor<span>\u00a0 <\/span>de las almas del purgatorio. Altar privilegiado, por apost\u00f3lico y perpetuo indulto.<o:p><\/o:p><\/font><\/span><span style=\"font-size: 14pt\" lang=\"ES-MX\"><o:p><font face=\"Times New Roman\">\u00a0<\/font><\/o:p><\/span><\/p>\n<p style=\"margin: 0cm 0cm 0pt; text-align: justify\" class=\"MsoNormal\"><span style=\"font-size: 14pt\" lang=\"ES-MX\"><\/span><\/p>\n<p><span style=\"font-size: 14pt\" lang=\"ES-MX\"><font face=\"Times New Roman\">En 1756 dan inicio los trabajos para levantar el templo. El pueblo de Valenciana busca armon\u00eda con su prosperidad, corrieron 23 a\u00f1os hasta su terminaci\u00f3n, un 7 de agosto de 1788, bajo el papado de P\u00edo Vl.<o:p><\/o:p><\/font><\/span><span style=\"font-size: 14pt\" lang=\"ES-MX\"><o:p><font face=\"Times New Roman\">\u00a0<\/font><\/o:p><\/span><\/p>\n<p style=\"margin: 0cm 0cm 0pt; text-align: justify\" class=\"MsoNormal\"><span style=\"font-size: 14pt\" lang=\"ES-MX\"><\/span><\/p>\n<p><span style=\"font-size: 14pt\" lang=\"ES-MX\"><font face=\"Times New Roman\">Las capillas de indios; a El Se\u00f1or del Perd\u00f3n y Jes\u00fas Nazareno, ya no est\u00e1n, los Padres Teatinos nunca llegaron al convento anexo, construido ex profeso para ellos, continuadores de la obra de San Cayetano patrono.<o:p><\/o:p><\/font><\/span><span style=\"font-size: 14pt\" lang=\"ES-MX\"><o:p><font face=\"Times New Roman\">\u00a0<\/font><\/o:p><\/span><strong><span style=\"font-size: 14pt\" lang=\"ES-MX\"><o:p><font face=\"Times New Roman\">\u00a0<\/font><\/o:p><\/span><\/strong><\/p>\n<p style=\"margin: 0cm 0cm 0pt\" class=\"MsoHeading8\"><span lang=\"ES-MX\"><strong><font size=\"6\"><\/font><\/strong><\/span><\/p>\n<p style=\"margin: 0cm 0cm 0pt\" class=\"MsoHeading8\"><span lang=\"ES-MX\"><strong><font size=\"6\"><font face=\"Times New Roman\">Altar del Magisterio<span>\u00a0\u00a0\u00a0 <\/span><\/font><\/font><\/strong><\/span><\/p>\n<p><span style=\"font-size: 18pt\" lang=\"ES-MX\"><o:p><font face=\"Times New Roman\">\u00a0<\/font><\/o:p><\/span><span style=\"font-size: 18pt\" lang=\"ES-MX\"><o:p><font face=\"Times New Roman\">\u00a0<\/font><\/o:p><\/span><span style=\"font-size: 14pt\" lang=\"ES-MX\"><font face=\"Times New Roman\"><span>\u00a0<\/span><o:p><\/o:p><\/font><\/span><\/p>\n<p style=\"margin: 0cm 0cm 0pt; text-align: justify\" class=\"MsoNormal\"><span style=\"font-size: 14pt\" lang=\"ES-MX\"><\/span><\/p>\n<p><span style=\"font-size: 14pt\" lang=\"ES-MX\"><font face=\"Times New Roman\">\u201c Por<span>\u00a0 <\/span>breve de 28 de noviembre de1778, concede Su Santidad, nuestro Sant\u00edsimo Padre Sr. P\u00edo Vl, que todas las personas de ambos sexos que rogando aqu\u00ed por la exaltaci\u00f3n de nuestra fe cat\u00f3lica, paz y concordia entre los pr\u00edncipes cristianos y felicidad de <st1:personname ProductID=\"la Iglesia\" w:st=\"on\">la Iglesia<\/st1:personname>, visitaren este templo, ganen las mismas indulgencias que ganar\u00edan visitando personalmente la iglesia de Roma, en todos los d\u00edas que se\u00f1ala el misal romano\u201d. Se\u00f1ala parte de la inscripci\u00f3n en el retablo izquierdo del templo, donde 47 querubines, conchas, uvas, granadas y vegetales \u2013 dorados -, dan marco a una ense\u00f1anza que escultor y artesanos quisieron dejar a la posteridad en este sitio.<span>\u00a0 <\/span><o:p><\/o:p><\/font><\/span><span style=\"font-size: 14pt\" lang=\"ES-MX\"><o:p><font face=\"Times New Roman\">\u00a0<\/font><\/o:p><\/span><\/p>\n<p style=\"margin: 0cm 0cm 0pt; text-align: justify\" class=\"MsoNormal\"><span style=\"font-size: 14pt\" lang=\"ES-MX\"><font face=\"Times New Roman\"><span><\/span><\/font><\/span><\/p>\n<p><span style=\"font-size: 14pt\" lang=\"ES-MX\"><font face=\"Times New Roman\"><span>\u00a0<\/span>Cuatro grandes pilastras le sirven de entablamiento y llegan hasta la cornisa del edificio, dando limite al primer cuerpo. Dejan en la parte media del primer cuerpo \u2013 retablo de caoba con<span>\u00a0 <\/span>blanco de Espa\u00f1a,<span>\u00a0 <\/span>despu\u00e9s el oro laminado -, continuando solamente dos en el segundo cuerpo, dejan en la parte media del nicho, adentro de este un San Antonio, desafortunado y fuera de \u00e9poca, el conjunto y la grandiosidad se se\u00f1alan mejor que en los otros retablos que existen en el templo, por su gran sentido did\u00e1ctico, al mostrar el magisterio de <st1:personname ProductID=\"la Iglesia.\" w:st=\"on\">la Iglesia.<\/st1:personname><o:p><\/o:p><\/font><\/span><span style=\"font-size: 14pt\" lang=\"ES-MX\"><o:p><font face=\"Times New Roman\">\u00a0<\/font><\/o:p><\/span><\/p>\n<p style=\"margin: 0cm 0cm 0pt; text-align: justify\" class=\"MsoNormal\"><span style=\"font-size: 14pt\" lang=\"ES-MX\"><\/span><\/p>\n<p><span style=\"font-size: 14pt\" lang=\"ES-MX\"><font face=\"Times New Roman\">Sobre el nicho, un Jes\u00fas ni\u00f1o, &#8211; doce a\u00f1os \u2013 predicando a los doctores, enseguida arriba una hornacina, en cuya repisa est\u00e1 una talla completa de San Pedro Papa, con ornamentos papales de \u00e9poca, cobijado por un precioso docelete, rematando en el claro de la ventana con un<span>\u00a0 <\/span>Juan Bautista predicante.<o:p><\/o:p><\/font><\/span><span style=\"font-size: 14pt\" lang=\"ES-MX\"><o:p><font face=\"Times New Roman\">\u00a0<\/font><\/o:p><\/span><\/p>\n<p style=\"margin: 0cm 0cm 0pt; text-align: justify\" class=\"MsoNormal\"><span style=\"font-size: 14pt\" lang=\"ES-MX\"><\/span><\/p>\n<p><span style=\"font-size: 14pt\" lang=\"ES-MX\"><font face=\"Times New Roman\">Tambi\u00e9n en la parte baja, en los extremos, dos puertas de tracer\u00eca y elevados copetes, que a mas altura se cambian por m\u00e9nsulas, donde aparece San Agust\u00edn y San Le\u00f3n, doctores, siguiendo hacia el segundo cuerpo, entre variados elementos decorativos, remata con otras dos tallas, las de San Jer\u00f3nimo y San Gregorio, tambi\u00e9n doctores de <st1:personname ProductID=\"la Iglesia\" w:st=\"on\">la Iglesia<\/st1:personname>, mientras que en las median\u00edas de las dos columnas del segundo cuerpo y casi al final de las dos interiores del primero, cuatro medios cuerpos de sacerdotes predicadores \u2013signos de vida, muerte y resurrecci\u00f2n de Cristo o doctrineros, seg\u00fan se vea.<o:p><\/o:p><\/font><\/span><span style=\"font-size: 14pt\" lang=\"ES-MX\"><o:p><font face=\"Times New Roman\">\u00a0<\/font><\/o:p><\/span><\/p>\n<p style=\"margin: 0cm 0cm 0pt; text-align: justify\" class=\"MsoNormal\"><span style=\"font-size: 14pt\" lang=\"ES-MX\"><\/span><\/p>\n<p><span style=\"font-size: 14pt\" lang=\"ES-MX\"><font face=\"Times New Roman\">Este retablo es el m\u00e1s integrado en cuanto a una idea com\u00fan, es teol\u00f3gico, tiene tambi\u00e9n a los cuatro evangelistas \u2013Juan, Lucas. Mateo y Marcos -, en las volutas medias de las cuatro columnas, en delicados medallones, cuatro \u00e1ngeles dan la impresi\u00f3n de sostener el retablo desde su inicio.<o:p><\/o:p><\/font><\/span><span style=\"font-size: 14pt\" lang=\"ES-MX\"><o:p><font face=\"Times New Roman\">\u00a0<\/font><\/o:p><\/span><\/p>\n<p style=\"margin: 0cm 0cm 0pt; text-align: justify\" class=\"MsoNormal\"><span style=\"font-size: 14pt\" lang=\"ES-MX\"><\/span><\/p>\n<p style=\"margin: 0cm 0cm 0pt; text-align: justify\" class=\"MsoNormal\"><span style=\"font-size: 14pt\" lang=\"ES-MX\"><\/span><\/p>\n<p><span style=\"font-size: 14pt\" lang=\"ES-MX\"><font face=\"Times New Roman\">En las alturas, dos amplias enjutas en caprichoso cornisamento, siguiendo los contornos del ca\u00f1\u00f3n de la b\u00f3veda. All\u00ed aparece entre nubes, en rica policrom\u00eda el Padre Eterno, cruzado de estola, en apoyo a quienes trasmiten <st1:personname ProductID=\"la Palabra\" w:st=\"on\">la Palabra<\/st1:personname>, que lo son todas las figuras del retablo.<o:p><\/o:p><\/font><\/span><span style=\"font-size: 14pt\" lang=\"ES-MX\"><o:p><font face=\"Times New Roman\">\u00a0<\/font><\/o:p><\/span><\/p>\n<p style=\"margin: 0cm 0cm 0pt; text-align: justify\" class=\"MsoNormal\"><span style=\"font-size: 14pt\" lang=\"ES-MX\"><\/span><\/p>\n<p style=\"margin: 0cm 0cm 0pt; text-align: justify\" class=\"MsoNormal\"><span style=\"font-size: 14pt\" lang=\"ES-MX\"><\/span><\/p>\n<p><span style=\"font-size: 14pt\" lang=\"ES-MX\"><font face=\"Times New Roman\">Las esculturas, santos, \u00e1ngeles, serafines, todas estofadas, exquisitas tallas, dan suntuosidad, manifiestan reposo, sus colores claros no rompen el armonioso conjunto.<o:p><\/o:p><\/font><\/span><span style=\"font-size: 14pt\" lang=\"ES-MX\"><o:p><font face=\"Times New Roman\">\u00a0<\/font><\/o:p><\/span><\/p>\n<p style=\"margin: 0cm 0cm 0pt; text-align: justify\" class=\"MsoNormal\"><span style=\"font-size: 14pt\" lang=\"ES-MX\"><\/span><\/p>\n<p style=\"margin: 0cm 0cm 0pt; text-align: justify\" class=\"MsoNormal\"><span style=\"font-size: 14pt\" lang=\"ES-MX\"><\/span><\/p>\n<p><span style=\"font-size: 14pt\" lang=\"ES-MX\"><font face=\"Times New Roman\">Abajo el altar con su sagrario laminado, en la portada el Cordero, arriba dos ventanales laterales que lo iluminan; A la entrada del crucero, hay un arco de medio punto, en cantera rosada, almohadillado y maravillosamente esculpido.<o:p><\/o:p><\/font><\/span><span style=\"font-size: 14pt\" lang=\"ES-MX\"><o:p><font face=\"Times New Roman\">\u00a0<\/font><\/o:p><\/span><\/p>\n<p style=\"margin: 0cm 0cm 0pt; text-align: justify\" class=\"MsoNormal\"><span style=\"font-size: 14pt\" lang=\"ES-MX\"><\/span><\/p>\n<p style=\"margin: 0cm 0cm 0pt; text-align: justify\" class=\"MsoNormal\"><span style=\"font-size: 14pt\" lang=\"ES-MX\"><\/span><\/p>\n<p><span style=\"font-size: 14pt\" lang=\"ES-MX\"><font face=\"Times New Roman\">Una puerta del <span>\u00a0<\/span>lado derecho, da acceso a <st1:personname ProductID=\"la Capilla\" w:st=\"on\">la Capilla<\/st1:personname> de <st1:personname ProductID=\"la Pur?sima\" w:st=\"on\">la Pur\u00edsima<\/st1:personname>, todo da la oportunidad de recordar aquel 1550, cuando el jefe de arrieros Juan de Rayas se tropezara con la riqueza, con Mo otti, Quanaxhuata, donde Otomitl \u2013hijo legendario del cielo y de la tierra \u2013 le diera asiento a los otom\u00edes y un Rodrigo V\u00e1zquez a los espa\u00f1oles, para que mas tarde floreciera Valenciana, la productora de plata mas importante del mundo en su \u00e9poca, el siglo XVlll, de donde naciera el Altar Del Magisterio.<o:p><\/o:p><\/font><\/span><span style=\"font-size: 14pt\" lang=\"ES-MX\"><o:p><font face=\"Times New Roman\">\u00a0<\/font><\/o:p><\/span><\/p>\n<p style=\"margin: 0cm 0cm 0pt; text-align: justify\" class=\"MsoNormal\"><span style=\"font-size: 14pt\" lang=\"ES-MX\"><\/span><\/p>\n<p style=\"margin: 0cm 0cm 0pt; text-align: justify\" class=\"MsoNormal\"><span style=\"font-size: 14pt\" lang=\"ES-MX\"><\/span><\/p>\n<p><span style=\"font-size: 14pt\" lang=\"ES-MX\"><font face=\"Times New Roman\">Sigue diciendo la inscripci\u00f3n del retablo descrito: \u201c Conviene saber: en las cuatro dom\u00e9nicas de adviento, en los tres d\u00edas mi\u00e9rcoles,<span>\u00a0 <\/span>viernes y s\u00e1bado de las t\u00e9mporas de adviento, en la vigilia de la natividad del Se\u00f1or, en las festividades de San Esteban pro m\u00e1rtir, San Juan Evangelista, Santos Inocentes, Circuncisi\u00f3n del Se\u00f1or y festividades de los Santos Reyes, en las dom\u00e9nicas septuag\u00e9simas, sexag\u00e9simas y quincuag\u00e9simas, en todos los d\u00edas de cuaresma desde el mi\u00e9rcoles de ceniza hasta el s\u00e1bado de gloria, en todos los d\u00edas de la octava de resurrecci\u00f3n, en su dom\u00e9nica hasta la dom\u00e9nica in albis, en la vigilia de la ascensi\u00f3n del Se\u00f1or, en el d\u00eda de la vigilia de Pentecost\u00e9s, en todos los d\u00edas de la pascua del Esp\u00edritu Santo hasta el s\u00e1bado inclusive, en el d\u00eda de San Marcos evangelista y en todos los d\u00edas mi\u00e9rcoles, viernes y s\u00e1bados de las t\u00e9mporas de septiembre, cuya concepci\u00f3n es perpetua y se ganen teniendo la bula de <st1:personname ProductID=\"la Santa Cruzada\" w:st=\"on\">la Santa Cruzada<\/st1:personname> \u201c.<o:p><\/o:p><\/font><\/span><span style=\"font-size: 14pt\" lang=\"ES-MX\"><o:p><font face=\"Times New Roman\">\u00a0<\/font><\/o:p><\/span><\/p>\n<p style=\"margin: 0cm 0cm 0pt; text-align: justify\" class=\"MsoNormal\"><span style=\"font-size: 14pt\" lang=\"ES-MX\"><\/span><\/p>\n<p style=\"margin: 0cm 0cm 0pt; text-align: justify\" class=\"MsoNormal\"><span style=\"font-size: 14pt\" lang=\"ES-MX\"><\/span><\/p>\n<p><span style=\"font-size: 14pt\" lang=\"ES-MX\"><font face=\"Times New Roman\">Antonio Obreg\u00f3n Alcocer, despu\u00e9s de siete a\u00f1os de insistencia descubre la veta madre de Valenciana, es el a\u00f1o de 1760, de donde saldr\u00eda la riqueza en oro y plata para levantar el templo de San Cayetano, digna obra de su tiempo y fiel testigo de la bonanza, del arte y del mestizaje.<o:p><\/o:p><\/font><\/span><span style=\"font-size: 14pt\" lang=\"ES-MX\"><o:p><font face=\"Times New Roman\">\u00a0<\/font><\/o:p><\/span><\/p>\n<p style=\"margin: 0cm 0cm 0pt; text-align: justify\" class=\"MsoNormal\"><span style=\"font-size: 14pt\" lang=\"ES-MX\"><\/span><\/p>\n<p style=\"margin: 0cm 0cm 0pt; text-align: justify\" class=\"MsoNormal\"><span style=\"font-size: 14pt\" lang=\"ES-MX\"><\/span><\/p>\n<p><span style=\"font-size: 14pt\" lang=\"ES-MX\"><font face=\"Times New Roman\">Este hombre lleg\u00f2 a ser por su riqueza, conde de Valenciana, alcalde mayor, teniente de capit\u00e1n general y juez de minas y tandas.<o:p><\/o:p><\/font><\/span><span style=\"font-size: 14pt\" lang=\"ES-MX\"><o:p><font face=\"Times New Roman\">\u00a0<\/font><\/o:p><\/span><span style=\"font-size: 14pt\" lang=\"ES-MX\"><o:p><font face=\"Times New Roman\">\u00a0<\/font><\/o:p><\/span><\/p>\n<h5 style=\"margin: 0cm 0cm 0pt\"><font face=\"Times New Roman\"><st1:personname ProductID=\"la Virgen\" w:st=\"on\"><span style=\"font-size: 22pt\" lang=\"ES-MX\">\u00a0<\/span><\/st1:personname><\/font><\/h5>\n<h5 style=\"margin: 0cm 0cm 0pt\"><font face=\"Times New Roman\"><st1:personname ProductID=\"la Virgen\" w:st=\"on\"><span style=\"font-size: 22pt\" lang=\"ES-MX\">La Virgen<\/span><\/st1:personname><span style=\"font-size: 22pt\" lang=\"ES-MX\"> de los ni\u00f1os.<o:p><\/o:p><\/span><\/font><\/h5>\n<p><strong><span style=\"font-size: 14pt\" lang=\"ES-MX\"><o:p><font face=\"Times New Roman\">\u00a0<\/font><\/o:p><\/span><\/strong><\/p>\n<p style=\"margin: 0cm 0cm 0pt; text-align: justify\" class=\"MsoNormal\"><span style=\"font-size: 14pt\" lang=\"ES-MX\"><\/span><\/p>\n<p style=\"margin: 0cm 0cm 0pt; text-align: justify\" class=\"MsoNormal\"><span style=\"font-size: 14pt\" lang=\"ES-MX\"><\/span><\/p>\n<p><span style=\"font-size: 14pt\" lang=\"ES-MX\"><font face=\"Times New Roman\">El barroco,<span>\u00a0 <\/span>&#8211; artificio, gongorismo pl\u00e1stico \u2013 que a todo lo que toca le infunde movimiento, tiene su representatividad en el retablo derecho de este templo. Vi\u00e9ndolo de arriba abajo, el cuerpo superior limita la b\u00f3veda con una sinuosa cornisa, donde entre querubines aparece una media talla de la virgen, con dos ni\u00f1os en los brazos, la hacen extra\u00f1amente fel\u00edz, junto a su policrom\u00eda.<o:p><\/o:p><\/font><\/span><span style=\"font-size: 14pt\" lang=\"ES-MX\"><o:p><font face=\"Times New Roman\">\u00a0<\/font><\/o:p><\/span><\/p>\n<p style=\"margin: 0cm 0cm 0pt; text-align: justify\" class=\"MsoNormal\"><span style=\"font-size: 14pt\" lang=\"ES-MX\"><\/span><\/p>\n<p style=\"margin: 0cm 0cm 0pt; text-align: justify\" class=\"MsoNormal\"><span style=\"font-size: 14pt\" lang=\"ES-MX\"><\/span><\/p>\n<p><span style=\"font-size: 14pt\" lang=\"ES-MX\"><font face=\"Times New Roman\">Un poco mas abajo, en este mismo cuerpo se encuentran repisas sosteniendo a los siete pr\u00edncipes de la corte celestial<span>\u00a0 <\/span>&#8211; son los arc\u00e1ngeles b\u00edblicos -, en medio frente a la ventana: San Miguel, gallardo, triunfante, iluminado con la luz del exterior y como todo el conjunto, en rica `policrom\u00eda, pa\u00f1os bien pegados, simulando ricos brocados. Este retablo aunque aparenta no tener un orden teol\u00f3gico, busca la manera de ser mariano.<o:p><\/o:p><\/font><\/span><span style=\"font-size: 14pt\" lang=\"ES-MX\"><o:p><font face=\"Times New Roman\">\u00a0<\/font><\/o:p><\/span><\/p>\n<p style=\"margin: 0cm 0cm 0pt; text-align: justify\" class=\"MsoNormal\"><span style=\"font-size: 14pt\" lang=\"ES-MX\"><\/span><\/p>\n<p style=\"margin: 0cm 0cm 0pt; text-align: justify\" class=\"MsoNormal\"><span style=\"font-size: 14pt\" lang=\"ES-MX\"><\/span><\/p>\n<p><span style=\"font-size: 14pt\" lang=\"ES-MX\"><font face=\"Times New Roman\">Es<span>\u00a0 <\/span>el ultrabarroco an\u00e1stilo a la vista. El arte de ensamblar, el agotamiento de las formas es lo que se nos presenta. El primer cuerpo que llega hasta la altura de la ventana, se\u00f1ala un arco de medio punto llegando hasta el piso. En su parte baja un nicho con la escultura de San Jos\u00e9, por cierto desafortunada y fuera de \u00e9poca, este arco engalanado y con rico copete, tiene repartidos en los extremos cuatro medallones con pinturas de las apariciones guadalupanas y en el medio superior una Virgen de Guadalupe, pinturas con arte de \u00e9poca y de relativo valor, el retablo esta lleno de grandes masas de encajer\u00eda.<o:p><\/o:p><\/font><\/span><span style=\"font-size: 14pt\" lang=\"ES-MX\"><o:p><font face=\"Times New Roman\">\u00a0<\/font><\/o:p><\/span><\/p>\n<p style=\"margin: 0cm 0cm 0pt; text-align: justify\" class=\"MsoNormal\"><span style=\"font-size: 14pt\" lang=\"ES-MX\"><\/span><\/p>\n<p style=\"margin: 0cm 0cm 0pt; text-align: justify\" class=\"MsoNormal\"><span style=\"font-size: 14pt\" lang=\"ES-MX\"><\/span><\/p>\n<p><span style=\"font-size: 14pt\" lang=\"ES-MX\"><font face=\"Times New Roman\">A los lados del arco se\u00f1alado y desde el inicio, nacen cuatro columnas est\u00edpites, en los dos interiores aparecen en la parte baja: San Ignacio de Loyola y San Ram\u00f3n Nonato de uno y otro lado, enseguida arriba San Joaqu\u00edn y Santa Ana. Las columnas del exterior est\u00e1n llenas de formas, dando la impresi\u00f3n al inicio de estar sostenidas por un \u00e1ngel cada una y abajo las inscripciones. En su conjunto este retablo da vida a 34 querubines y es asfixiado por la hojarasca, zarcillos, laureles y rocallas.<o:p><\/o:p><\/font><\/span><span style=\"font-size: 14pt\" lang=\"ES-MX\"><o:p><font face=\"Times New Roman\">\u00a0<\/font><\/o:p><\/span><\/p>\n<p style=\"margin: 0cm 0cm 0pt; text-align: justify\" class=\"MsoNormal\"><span style=\"font-size: 14pt\" lang=\"ES-MX\"><\/span><\/p>\n<p style=\"margin: 0cm 0cm 0pt; text-align: justify\" class=\"MsoNormal\"><span style=\"font-size: 14pt\" lang=\"ES-MX\"><\/span><\/p>\n<p><span style=\"font-size: 14pt\" lang=\"ES-MX\"><font face=\"Times New Roman\">Este conjunto arquitect\u00f3nico consagrado a la vez a <st1:personname ProductID=\"la Guadalupana\" w:st=\"on\">la Guadalupana<\/st1:personname> y a San Jos\u00e9, tiene \u201c su gracia \u201c para los visitantes, cuando una de sus inscripciones dice: \u201c Por Breve de 28 de noviembre de 1778, concede su Santidad P\u00edo Vl, indulgencia plenaria a favor de todos los fieles de ambos sexos que confesaren y comulgaren en cada uno de los d\u00edas diecinueve de cada mes en esta Santa Iglesia.<o:p><\/o:p><\/font><\/span><span style=\"font-size: 14pt\" lang=\"ES-MX\"><o:p><font face=\"Times New Roman\">\u00a0<\/font><\/o:p><\/span><\/p>\n<p style=\"margin: 0cm 0cm 0pt; text-align: justify\" class=\"MsoNormal\"><span style=\"font-size: 14pt\" lang=\"ES-MX\"><\/span><\/p>\n<p><span style=\"font-size: 14pt\" lang=\"ES-MX\"><font face=\"Times New Roman\">La labor de los 250 operarios de la mina de Valenciana, hicieron posible la realizaci\u00f3n de este templo de San Cayetano, donde tambi\u00e9n se venera a los santos patronos de las vetas. El Conde de Valenciana no vi\u00f3 su obra terminada, muri\u00f3 en 1786, dos a\u00f1os despu\u00e9s 7 de agosto de 1788, fue solemnemente inaugurado, teniendo licencia para capilla y estructura de bas\u00edlica.<o:p><\/o:p><\/font><\/span><span style=\"font-size: 14pt\" lang=\"ES-MX\"><o:p><font face=\"Times New Roman\">\u00a0<\/font><\/o:p><\/span><\/p>\n<p style=\"margin: 0cm 0cm 0pt; text-align: justify\" class=\"MsoNormal\"><span style=\"font-size: 14pt\" lang=\"ES-MX\"><\/span><\/p>\n<p><span style=\"font-size: 14pt\" lang=\"ES-MX\"><font face=\"Times New Roman\">Se dieron misas solemnes, se escucharon salvas, se oy\u00f3 el \u00f3rgano, tronaron los cohetes, se comi\u00f3 espl\u00e9ndidamente, el yodo se deleit\u00f3 con el tintineo de campanas mezcladas de plata, una de ellas con m\u00e1s de 114 quintales, el j\u00fabilo dur\u00f3 los cien a\u00f1os de dichas y riquezas que tuvo esta mina durante los siglos XVlll y parte del XlX y que llegara a ganar hasta un mill\u00f3n<span>\u00a0 <\/span>trescientos mil pesos oro en un a\u00f1o.<o:p><\/o:p><\/font><\/span><span style=\"font-size: 14pt\" lang=\"ES-MX\"><o:p><font face=\"Times New Roman\">\u00a0<\/font><\/o:p><\/span><span style=\"font-size: 14pt\" lang=\"ES-MX\"><o:p><font face=\"Times New Roman\">\u00a0<\/font><\/o:p><\/span><\/p>\n<h5 style=\"margin: 0cm 0cm 0pt\"><span style=\"font-size: 22pt\" lang=\"ES-MX\"><\/span><\/h5>\n<h5 style=\"margin: 0cm 0cm 0pt\"><span style=\"font-size: 22pt\" lang=\"ES-MX\"><font face=\"Times New Roman\">Su exterior<o:p><\/o:p><\/font><\/span><\/h5>\n<p><span style=\"font-size: 14pt\" lang=\"ES-MX\"><o:p><font face=\"Times New Roman\">\u00a0<\/font><\/o:p><\/span><span style=\"font-size: 14pt\" lang=\"ES-MX\"><o:p><font face=\"Times New Roman\">\u00a0<\/font><\/o:p><\/span><\/p>\n<p style=\"margin: 0cm 0cm 0pt; text-align: justify\" class=\"MsoNormal\"><span style=\"font-size: 14pt\" lang=\"ES-MX\"><\/span><\/p>\n<p><span style=\"font-size: 14pt\" lang=\"ES-MX\"><font face=\"Times New Roman\">La fachada principal mira al sur, cantera rosada, dos cuerpos y un copete ricamente ornamentado, todo \u00e9l es un complicado entablamiento. \u201c El primer cuerpo es m\u00e1s importante, lo inicia en lo alto hasta la repisa\u201d. Cuatro columnas est\u00edpites, en los vanos nichos vac\u00edos, <st1:personname ProductID=\"la Trinidad\" w:st=\"on\">la Trinidad<\/st1:personname> her\u00e9tica corona la puerta del arco de medio punto.<o:p><\/o:p><\/font><\/span><span style=\"font-size: 14pt\" lang=\"ES-MX\"><o:p><font face=\"Times New Roman\">\u00a0<\/font><\/o:p><\/span><\/p>\n<p style=\"margin: 0cm 0cm 0pt; text-align: justify\" class=\"MsoNormal\"><span style=\"font-size: 14pt\" lang=\"ES-MX\"><\/span><\/p>\n<p><span style=\"font-size: 14pt\" lang=\"ES-MX\"><font face=\"Times New Roman\">En el segundo cuerpo cuatro peque\u00f1as columnas enmarcan la ventana, lo mismo que dos nichos vac\u00edos, en el copete un nicho solitario rodeado de rica ornamentaci\u00f3n y columnas, nos llevan a ver en lo alto a San Cayetano. Todo jambas y arquivoltas, follaje y medallones. Es la cantera vuelta arcilla, es la arcilla vuelta madera, es Churriguera vuelto fachada.<o:p><\/o:p><\/font><\/span><span style=\"font-size: 14pt\" lang=\"ES-MX\"><o:p><font face=\"Times New Roman\">\u00a0<\/font><\/o:p><\/span><span style=\"font-size: 14pt\" lang=\"ES-MX\"><font face=\"Times New Roman\">Las torres con sus cubos robustos ligan en lo alto a la fachada y entre s\u00ed por un cornisamento, perforadas por ventanas y claraboyas que la enriquecen, un campanario de dos cuerpos, solo uno.<o:p><\/o:p><\/font><\/span><span style=\"font-size: 14pt\" lang=\"ES-MX\"><o:p><font face=\"Times New Roman\">\u00a0<\/font><\/o:p><\/span><span style=\"font-size: 14pt\" lang=\"ES-MX\"><font face=\"Times New Roman\">\u201c La c\u00fapula aperaltada que encierra la techumbre en la parte que corresponde al crucero. La forman un tambor de planta octagonal y de gran altura cuyos pa\u00f1os est\u00e1n perforados, cada uno por una gran ventana, guarnecidas de pilastras adosadas que sostienen un cornisamento que enrasa dicho tambor y sobre este, a la vez descansan las ocho porciones de la b\u00f3veda, en forma de gajos que constituyen<span>\u00a0 <\/span>la propia c\u00fapula, la cual se encierra y termina en una linternilla rematada en cupulino. El tambor, decorado al exceso con molduras y formas homog\u00e9neas y de estilo, que contribuye muy notablemente al exterior del templo.<o:p><\/o:p><\/font><\/span><span style=\"font-size: 14pt\" lang=\"ES-MX\"><o:p><font face=\"Times New Roman\">\u00a0<\/font><\/o:p><\/span><span style=\"font-size: 14pt\" lang=\"ES-MX\"><font face=\"Times New Roman\">La portada lateral mira al poniente y se halla empotrada en un nicho colosal dedicada a San Jos\u00e9, el patrono de <st1:personname ProductID=\"la Nueva Espa?a\" w:st=\"on\">la Nueva Espa\u00f1a<\/st1:personname>, dos pilastras que rematan en complicados cornisamentos que sustentan est\u00edpites.<o:p><\/o:p><\/font><\/span><span style=\"font-size: 14pt\" lang=\"ES-MX\"><o:p><font face=\"Times New Roman\">\u00a0<\/font><\/o:p><\/span><span style=\"font-size: 14pt\" lang=\"ES-MX\"><font face=\"Times New Roman\">Se recuerda que el 20 de marzo de 1760, por c\u00e9dula firmada en el pardo y refrendada por Don Antonio Ventura De Tarranco, le concediera el Rey de Castilla<span>\u00a0 <\/span>el t\u00edtulo, bajo la denominaci\u00f3n de Vizconde y Conde de Valenciana al Se\u00f1or<span>\u00a0 <\/span>Antonio de Obreg\u00f3n y Alcocer.<o:p><\/o:p><\/font><\/span><span style=\"font-size: 14pt\" lang=\"ES-MX\"><o:p><font face=\"Times New Roman\">\u00a0<\/font><\/o:p><\/span><span style=\"font-size: 14pt\" lang=\"ES-MX\"><font face=\"Times New Roman\">Las minas de Serena, Rayas, Mellado y Santa Ana, acompa\u00f1an a la de Valenciana, donde desde la torre de San Cayetano se miran los cerros del Meco y San Miguel, mientras la ciudad lev\u00edtica canta en el Oratorio de San Felipe Neri, Nuestra Se\u00f1ora de Bethlem, del Refugio y San Jos\u00e9 y la historia se pasea por los templos de <st1:personname ProductID=\"la Compa??a\" w:st=\"on\">la Compa\u00f1\u00eda<\/st1:personname>, San Pedro Alc\u00e1ntara, San Roque, San Juan, Los Hospitales, San Diego y<span>\u00a0 <\/span><st1:personname ProductID=\"La Tercera Orden.\" w:st=\"on\">La Tercera Orden.<\/st1:personname><o:p><\/o:p><\/font><\/span><span style=\"font-size: 14pt\" lang=\"ES-MX\"><o:p><font face=\"Times New Roman\">\u00a0<\/font><\/o:p><\/span><span style=\"font-size: 14pt\" lang=\"ES-MX\"><font face=\"Times New Roman\">\u201c Parti\u00f3 Nu\u00f1o de Guzm\u00e1n de Puru\u00e1ndiro, que es el postrero pueblo de la provincia de Michoac\u00e1n, hacia los te\u00fales chichimecas el diez del mes de febrero, a\u00f1o de quinientos treinta&#8230; y lleg\u00f3 al r\u00edo de Nuestra Se\u00f1ora del Buen Paso&#8230; all\u00ed se detuvo tres d\u00edas\u201d.<o:p><\/o:p><\/font><\/span><span style=\"font-size: 14pt\" lang=\"ES-MX\"><o:p><font face=\"Times New Roman\">\u00a0<\/font><\/o:p><\/span><span style=\"font-size: 14pt\" lang=\"ES-MX\"><font face=\"Times New Roman\">\u201c La veta primera de Guanajuato fue descubierta en 1548 y 1550 las minas de Mellado y de Rayas, en cuyas excavaciones hab\u00eda de ser descubierta en 1558 la famosa veta madre, que unida al descubrimiento posterior de Valenciana, hab\u00eda de extender por todo el mundo el nombre de Guanajuato.<o:p><\/o:p><\/font><\/span><span style=\"font-size: 14pt\" lang=\"ES-MX\"><o:p><font face=\"Times New Roman\">\u00a0<\/font><\/o:p><\/span><span style=\"font-size: 14pt\" lang=\"ES-MX\"><font face=\"Times New Roman\">Ya para 1555 exist\u00eda el hospital de los Otom\u00edes, en 1556 el de los Mexicas y en 1555 el de los Pur\u00e9pechas, todos ellos constructores de la riqueza guanajuatense, erigida en el cerro del Cuarto junto a Marfil, Tepetapa y Santa Ana<o:p><\/o:p><\/font><\/span><span style=\"font-size: 14pt\" lang=\"ES-MX\"><o:p><font face=\"Times New Roman\">\u00a0<\/font><\/o:p><\/span><span style=\"font-size: 14pt\" lang=\"ES-MX\"><font face=\"Times New Roman\"><span>\u00a0\u00a0\u00a0\u00a0\u00a0\u00a0\u00a0\u00a0\u00a0 <\/span><span>\u00a0\u00a0\u00a0\u00a0\u00a0\u00a0\u00a0\u00a0\u00a0\u00a0\u00a0\u00a0\u00a0\u00a0\u00a0\u00a0\u00a0\u00a0\u00a0\u00a0\u00a0\u00a0\u00a0\u00a0\u00a0\u00a0\u00a0\u00a0\u00a0\u00a0\u00a0\u00a0\u00a0\u00a0\u00a0\u00a0\u00a0\u00a0\u00a0\u00a0\u00a0\u00a0\u00a0\u00a0\u00a0\u00a0\u00a0\u00a0\u00a0\u00a0\u00a0\u00a0\u00a0\u00a0\u00a0\u00a0\u00a0\u00a0\u00a0\u00a0\u00a0\u00a0\u00a0\u00a0\u00a0\u00a0\u00a0\u00a0\u00a0\u00a0\u00a0\u00a0\u00a0\u00a0\u00a0\u00a0\u00a0\u00a0<\/span>Jos\u00e9 F\u00e9lix Zavala<o:p><\/o:p><\/font><\/span><span style=\"font-size: 14pt\" lang=\"ES-MX\"><o:p><font face=\"Times New Roman\">\u00a0<\/font><\/o:p><\/span><\/p>\n","protected":false},"excerpt":{"rendered":"<p>\u00a0\u00a0\u00a0\u00a0\u00a0\u00a0\u00a0\u00a0\u00a0 La Valenciana \u00a0 \u00a0 Un \u00f3rgano, un coro, un templo \u00a0 San Cayetano\u00a0\u00a0 Jos\u00e9 F\u00e9lix Zavala\u00a0 El Organo \u00a0 En la parte norte de la ciudad de Guanajuato, est\u00e1 el poblado minero de Valenciana, recostado a la mitad de la falda de una monta\u00f1a, tierra de barreteros. Su templo, s\u00edntesis de la historia de [&hellip;]<\/p>\n","protected":false},"author":249,"featured_media":0,"comment_status":"open","ping_status":"closed","sticky":false,"template":"","format":"standard","meta":{"footnotes":""},"categories":[11,9],"tags":[],"class_list":["post-931","post","type-post","status-publish","format-standard","hentry","category-fotografia","category-otros-lugares"],"_links":{"self":[{"href":"http:\/\/eloficiodehistoriar.com.mx\/index.php?rest_route=\/wp\/v2\/posts\/931","targetHints":{"allow":["GET"]}}],"collection":[{"href":"http:\/\/eloficiodehistoriar.com.mx\/index.php?rest_route=\/wp\/v2\/posts"}],"about":[{"href":"http:\/\/eloficiodehistoriar.com.mx\/index.php?rest_route=\/wp\/v2\/types\/post"}],"author":[{"embeddable":true,"href":"http:\/\/eloficiodehistoriar.com.mx\/index.php?rest_route=\/wp\/v2\/users\/249"}],"replies":[{"embeddable":true,"href":"http:\/\/eloficiodehistoriar.com.mx\/index.php?rest_route=%2Fwp%2Fv2%2Fcomments&post=931"}],"version-history":[{"count":0,"href":"http:\/\/eloficiodehistoriar.com.mx\/index.php?rest_route=\/wp\/v2\/posts\/931\/revisions"}],"wp:attachment":[{"href":"http:\/\/eloficiodehistoriar.com.mx\/index.php?rest_route=%2Fwp%2Fv2%2Fmedia&parent=931"}],"wp:term":[{"taxonomy":"category","embeddable":true,"href":"http:\/\/eloficiodehistoriar.com.mx\/index.php?rest_route=%2Fwp%2Fv2%2Fcategories&post=931"},{"taxonomy":"post_tag","embeddable":true,"href":"http:\/\/eloficiodehistoriar.com.mx\/index.php?rest_route=%2Fwp%2Fv2%2Ftags&post=931"}],"curies":[{"name":"wp","href":"https:\/\/api.w.org\/{rel}","templated":true}]}}