{"id":932,"date":"2008-08-03T08:07:20","date_gmt":"2008-08-03T13:07:20","guid":{"rendered":"https:\/\/eloficiodehistoriar.com.mx\/?p=932"},"modified":"2019-11-04T19:01:31","modified_gmt":"2019-11-05T01:01:31","slug":"templos-y-conventos-en-san-miguel-allende","status":"publish","type":"post","link":"http:\/\/eloficiodehistoriar.com.mx\/?p=932","title":{"rendered":"Templos y conventos en San Miguel Allende"},"content":{"rendered":"<p><img loading=\"lazy\" decoding=\"async\" width=\"120\" src=\"http:\/\/ts4.images.live.com\/images\/thumbnail.aspx?q=1559903876279&amp;id=a387eea71e95c22e73215a0fa1f39b53\" alt=\"sma_corner_statue.jpg\" height=\"160\" style=\"visibility: visible; width: 120px; cursor: pointer; height: 160px\" title=\"sma_corner_statue.jpg\" class=\"img_thumb\" \/><img loading=\"lazy\" decoding=\"async\" width=\"160\" src=\"http:\/\/ts1.images.live.com\/images\/thumbnail.aspx?q=1572820359304&amp;id=40ccc4ee03190eed1366c52853826a60\" alt=\"parroquia01.jpg\" height=\"128\" style=\"visibility: visible; width: 140px; cursor: pointer; height: 112px\" title=\"parroquia01.jpg\" class=\"img_thumb\" \/><img loading=\"lazy\" decoding=\"async\" width=\"160\" src=\"http:\/\/ts4.images.live.com\/images\/thumbnail.aspx?q=1576242446703&amp;id=81ff6924b863173119208c1ce255a16a\" alt=\"sm_g_cupulas.jpg\" height=\"109\" style=\"visibility: visible; width: 160px; cursor: pointer; height: 109px\" title=\"sm_g_cupulas.jpg\" class=\"img_thumb\" \/><\/p>\n<h2 style=\"margin: 0cm 0cm 0pt\"><span style=\"font-size: 14pt\" lang=\"ES-TRAD\"><font face=\"Arial\">En San Miguel El Grande<span>\u00a0\u00a0\u00a0\u00a0 <\/span><o:p><\/o:p><\/font><\/span><\/h2>\n<h2 style=\"margin: 0cm 0cm 0pt\"><span style=\"font-size: 14pt\" lang=\"ES-TRAD\"><o:p><font face=\"Arial\">\u00a0<\/font><\/o:p><\/span><\/h2>\n<h2 style=\"margin: 0cm 0cm 0pt\"><span lang=\"ES-TRAD\"><o:p><font size=\"7\" face=\"Arial\">\u00a0<\/font><\/o:p><\/span><\/h2>\n<h2 style=\"margin: 0cm 0cm 0pt\"><font face=\"Arial\"><span style=\"font-size: 36pt\" lang=\"ES-TRAD\"><span>\u00a0 <\/span><\/span><span style=\"font-size: 18pt\" lang=\"ES-TRAD\">Templos y conventos<o:p><\/o:p><\/span><\/font><\/h2>\n<p><span style=\"font-size: 18pt\" lang=\"ES-TRAD\"><o:p><font face=\"Arial\">\u00a0<\/font><\/o:p><\/span><span style=\"font-size: 14pt\" lang=\"ES-TRAD\"><o:p><font face=\"Arial\">\u00a0<\/font><\/o:p><\/span><\/p>\n<h1 style=\"margin: 0cm 0cm 0pt\"><span style=\"font-family: Arial\" lang=\"ES-TRAD\"><font size=\"5\"><span>\u00a0\u00a0\u00a0\u00a0\u00a0\u00a0\u00a0\u00a0\u00a0\u00a0\u00a0\u00a0\u00a0\u00a0\u00a0\u00a0\u00a0\u00a0\u00a0\u00a0\u00a0\u00a0\u00a0\u00a0\u00a0\u00a0\u00a0\u00a0\u00a0\u00a0\u00a0\u00a0 <\/span><\/font><\/span><\/h1>\n<h1 style=\"margin: 0cm 0cm 0pt\"><span style=\"font-family: Arial\" lang=\"ES-TRAD\"><font size=\"5\"><span><\/span><\/font><\/span><\/h1>\n<h1 style=\"margin: 0cm 0cm 0pt\"><span style=\"font-family: Arial\" lang=\"ES-TRAD\"><font size=\"5\"><span><\/span>Jos\u00e9 F\u00e9lix Zavala<o:p><\/o:p><\/font><\/span><\/h1>\n<p><span style=\"font-size: 14pt\" lang=\"ES-TRAD\"><o:p><font face=\"Arial\">\u00a0<\/font><\/o:p><\/span><span style=\"font-size: 14pt\" lang=\"ES-TRAD\"><o:p><font face=\"Arial\">\u00a0<\/font><\/o:p><\/span><\/p>\n<p style=\"margin: 0cm 0cm 0pt; text-align: justify\" class=\"MsoNormal\"><span lang=\"ES-TRAD\"><\/span><\/p>\n<p style=\"margin: 0cm 0cm 0pt; text-align: justify\" class=\"MsoNormal\"><span lang=\"ES-TRAD\"><\/span><\/p>\n<p><span lang=\"ES-TRAD\"><font face=\"Arial\">Los chichimecas habitantes inmemoriales de esta regi\u00f3n, ten\u00edan sus adoratorios como <em>un jacal hecho de paja muy atusada, cuya hechura solamente a su templo era dedicada y nadie hac\u00eda su casa de aquella manera ni forma.<o:p><\/o:p><\/em><\/font><\/span><span style=\"font-size: 11pt\" lang=\"ES-TRAD\"><o:p><em><font face=\"Arial\">\u00a0<\/font><\/em><\/o:p><\/span><\/p>\n<p style=\"margin: 0cm 0cm 0pt\" class=\"MsoBodyText3\"><span style=\"font-size: 11pt\" lang=\"ES-TRAD\"><em><\/em><\/span><\/p>\n<p><span style=\"font-size: 11pt\" lang=\"ES-TRAD\"><em><font face=\"Arial\">Cuando hab\u00eda malos temporales, todos en general se sub\u00edan a los cerros y all\u00ed ofrec\u00edan a sus dioses sahumerio de copal y papel.<o:p><\/o:p><\/font><\/em><\/span><span lang=\"ES-TRAD\"><o:p><font face=\"Arial\">\u00a0<\/font><\/o:p><\/span><\/p>\n<p style=\"margin: 0cm 0cm 0pt; text-align: justify\" class=\"MsoNormal\"><span lang=\"ES-TRAD\"><\/span><\/p>\n<p><span lang=\"ES-TRAD\"><font face=\"Arial\">La nueva religi\u00f3n, llegada con el invasor llen\u00f3 a San Miguel El Grande de torres y c\u00fapulas, pregonando su permanente esp\u00edritu religioso. Para finales del siglo XVlll, ya exist\u00edan innumerables patronos y fiestas, dicen los cronistas que hubo necesidad de suprimir algunas.<o:p><\/o:p><\/font><\/span><span lang=\"ES-TRAD\"><o:p><font face=\"Arial\">\u00a0<\/font><\/o:p><\/span><\/p>\n<p style=\"margin: 0cm 0cm 0pt\" class=\"MsoBodyText3\"><span style=\"font-size: 11pt\" lang=\"ES-TRAD\"><em><\/em><\/span><\/p>\n<p><span style=\"font-size: 11pt\" lang=\"ES-TRAD\"><em><font face=\"Arial\">La religi\u00f3n de los pueblos otomianos giraba alrededor de la adoraci\u00f3n de dioses personales. Cada dios simbolizaba un oficio o fuerza natural y cada pueblo ten\u00eda un dios patr\u00f3n que se identificaba con un antepasado y que probablemente era el dios del oficio caracter\u00edstico del pueblo.<o:p><\/o:p><\/font><\/em><\/span><span lang=\"ES-TRAD\"><o:p><font face=\"Arial\">\u00a0<\/font><\/o:p><\/span><\/p>\n<p style=\"margin: 0cm 0cm 0pt; text-align: justify\" class=\"MsoNormal\"><span lang=\"ES-TRAD\"><\/span><\/p>\n<p><span lang=\"ES-TRAD\"><font face=\"Arial\">El curato de San Miguel El Grande fue elegido por el obispo de Michoac\u00e1n, Vasco de Quiroga en 1564, construy\u00e9ndose de cal y canto la primera iglesia por el a\u00f1o de 1578 y renovada en 1683 y a principios del siglo XVlll.<o:p><\/o:p><\/font><\/span><span lang=\"ES-TRAD\"><o:p><font face=\"Arial\">\u00a0<\/font><\/o:p><\/span><\/p>\n<p style=\"margin: 0cm 0cm 0pt; text-align: justify\" class=\"MsoNormal\"><span lang=\"ES-TRAD\"><\/span><\/p>\n<p><span lang=\"ES-TRAD\"><font face=\"Arial\">Es este templo parroquial de una sola nave, en forma de cruz latina, con capillas laterales. Tiene una c\u00fapula exagonal, una capilla interior en forma octagonal, su piso es el techo de la cripta de los curas y notables de San Miguel.<o:p><\/o:p><\/font><\/span><span lang=\"ES-TRAD\"><o:p><font face=\"Arial\">\u00a0<\/font><\/o:p><\/span><\/p>\n<p style=\"margin: 0cm 0cm 0pt; text-align: justify\" class=\"MsoNormal\"><span lang=\"ES-TRAD\"><\/span><\/p>\n<p><span lang=\"ES-TRAD\"><font face=\"Arial\">En la torre suenan desde hace muchos a\u00f1os las campanas bautizadas con los nombres de \u201cSan Miguel\u201d, San Pedro\u201d y \u201c<st1:personname ProductID=\"La Luz\" w:st=\"on\">La Luz<\/st1:personname>\u201d. El exterior del templo lo transformaron en \u201cg\u00f3tico\u201d el maestro Seferino Guti\u00e9rrez.<o:p><\/o:p><\/font><\/span><span lang=\"ES-TRAD\"><o:p><font face=\"Arial\">\u00a0<\/font><\/o:p><\/span><\/p>\n<p style=\"margin: 0cm 0cm 0pt; text-align: justify\" class=\"MsoNormal\"><span lang=\"ES-TRAD\"><\/span><\/p>\n<p><span lang=\"ES-TRAD\"><font face=\"Arial\">Junto al dios guerrero Ayonatzytama-yo, identificado por los habitantes del lugar como San Rafael, se le levant\u00f3 un templo al costado del parroquial y que es conocido como \u201c<st1:personname ProductID=\"La Santa\" w:st=\"on\">La Santa<\/st1:personname> escuela\u201d, es una capilla de indios, donde en un principio los tlaxcaltecas, tarascos y mexicanos, recib\u00edan instrucci\u00f3n y sepultaban a sus muertos.<o:p><\/o:p><\/font><\/span><span lang=\"ES-TRAD\"><o:p><font face=\"Arial\">\u00a0<\/font><\/o:p><\/span><\/p>\n<p style=\"margin: 0cm 0cm 0pt; text-align: justify\" class=\"MsoNormal\"><span lang=\"ES-TRAD\"><\/span><\/p>\n<p><span lang=\"ES-TRAD\"><font face=\"Arial\">En la parte de atr\u00e1s de la parroquia, en la calle del Hospicio estuvo el hospital y la iglesia primitiva, este lugar era destinado para el descanso de peregrinos y cuidado de enfermos.<o:p><\/o:p><\/font><\/span><span lang=\"ES-TRAD\"><o:p><font face=\"Arial\">\u00a0<\/font><\/o:p><\/span><\/p>\n<p style=\"margin: 0cm 0cm 0pt; text-align: justify\" class=\"MsoNormal\"><span lang=\"ES-TRAD\"><\/span><\/p>\n<p><span lang=\"ES-TRAD\"><font face=\"Arial\">Otra templo para servicios de los indios fue el de <st1:personname ProductID=\"La Tercera Orden\" w:st=\"on\">La Tercera Orden<\/st1:personname>, que junto con el Convento franciscano y el templo de San Francisco, forman un hermoso conjunto arquitect\u00f3nico.<o:p><\/o:p><\/font><\/span><span lang=\"ES-TRAD\"><o:p><font face=\"Arial\">\u00a0<\/font><\/o:p><\/span><\/p>\n<p style=\"margin: 0cm 0cm 0pt; text-align: justify\" class=\"MsoNormal\"><span lang=\"ES-TRAD\"><\/span><\/p>\n<p><span lang=\"ES-TRAD\"><font face=\"Arial\">El templo de San Francisco es gloria del chirrigueresco sanmiguelense, realizado como todos los grandes edificios de la \u00e9poca de la invasi\u00f3n europea, por manos ind\u00edgenas, que dejaron su huella, en forma s\u00edmbolos pre hisp\u00e1nicos, para perpetuo recuerdo.<o:p><\/o:p><\/font><\/span><span lang=\"ES-TRAD\"><o:p><font face=\"Arial\">\u00a0<\/font><\/o:p><\/span><\/p>\n<p style=\"margin: 0cm 0cm 0pt; text-align: justify\" class=\"MsoNormal\"><span lang=\"ES-TRAD\"><\/span><\/p>\n<p><span lang=\"ES-TRAD\"><font face=\"Arial\">Se comenz\u00f3 a construir el templo por el a\u00f1o de 1779 y se termin\u00f3 en 1799, su fachada la llaman los conocedores \u201cdanza de piedra\u201d.<o:p><\/o:p><\/font><\/span><span lang=\"ES-TRAD\"><o:p><font face=\"Arial\">\u00a0<\/font><\/o:p><\/span><\/p>\n<p style=\"margin: 0cm 0cm 0pt; text-align: justify\" class=\"MsoNormal\"><span lang=\"ES-TRAD\"><\/span><\/p>\n<p><span lang=\"ES-TRAD\"><font face=\"Arial\">Tiene tres cuerpos, la fachada principal, sus entrecalles las separan columnas j\u00f3nicas y se mezclan graciosamente r\u00f3leos y follaje. Existen cuatro nichos, resaltan los de santo Domingo y San Francisco y entre \u00e1ngeles y catorce medallones hay dos nichos monumentales uno en cada cuerpo, en el primero esta <st1:personname ProductID=\"la Inmaculada Concepci\u00f3n\" w:st=\"on\">la Inmaculada Concepci\u00f3n<\/st1:personname> y se rodea de santos franciscanos y en el segundo el ventanal, escoltado por santas de la orden franciscana, rematando con un Cristo en cantera bellamente labrada, acompa\u00f1ado por San Juan Evangelista y una Dolorosa. <o:p><\/o:p><\/font><\/span><span lang=\"ES-TRAD\"><o:p><font face=\"Arial\">\u00a0<\/font><\/o:p><\/span><\/p>\n<p style=\"margin: 0cm 0cm 0pt; text-align: justify\" class=\"MsoNormal\"><span lang=\"ES-TRAD\"><font face=\"Arial\"><span><\/span><\/font><\/span><\/p>\n<p><span lang=\"ES-TRAD\"><font face=\"Arial\"><span>\u00a0<\/span>La torre es esbelta, con tres cuerpos. La puerta lateral del templo tiene tambi\u00e9n tres cuerpos, adornada con follaje, cinco nichos, ventanal al remate, la forman cuatro columnas salom\u00f3nicas en solo dos de los cuerpos.<o:p><\/o:p><\/font><\/span><span lang=\"ES-TRAD\"><o:p><font face=\"Arial\">\u00a0<\/font><\/o:p><\/span><\/p>\n<p style=\"margin: 0cm 0cm 0pt; text-align: justify\" class=\"MsoNormal\"><span lang=\"ES-TRAD\"><\/span><\/p>\n<p><span lang=\"ES-TRAD\"><font face=\"Arial\">El templo es de una sola nave, en forma de cruz latina, once altares, seis b\u00f3vedas y un coro con barandal de madera, parece de \u00e9poca. La c\u00fapula que parte de cuatro columnas torales, con sus respectivas pechinas, d\u00e1ndole esbeltez,<span>\u00a0 <\/span>tiene tambor octagonal, es de media naranja y remata con una linternilla.<o:p><\/o:p><\/font><\/span><span lang=\"ES-TRAD\"><o:p><font face=\"Arial\">\u00a0<\/font><\/o:p><\/span><\/p>\n<p style=\"margin: 0cm 0cm 0pt; text-align: justify\" class=\"MsoNormal\"><span lang=\"ES-TRAD\"><\/span><\/p>\n<p><span lang=\"ES-TRAD\"><font face=\"Arial\">En la sacrist\u00eda se pueden admirar los lienzos de \u201cEl sue\u00f1o de San Jos\u00e9\u201d y \u201c<st1:personname ProductID=\"La Piedad\" w:st=\"on\">La Piedad<\/st1:personname>\u201d.<o:p><\/o:p><\/font><\/span><span lang=\"ES-TRAD\"><font face=\"Arial\">Los indios que levantaron esta ciudad, piedra a piedra, en tiempos anteriores ya hab\u00edan levantado otras bellamente hermosas como Tula o Teotihuacan.<o:p><\/o:p><\/font><\/span><span lang=\"ES-TRAD\"><o:p><font face=\"Arial\">\u00a0<\/font><\/o:p><\/span><\/p>\n<p style=\"margin: 0cm 0cm 0pt; text-align: justify\" class=\"MsoNormal\"><em><span lang=\"ES-TRAD\"><\/span><\/em><\/p>\n<p><em><span lang=\"ES-TRAD\"><font face=\"Arial\">Ten\u00edan se\u00f1alados sus pueblos y sus barrios que ellos llebaban calpullis y acudan con sus servicios a su Se\u00f1or y este ten\u00eda en cada pueblo o calpulles, un principal por gobernador perpetuo.<o:p><\/o:p><\/font><\/span><\/em><span lang=\"ES-TRAD\"><o:p><font face=\"Arial\">\u00a0<\/font><\/o:p><\/span><\/p>\n<p style=\"margin: 0cm 0cm 0pt\" class=\"MsoBodyText\"><span style=\"font-size: 11pt; font-family: Arial\" lang=\"ES-TRAD\"><\/span><\/p>\n<p><span style=\"font-size: 11pt; font-family: Arial\" lang=\"ES-TRAD\">Cinco torres, un convento y un colegio, forman la fiesta del barroco en San Miguel El grande, es este lugar con su plaza un bello conjunto, como los grandes centros ceremoniales pre hisp\u00e1nicos, para las grandes ceremonias religiosas, todo esta lleno de misticismo, de fachas, de nichos, de portones.<o:p><\/o:p><\/span><span lang=\"ES-TRAD\"><o:p><font face=\"Arial\">\u00a0<\/font><\/o:p><\/span><\/p>\n<p style=\"margin: 0cm 0cm 0pt; text-align: justify\" class=\"MsoNormal\"><span lang=\"ES-TRAD\"><\/span><\/p>\n<p><span lang=\"ES-TRAD\"><font face=\"Arial\">Ignacio Trujillo, obispo de Valladolid autoriz\u00f3 la creaci\u00f3n del Oratorio Felipense, gloria de la arquitectura de San Miguel El Grande, un 21 de abril de 1712.<o:p><\/o:p><\/font><\/span><em><span lang=\"ES-TRAD\"><o:p><font face=\"Arial\">\u00a0<\/font><\/o:p><\/span><\/em><\/p>\n<p style=\"margin: 0cm 0cm 0pt; text-align: justify\" class=\"MsoNormal\"><span lang=\"ES-TRAD\"><\/span><\/p>\n<p><span lang=\"ES-TRAD\"><font face=\"Arial\">La fachada del Oratorio es barroca mexicana, claro, llena de follaje en sus dos cuerpos y su remate, las cuatro columnas salom\u00f3nicas abarcan los dos cuerpos y en las entrecalles est\u00e1n cuatro nichos, en los primeros se ven a San Pedro y a San Pablo, en el remate un San Jos\u00e9 y la ventana que ilumina el coro.<o:p><\/o:p><\/font><\/span><span lang=\"ES-TRAD\"><o:p><font face=\"Arial\">\u00a0<\/font><\/o:p><\/span><\/p>\n<p style=\"margin: 0cm 0cm 0pt; text-align: justify\" class=\"MsoNormal\"><span lang=\"ES-TRAD\"><\/span><\/p>\n<p><span lang=\"ES-TRAD\"><font face=\"Arial\">La portada lateral tiene un arco de medio punto y remata con una escultura de <st1:personname ProductID=\"la Anunciaci\u00f3n\" w:st=\"on\">la Anunciaci\u00f3n<\/st1:personname> y la ventana, todo con follaje.<o:p><\/o:p><\/font><\/span><span lang=\"ES-TRAD\"><o:p><font face=\"Arial\">\u00a0<\/font><\/o:p><\/span><\/p>\n<p style=\"margin: 0cm 0cm 0pt; text-align: justify\" class=\"MsoNormal\"><span lang=\"ES-TRAD\"><\/span><\/p>\n<p><span lang=\"ES-TRAD\"><font face=\"Arial\">El Convento felipense da a la plaza con doce ventanales, mientras las torres de tres cuerpos se ve sencilla.<o:p><\/o:p><\/font><\/span><span lang=\"ES-TRAD\"><o:p><font face=\"Arial\">\u00a0<\/font><\/o:p><\/span><\/p>\n<p style=\"margin: 0cm 0cm 0pt; text-align: justify\" class=\"MsoNormal\"><span lang=\"ES-TRAD\"><\/span><\/p>\n<p><span lang=\"ES-TRAD\"><font face=\"Arial\">La nave del templo tiene forma de cruz latina, seis b\u00f3vedas, tres de ellas nervadas, por doquiera aparecen \u00f3leos con datos de la vida de san Felipe Neri. La c\u00fapula con tambor octagonal y de media naranja, remata con su linternilla. El coro y su barandal nos permiten ver la caja del \u00f3rgano plateresco del siglo XVlll.<o:p><\/o:p><\/font><\/span><em><span lang=\"ES-TRAD\"><o:p><font face=\"Arial\">\u00a0<\/font><\/o:p><\/span><\/em><\/p>\n<p style=\"margin: 0cm 0cm 0pt\" class=\"MsoBodyText3\"><span style=\"font-size: 11pt\" lang=\"ES-TRAD\"><em><\/em><\/span><\/p>\n<p><span style=\"font-size: 11pt\" lang=\"ES-TRAD\"><em><font face=\"Arial\">\u201cHay convento de padres felipenses observantes, con una bella capilla de <st1:personname ProductID=\"la Tercera\" w:st=\"on\">la Tercera<\/st1:personname> orden, Oratorio de San Felipe Neri, con varias becas para colegiales y estudios mayores y menores y tambi\u00e9n escuela para ni\u00f1os, todo a la direcci\u00f3n de dichos padres del Oratorio, tiene una suntuos\u00edsima capilla de Nuestra Se\u00f1ora de Loreto, adornada ricamente\u201d.<o:p><\/o:p><\/font><\/em><\/span><span lang=\"ES-TRAD\"><o:p><font face=\"Arial\">\u00a0<\/font><\/o:p><\/span><\/p>\n<p style=\"margin: 0cm 0cm 0pt; text-align: justify\" class=\"MsoNormal\"><span lang=\"ES-TRAD\"><\/span><\/p>\n<p><span lang=\"ES-TRAD\"><font face=\"Arial\">Dentro de este hermoso conjunto o ciudadela religiosa, dos c\u00fapulas arabescas<span>\u00a0 <\/span>y una torre ricamente adornada, dan vista desde lo lejos a la capilla de los condes De La canal, es la llamada casa de Loreto, entrando por el costado lateral izquierdo del Oratorio felipense.<o:p><\/o:p><\/font><\/span><span lang=\"ES-TRAD\"><o:p><font face=\"Arial\">\u00a0<\/font><\/o:p><\/span><\/p>\n<p style=\"margin: 0cm 0cm 0pt\" class=\"MsoBodyText\"><span style=\"font-size: 11pt; font-family: Arial\" lang=\"ES-TRAD\"><\/span><\/p>\n<p><span style=\"font-size: 11pt; font-family: Arial\" lang=\"ES-TRAD\">Al entrar se topa uno gratamente con una bella fachada portada en piedra dorada, con dos pares de columnas salom\u00f3nicas que sostienen el balustre y remata en un ventanal.<o:p><\/o:p><\/span><span lang=\"ES-TRAD\"><o:p><font face=\"Arial\">\u00a0<\/font><\/o:p><\/span><\/p>\n<p style=\"margin: 0cm 0cm 0pt; text-align: justify\" class=\"MsoNormal\"><span lang=\"ES-TRAD\"><\/span><\/p>\n<p><span lang=\"ES-TRAD\"><font face=\"Arial\">Angeles ni\u00f1os escalan las columnas, mientras arriba del remate se puede leer: \u201c<em>Esta es la casa en al que el hijo de Dios se hizo hombre\u201d. <o:p><\/o:p><\/em><\/font><\/span><span lang=\"ES-TRAD\"><o:p><font face=\"Arial\">\u00a0<\/font><\/o:p><\/span><\/p>\n<p style=\"margin: 0cm 0cm 0pt; text-align: justify\" class=\"MsoNormal\"><span lang=\"ES-TRAD\"><\/span><\/p>\n<p><span lang=\"ES-TRAD\"><font face=\"Arial\">Esta capilla fue fundaci\u00f3n y construcci\u00f3n de Manuel Tom\u00e1s De La canal, por el a\u00f1o de 1736, con un costo de 36 mil pesos.<o:p><\/o:p><\/font><\/span><span lang=\"ES-TRAD\"><o:p><font face=\"Arial\">\u00a0<\/font><\/o:p><\/span><\/p>\n<p style=\"margin: 0cm 0cm 0pt; text-align: justify\" class=\"MsoNormal\"><span lang=\"ES-TRAD\"><\/span><\/p>\n<p><span lang=\"ES-TRAD\"><font face=\"Arial\">Ala entrada de <st1:personname ProductID=\"la Casa\" w:st=\"on\">la Casa<\/st1:personname> de <st1:personname ProductID=\"la Virgen\" w:st=\"on\">la Virgen<\/st1:personname>, hay una reja con ventana, el piso es de azulejos azules, amarillos y verdes. El techo est\u00e1 decorado con medallones dorados y espejuelos, cromos chinos, valencianos y poblanos, cortinajes tis\u00fa y reliquias.<o:p><\/o:p><\/font><\/span><span lang=\"ES-TRAD\"><o:p><font face=\"Arial\">\u00a0<\/font><\/o:p><\/span><\/p>\n<p style=\"margin: 0cm 0cm 0pt; text-align: justify\" class=\"MsoNormal\"><span lang=\"ES-TRAD\"><\/span><\/p>\n<p><span lang=\"ES-TRAD\"><font face=\"Arial\">Salta a la vista un camer\u00edn de <st1:personname ProductID=\"la Virgen\" w:st=\"on\">la Virgen<\/st1:personname> de Loreto, vestida a la usanza de las damas medievales, una triple corona, sobre ella baja el Esp\u00edritu Santo, salido de un resplandor de madera dorada y las letras \u201cMadre y Virgen\u201d, nueve candiles y una torrecilla en forma de corona, anunciando al pueblo de San Miguel El Grande, la existencia arrobadora de dicha capilla.<o:p><\/o:p><\/font><\/span><span lang=\"ES-TRAD\"><o:p><font face=\"Arial\">\u00a0<\/font><\/o:p><\/span><\/p>\n<p style=\"margin: 0cm 0cm 0pt; text-align: justify\" class=\"MsoNormal\"><span lang=\"ES-TRAD\"><\/span><\/p>\n<p><span lang=\"ES-TRAD\"><font face=\"Arial\">Se ve a los condes De <st1:personname ProductID=\"La Canal\" w:st=\"on\">La Canal<\/st1:personname> de rodillas, sosteniendo las l\u00e1mparas votivas, mientras flanquean a <st1:personname ProductID=\"la Virgen San\" w:st=\"on\">la Virgen San<\/st1:personname> Joaqu\u00edn y Santa Ana. Algunos frescos acerca de la casa de <st1:personname ProductID=\"la Virgen\" w:st=\"on\">la Virgen<\/st1:personname> ilustran el lugar.<o:p><\/o:p><\/font><\/span><span lang=\"ES-TRAD\"><o:p><font face=\"Arial\">\u00a0<\/font><\/o:p><\/span><\/p>\n<p style=\"margin: 0cm 0cm 0pt; text-align: justify\" class=\"MsoNormal\"><span lang=\"ES-TRAD\"><\/span><\/p>\n<p><span lang=\"ES-TRAD\"><font face=\"Arial\">Existe lo que era la capilla privada de los condes o camer\u00edn posterior, de planta octagonal, con pilastras adosadas a los muros y que al cruzarse toman la estructura de la b\u00f3veda y sostienen la linternilla que en forma de tiara remata la capilla.<o:p><\/o:p><\/font><\/span><span lang=\"ES-TRAD\"><o:p><font face=\"Arial\">\u00a0<\/font><\/o:p><\/span><\/p>\n<p style=\"margin: 0cm 0cm 0pt; text-align: justify\" class=\"MsoNormal\"><span lang=\"ES-TRAD\"><\/span><\/p>\n<p><span lang=\"ES-TRAD\"><font face=\"Arial\">En esta peque\u00f1a capilla existen seis altares, peque\u00f1as esculturas, \u00e1ngeles y arc\u00e1ngeles custodian el lugar, en el altar del frente los restos funerarios de San Colombo y una imagen de San Jos\u00e9 custodiada por la del di\u00e1cono San Lorenzo y la virgen Santa Cecilia, que dan lo mejor del estofado en madera del lugar.<o:p><\/o:p><\/font><\/span><span lang=\"ES-TRAD\"><o:p><font face=\"Arial\">\u00a0<\/font><\/o:p><\/span><\/p>\n<p style=\"margin: 0cm 0cm 0pt; text-align: justify\" class=\"MsoNormal\"><span lang=\"ES-TRAD\"><\/span><\/p>\n<p><span lang=\"ES-TRAD\"><font face=\"Arial\">La luz penetra por siete ventanas octagonales, conchas de la gracia las rematan, los retablos dorados de un cuerpo y copete a \u00e1ngeles en vuelo el que sostengan medallones con iconograf\u00eda de <st1:personname ProductID=\"la Virgen\" w:st=\"on\">la Virgen<\/st1:personname>, como reina del cielo y co-redentora de las \u00e1nimas.<o:p><\/o:p><\/font><\/span><span lang=\"ES-TRAD\"><o:p><font face=\"Arial\">\u00a0<\/font><\/o:p><\/span><\/p>\n<p style=\"margin: 0cm 0cm 0pt; text-align: justify\" class=\"MsoNormal\"><span lang=\"ES-TRAD\"><\/span><\/p>\n<p><span lang=\"ES-TRAD\"><font face=\"Arial\">Resaltan en este lugar peque\u00f1as esculturas de santo Domingo, San Francisco, San Ignacio de Loyola, San Felipe Neri y otros cinco santos m\u00e1s, fundadores de ordenes religiosas, mientras en las pechinas y la linternilla aparecen frescos de no muy buen gusto.<o:p><\/o:p><\/font><\/span><span lang=\"ES-TRAD\"><o:p><font face=\"Arial\">\u00a0<\/font><\/o:p><\/span><\/p>\n<p style=\"margin: 0cm 0cm 0pt; text-align: justify\" class=\"MsoNormal\"><span lang=\"ES-TRAD\"><\/span><\/p>\n<p><span lang=\"ES-TRAD\"><font face=\"Arial\">Es importante resaltar en la decoraci\u00f3n de esta peque\u00f1a capilla, su estilo mestizo, se ven corazones en rojo vivo, del mistic9ismo espa\u00f1ol y cuatro mascarones del m\u00e1s puro estilo pre hisp\u00e1nico.<o:p><\/o:p><\/font><\/span><span lang=\"ES-TRAD\"><o:p><font face=\"Arial\">\u00a0<\/font><\/o:p><\/span><\/p>\n<p style=\"margin: 0cm 0cm 0pt; text-align: justify\" class=\"MsoNormal\"><span lang=\"ES-TRAD\"><\/span><\/p>\n<p><span lang=\"ES-TRAD\"><font face=\"Arial\">A la salida de la capilla esta un p\u00falpito con un \u00e1ngel sosteniendo el sol y los cuatro evangelistas, adem\u00e1s del rostro de Cristo, inspirador de sus bi\u00f3grafos.<o:p><\/o:p><\/font><\/span><span lang=\"ES-TRAD\"><o:p><font face=\"Arial\">\u00a0<\/font><\/o:p><\/span><\/p>\n<p style=\"margin: 0cm 0cm 0pt; text-align: justify\" class=\"MsoNormal\"><span lang=\"ES-TRAD\"><\/span><\/p>\n<p><span lang=\"ES-TRAD\"><font face=\"Arial\">En esta misma ciudadela religiosa se encuentra el templo de Nuestra se\u00f1ora de la salud, original capilla intercalada entre el claustro y el colegio, construida por Felipe Neri Alfaro, a fines del siglo XVlll.<o:p><\/o:p><\/font><\/span><span lang=\"ES-TRAD\"><o:p><font face=\"Arial\">\u00a0<\/font><\/o:p><\/span><\/p>\n<p style=\"margin: 0cm 0cm 0pt; text-align: justify\" class=\"MsoNormal\"><span lang=\"ES-TRAD\"><\/span><\/p>\n<p><span lang=\"ES-TRAD\"><font face=\"Arial\">En su interior se encuentra un Cristo de Rodr\u00edguez Ju\u00e1rez, un San Javier de cabrera, una Guadalupana de Antonio Torres y un no despreciable cipr\u00e9s, donde anida <st1:personname ProductID=\"la Virgen\" w:st=\"on\">la Virgen<\/st1:personname> de <st1:personname ProductID=\"la Salud.\" w:st=\"on\">la Salud.<\/st1:personname><o:p><\/o:p><\/font><\/span><span lang=\"ES-TRAD\"><o:p><font face=\"Arial\">\u00a0<\/font><\/o:p><\/span><\/p>\n<p style=\"margin: 0cm 0cm 0pt; text-align: justify\" class=\"MsoNormal\"><span lang=\"ES-TRAD\"><\/span><\/p>\n<p><span lang=\"ES-TRAD\"><font face=\"Arial\">La portada es una concha gigantesca que guarece a cinco esculturas, tiene dos cuerpos y remate, torre de un solo cuerpo. La b\u00f3veda remata con una linternilla estilo arabesco.<o:p><\/o:p><\/font><\/span><span lang=\"ES-TRAD\"><o:p><font face=\"Arial\">\u00a0<\/font><\/o:p><\/span><\/p>\n<p style=\"margin: 0cm 0cm 0pt; text-align: justify\" class=\"MsoNormal\"><span lang=\"ES-TRAD\"><\/span><\/p>\n<p><span lang=\"ES-TRAD\"><font face=\"Arial\">En esta capilla se daban las \u201cborlas\u201d del doctorado a los alumnos del colegio de San Francisco de sales. Colegio ahora ya destruido casi en su totalidad y que parece magn\u00edfico en su fachada que remata con una espada\u00f1a y torreoncillos en todo lo largo del edifico que da a la plaza o ciudadela.<o:p><\/o:p><\/font><\/span><span lang=\"ES-TRAD\"><o:p><font face=\"Arial\">\u00a0<\/font><\/o:p><\/span><\/p>\n<p style=\"margin: 0cm 0cm 0pt; text-align: justify\" class=\"MsoNormal\"><span lang=\"ES-TRAD\"><\/span><\/p>\n<p><span lang=\"ES-TRAD\"><font face=\"Arial\">Los alumnos que estudiaron en este colegio fueron tanto espa\u00f1oles, como criollos e indios, se ense\u00f1\u00f3 desde leer, escribir, contar y hasta filosof\u00eda. Esto nos lo recuerda el Doctor Gamarra.<o:p><\/o:p><\/font><\/span><span lang=\"ES-TRAD\"><o:p><font face=\"Arial\">\u00a0<\/font><\/o:p><\/span><\/p>\n<p style=\"margin: 0cm 0cm 0pt; text-align: justify\" class=\"MsoNormal\"><span lang=\"ES-TRAD\"><\/span><\/p>\n<p><span lang=\"ES-TRAD\"><font face=\"Arial\">\u201c Y con facultades de que sus congregantes puedan ense\u00f1ar p\u00fablicamente a los ni\u00f1os en la escuela y a los mayores ense\u00f1arles gram\u00e1tica, ret\u00f3rica, filosof\u00eda y teolog\u00eda, teniendo, los que all\u00ed estudien, el privilegio de graduarse en la universidad de M\u00e9xico&#8230;\u201d. Son palabras del Rey de Espa\u00f1a.<o:p><\/o:p><\/font><\/span><span lang=\"ES-TRAD\"><o:p><font face=\"Arial\">\u00a0<\/font><\/o:p><\/span><\/p>\n<p style=\"margin: 0cm 0cm 0pt; text-align: justify\" class=\"MsoNormal\"><span lang=\"ES-TRAD\"><\/span><\/p>\n<p><span lang=\"ES-TRAD\"><font face=\"Arial\">Este logro del felipense Antonio P\u00e9rez de espinosa se traduce en las palabras que sobre el edificio se dijeron: \u201cEl edificio noble y severo subsiste, &#8211; patio, fuente, silencioso, triste &#8211; se inici\u00f3 su construcci\u00f3n en mayo de 1734. El hombre m\u00e1s ilustre que ha salido de \u00e9l fue Juan Benito D\u00edaz de Gamarra, nacido en la ciudad de Zamora en 1745.<o:p><\/o:p><\/font><\/span><span lang=\"ES-TRAD\"><o:p><font face=\"Arial\">\u00a0<\/font><\/o:p><\/span><\/p>\n<p style=\"margin: 0cm 0cm 0pt; text-align: justify\" class=\"MsoNormal\"><span lang=\"ES-TRAD\"><\/span><\/p>\n<p><span lang=\"ES-TRAD\"><font face=\"Arial\">Los padres felipenses, Hip\u00f3lito Aguado, Mart\u00edn Zamudio y el famoso Padre Alfaro, fueron los que inundaron de vestales a San Miguel El Grande, con las fundaciones de los beaterios de dominicas, y capuchinas, m\u00e1s el convento de concepcionistas. Convento real, colegio de ni\u00f1as y los templos de santo Domingo, Santa Ana y el llamado \u201cLas Monjas\u201d.<o:p><\/o:p><\/font><\/span><span lang=\"ES-TRAD\"><o:p><font face=\"Arial\">\u00a0<\/font><\/o:p><\/span><\/p>\n<p style=\"margin: 0cm 0cm 0pt; text-align: justify\" class=\"MsoNormal\"><span lang=\"ES-TRAD\"><\/span><\/p>\n<p><span lang=\"ES-TRAD\"><font face=\"Arial\">A este monumental convento de religiosas concepcionistas, lleg\u00f3 su primera abadesa un primero de febrero de 1756, era Sor Antonia, ven\u00eda acompa\u00f1ada de las monjas de coro sor Mar\u00eda Gertrudis y sor Felipa, salidas las tres del convento de la ciudad de M\u00e9xico, llamado<span>\u00a0 <\/span>\u201cRegina Coelli\u201d.<o:p><\/o:p><\/font><\/span><span lang=\"ES-TRAD\"><o:p><font face=\"Arial\">\u00a0<\/font><\/o:p><\/span><\/p>\n<p style=\"margin: 0cm 0cm 0pt; text-align: justify\" class=\"MsoNormal\"><span lang=\"ES-TRAD\"><\/span><\/p>\n<p><span lang=\"ES-TRAD\"><font face=\"Arial\">La construcci\u00f3n del templo convento de las concepcionistas, fueron Francisco Mart\u00ednez Gudi\u00f1o, Pedro Joaqu\u00edn Tapia y Salvador Antonio Hern\u00e1ndez, los tres destacados \u201c alarifes y maestros de arquitectura\u201d.<o:p><\/o:p><\/font><\/span><em><span lang=\"ES-TRAD\"><o:p><font face=\"Arial\">\u00a0<\/font><\/o:p><\/span><\/em><\/p>\n<p style=\"margin: 0cm 0cm 0pt\" class=\"MsoBodyText3\"><span style=\"font-size: 11pt\" lang=\"ES-TRAD\"><em><\/em><\/span><\/p>\n<p><span style=\"font-size: 11pt\" lang=\"ES-TRAD\"><em><font face=\"Arial\">Habiendo medido el solar resultaba una iglesia con 61 varas de largo, 11 de ancho y 16 y medio de alto, incluyendo el coro, que tiene de largo 16 varas. Contiguo a la misma iglesia y corre paralelo con \u00e9sta, el antecoro bajo y alto, m\u00e1s dos pasadizos generales, escaleras, sacrist\u00eda interior y exterior, quedando encima de esta un \u201cni\u00f1eado \u201c y un noviciado.<o:p><\/o:p><\/font><\/em><\/span><span lang=\"ES-TRAD\"><o:p><font face=\"Arial\">\u00a0<\/font><\/o:p><\/span><\/p>\n<p style=\"margin: 0cm 0cm 0pt\" class=\"MsoBodyText3\"><span style=\"font-size: 11pt\" lang=\"ES-TRAD\"><em><\/em><\/span><\/p>\n<p><span style=\"font-size: 11pt\" lang=\"ES-TRAD\"><em><font face=\"Arial\">Por otra parte, al oriente, corre uno de los costados del convento, que contiene en si porter\u00eda exterior e interior, cuatro rejas para capillas o devocionarios, el claustro tiene dos danzas de arcos, todo \u00e9l de 30 varas&#8230;<o:p><\/o:p><\/font><\/em><\/span><span style=\"font-size: 11pt\" lang=\"ES-TRAD\"><o:p><em><font face=\"Arial\">\u00a0<\/font><\/em><\/o:p><\/span><\/p>\n<p style=\"margin: 0cm 0cm 0pt; text-align: justify\" class=\"MsoNormal\"><span lang=\"ES-TRAD\"><\/span><\/p>\n<p><span lang=\"ES-TRAD\"><font face=\"Arial\">La construcci\u00f3n de la c\u00fapula del templo de Las Monjas, es posterior ala construcci\u00f3n principal, por casi cien a\u00f1os<em>. \u201cConsta de dos cuerpos, el primero sostenido por columnas corintias pareadas, que hacen marco a los ocho amplios ventanales, el segundo empieza con un barandal donde se ostentan estatuas de santos, precisamente arriba de cada par de columnas del primer cuerpo, acus\u00e1ndose Tambi\u00e9n la balaustrada, remata en una graciosa linternilla, coronada con una estatua de <st1:personname ProductID=\"la Concepci\u00f3n\" w:st=\"on\">la Concepci\u00f3n<\/st1:personname>\u201d.<o:p><\/o:p><\/em><\/font><\/span><span lang=\"ES-TRAD\"><o:p><font face=\"Arial\">\u00a0<\/font><\/o:p><\/span><\/p>\n<p style=\"margin: 0cm 0cm 0pt; text-align: justify\" class=\"MsoNormal\"><span lang=\"ES-TRAD\"><\/span><\/p>\n<p><span lang=\"ES-TRAD\"><font face=\"Arial\">La iglesia tiene pesantes y como todo convento femenino las puertas de acceso, son laterales, es el templo austero, alto, en forma de cruz latina, al centro del altar mayor se distingue una Inmaculada Concepci\u00f3n de gran factura, un San Jos\u00e9 policromado, que vale la pena detenerse a admirarlo. Las rejas de los coros son enormes, fuertes y sencillas. Los grandes pintores de \u00e9poca, Cabrera y Ju\u00e1rez, tienen obra en \u00e9l y decoran el coro.<o:p><\/o:p><\/font><\/span><span lang=\"ES-TRAD\"><o:p><font face=\"Arial\">\u00a0<\/font><\/o:p><\/span><\/p>\n<p style=\"margin: 0cm 0cm 0pt; text-align: justify\" class=\"MsoNormal\"><span lang=\"ES-TRAD\"><font face=\"Arial\"><span><\/span><\/font><\/span><\/p>\n<p><span lang=\"ES-TRAD\"><font face=\"Arial\"><span>\u00a0<\/span>Sor Mar\u00eda Josefa de <st1:personname ProductID=\"la Sant\u00edsima Trinidad\" w:st=\"on\">la Sant\u00edsima Trinidad<\/st1:personname>, hija de los condes De La canal, tom\u00f3 los h\u00e1bitos de las monjas concepcionistas, en la capilla privada de sus padres, la llamada \u201cSanta casa de Loreto\u201d, en el Oratorio felipense, ante el obispo michoacano, Mons. Elizacochea y esta enterrada seg\u00fan la costumbre en el coro bajo del templo de las Monjas. Este convento y templo se levantaron con la dote de esta monja.<o:p><\/o:p><\/font><\/span><span lang=\"ES-TRAD\"><o:p><font face=\"Arial\">\u00a0<\/font><\/o:p><\/span><\/p>\n<p style=\"margin: 0cm 0cm 0pt; text-align: justify\" class=\"MsoNormal\"><span lang=\"ES-TRAD\"><\/span><\/p>\n<p><span lang=\"ES-TRAD\"><font face=\"Arial\">La fachada principal del templo de las monjas concepcionistas es de dos cuerpos y remate, con cuatro columnas en cada cuerpo y en las entre calles nichos.<o:p><\/o:p><\/font><\/span><span lang=\"ES-TRAD\"><o:p><font face=\"Arial\">\u00a0<\/font><\/o:p><\/span><\/p>\n<p style=\"margin: 0cm 0cm 0pt; text-align: justify\" class=\"MsoNormal\"><span lang=\"ES-TRAD\"><\/span><\/p>\n<p><span lang=\"ES-TRAD\"><font face=\"Arial\">Resaltan las esculturas de San Pedro y San Pablo, arriba la de la patrona, Santa Beatriz Reina y en medio de hojarasca, la puerta, con arco de medio punto y una ventana entre dos peque\u00f1as columnas, en el remate en una especie de concha, interrumpida por cuatro columnas, destaca un San Jos\u00e9, patrono, tanto de las monjas, como de los condes y de <st1:personname ProductID=\"la Nueva Espa\u00f1a.\" w:st=\"on\">la Nueva Espa\u00f1a.<\/st1:personname><o:p><\/o:p><\/font><\/span><span lang=\"ES-TRAD\"><o:p><font face=\"Arial\">\u00a0<\/font><\/o:p><\/span><\/p>\n<p style=\"margin: 0cm 0cm 0pt; text-align: justify\" class=\"MsoNormal\"><span lang=\"ES-TRAD\"><\/span><\/p>\n<p><span lang=\"ES-TRAD\"><font face=\"Arial\">C\u00f3mo un castillo medieval, se divisa a lo lejos, con muros altos de recio mamposteo, s\u00f3lidos contrafuertes, espada\u00f1a llena de campanas, espada\u00f1a graciosa, donde suena en hermoso argentino, la llamada campana<span>\u00a0 <\/span>\u201cGuadalupe\u201d.<o:p><\/o:p><\/font><\/span><span lang=\"ES-TRAD\"><o:p><font face=\"Arial\">\u00a0<\/font><\/o:p><\/span><\/p>\n<p style=\"margin: 0cm 0cm 0pt; text-align: justify\" class=\"MsoNormal\"><span lang=\"ES-TRAD\"><\/span><\/p>\n<p><span lang=\"ES-TRAD\"><font face=\"Arial\">Es el templo del beaterio dominico, sorprendente y admirable, construido a iniciativa del felipense Fray Mar\u00edn Zamudio en 1735 y conocido por mucho tiempo entre los lugare\u00f1os como el santuario de <st1:personname ProductID=\"la Virgen\" w:st=\"on\">la Virgen<\/st1:personname> de Guadalupe.<o:p><\/o:p><\/font><\/span><span lang=\"ES-TRAD\"><o:p><font face=\"Arial\">\u00a0<\/font><\/o:p><\/span><span lang=\"ES-TRAD\"><o:p><font face=\"Arial\">\u00a0<\/font><\/o:p><\/span><\/p>\n<p style=\"margin: 0cm 0cm 0pt; text-align: justify\" class=\"MsoNormal\"><span lang=\"ES-TRAD\"><\/span><\/p>\n<p><span lang=\"ES-TRAD\"><font face=\"Arial\">El beaterio de santo Domingo est\u00e1 \u201cencaramado\u201d en el cerro de <st1:personname ProductID=\"La Cruz\" w:st=\"on\">La Cruz<\/st1:personname>, al t\u00e9rmino de la calle del Correo y dentro de los l\u00edmites de la hacienda El atascadero.<o:p><\/o:p><\/font><\/span><span lang=\"ES-TRAD\"><o:p><font face=\"Arial\">\u00a0<\/font><\/o:p><\/span><\/p>\n<p style=\"margin: 0cm 0cm 0pt; text-align: justify\" class=\"MsoNormal\"><span lang=\"ES-TRAD\"><\/span><\/p>\n<p><span lang=\"ES-TRAD\"><font face=\"Arial\">Las beatas habitantes de este lugar, viv\u00edan en pobreza pero desde luego a la usanza de la \u00e9poca, en peque\u00f1as casitas o celdas, junto con sus doncellas y dieron vida al san Miguel El Grande.<o:p><\/o:p><\/font><\/span><span lang=\"ES-TRAD\"><o:p><font face=\"Arial\">\u00a0<\/font><\/o:p><\/span><\/p>\n<p style=\"margin: 0cm 0cm 0pt; text-align: justify\" class=\"MsoNormal\"><span lang=\"ES-TRAD\"><\/span><\/p>\n<p><span lang=\"ES-TRAD\"><font face=\"Arial\">Solo se recuerda, no se porque hazares del destino solo a las ultimas beatas de este siglo, Sor Mar\u00eda Almagre, Sor margarita L\u00f3pez, Sor Francisca Olvera, Sor Bernarda Almanza, Sor Luisa, Sor Magdalena Rivera, todas ellas monjas de coro y la lega Ma. De Jes\u00fas S\u00e1nchez.<o:p><\/o:p><\/font><\/span><span lang=\"ES-TRAD\"><o:p><font face=\"Arial\">\u00a0<\/font><\/o:p><\/span><\/p>\n<p style=\"margin: 0cm 0cm 0pt; text-align: justify\" class=\"MsoNormal\"><span lang=\"ES-TRAD\"><\/span><\/p>\n<p><span lang=\"ES-TRAD\"><font face=\"Arial\">El templo de este beaterio, es<span>\u00a0 <\/span>de una b\u00f3veda corrida lisa, de una sola nave peque\u00f1a, con coro alto y abajo el osario, dos sacrist\u00edas, la privada y la externa. El altar mayor, estilo neocl\u00e1sico, tiene en el centro a la patrona dominica, Santa catalina de Siena, doctora de la iglesia y en el retablo mayor tiene un cuerpo y un remate, donde existe un lienzo de buena factura de <st1:personname ProductID=\"la Virgen\" w:st=\"on\">la Virgen<\/st1:personname> de Guadalupe, que recuerda los mejores tiempos de este lugar.<o:p><\/o:p><\/font><\/span><span lang=\"ES-TRAD\"><o:p><font face=\"Arial\">\u00a0<\/font><\/o:p><\/span><\/p>\n<p style=\"margin: 0cm 0cm 0pt; text-align: justify\" class=\"MsoNormal\"><span lang=\"ES-TRAD\"><\/span><\/p>\n<p><span lang=\"ES-TRAD\"><font face=\"Arial\">Pareciera, por la ubicaci\u00f3n y construcci\u00f3n de este peque\u00f1o templo guadalupano, como si <st1:personname ProductID=\"la Tonantz\u00edn\" w:st=\"on\">la Tonantz\u00edn<\/st1:personname>, La madre de los dioses, se elevara sobre izcuinapan, en un acto ind\u00edgena de resistencia contra la dominaci\u00f3n europea, como un acto \u00faltimo de guerra, recuerdo las palabras del c\u00f3dice Ram\u00edrez:<o:p><\/o:p><\/font><\/span><span lang=\"ES-TRAD\"><o:p><font face=\"Arial\">\u00a0<\/font><\/o:p><\/span><\/p>\n<p style=\"margin: 0cm 0cm 0pt\" class=\"MsoBodyText3\"><span style=\"font-size: 11pt\" lang=\"ES-TRAD\"><em><\/em><\/span><\/p>\n<p><span style=\"font-size: 11pt\" lang=\"ES-TRAD\"><em><font face=\"Arial\">Pero a estos otom\u00edes los espa\u00f1oles los han arruinado enteramente, los han aniquilado completamente&#8230;.<o:p><\/o:p><\/font><\/em><\/span><span lang=\"ES-TRAD\"><o:p><em><font face=\"Arial\">\u00a0<\/font><\/em><\/o:p><\/span><\/p>\n<p style=\"margin: 0cm 0cm 0pt; text-align: justify\" class=\"MsoNormal\"><span lang=\"ES-TRAD\"><\/span><\/p>\n<p><span lang=\"ES-TRAD\"><font face=\"Arial\">El beaterio dominico parece recordar la edad media, sus muros y arcos bajos rodean un peque\u00f1o patio, todo en gran mamposteo, la sala \u201c De Profundis\u201d, \u00fanico lugar de reuni\u00f3n de las beatas, permanece como mudo testigo de historias que jam\u00e1s ser\u00e1n contadas.<o:p><\/o:p><\/font><\/span><span lang=\"ES-TRAD\"><o:p><font face=\"Arial\">\u00a0<\/font><\/o:p><\/span><\/p>\n<p style=\"margin: 0cm 0cm 0pt; text-align: justify\" class=\"MsoNormal\"><span lang=\"ES-TRAD\"><\/span><\/p>\n<p><span lang=\"ES-TRAD\"><font face=\"Arial\">La tradici\u00f3n se\u00f1ala que las aguas que bajaban del Atascadero no permit\u00edan la construcci\u00f3n del templo y beaterio, pero la divinidad se manifest\u00f3 deteniendo las aguas y de donde sal\u00eda en chorro mas fuerte sirvi\u00f3 de nicho a <st1:personname ProductID=\"la Guadalupana.\" w:st=\"on\">la Guadalupana.<\/st1:personname><o:p><\/o:p><\/font><\/span><span lang=\"ES-TRAD\"><o:p><font face=\"Arial\">\u00a0<\/font><\/o:p><\/span><\/p>\n<p style=\"margin: 0cm 0cm 0pt; text-align: justify\" class=\"MsoNormal\"><span lang=\"ES-TRAD\"><\/span><\/p>\n<p><span lang=\"ES-TRAD\"><font face=\"Arial\">La fiesta de esta patrona mexicana costaba 1400 pesos y se celebraba el cuatro de agosto de cada a\u00f1o, fiesta de santo Domingo de Guzm\u00e1n, fundador de la orden, en un extra\u00f1o mestizaje.<o:p><\/o:p><\/font><\/span><span lang=\"ES-TRAD\"><o:p><font face=\"Arial\">\u00a0<\/font><\/o:p><\/span><\/p>\n<p style=\"margin: 0cm 0cm 0pt; text-align: justify\" class=\"MsoNormal\"><span lang=\"ES-TRAD\"><\/span><\/p>\n<p><span lang=\"ES-TRAD\"><font face=\"Arial\">El otro beaterio que existe y distingue a san Miguel El Grande, es el de santa Ana, se encuentra bajando hacia el poniente, del Oratorio felipense, aparecen sus doncellas por el siglo XVlll, su convento se construy\u00f3 a un costo de 40 mil pesos.<o:p><\/o:p><\/font><\/span><span lang=\"ES-TRAD\"><o:p><font face=\"Arial\">\u00a0<\/font><\/o:p><\/span><\/p>\n<p style=\"margin: 0cm 0cm 0pt; text-align: justify\" class=\"MsoNormal\"><span lang=\"ES-TRAD\"><\/span><\/p>\n<p><span lang=\"ES-TRAD\"><font face=\"Arial\">Un sobrio pero hermoso contrafuerte, da marco a la entrada lateral del templo, lo mismo que al beaterio. Estas mujeres clarisas franciscanas, ten\u00edan para su vida de contemplaci\u00f3n un convento con hermosas arcadas, patio, huerta, habitaciones, todo<span>\u00a0 <\/span>sobrio, fuerte y<span>\u00a0 <\/span>de elegante belleza.<o:p><\/o:p><\/font><\/span><span lang=\"ES-TRAD\"><o:p><font face=\"Arial\">\u00a0<\/font><\/o:p><\/span><\/p>\n<p style=\"margin: 0cm 0cm 0pt; text-align: justify\" class=\"MsoNormal\"><span lang=\"ES-TRAD\"><\/span><\/p>\n<p><span lang=\"ES-TRAD\"><font face=\"Arial\">Tambi\u00e9n es importante nombrar, en este San Miguel El Grande, las capillas de indios levantadas por ellos y para ellos, como<span>\u00a0 <\/span>lo es el templo de La tercera Orden, el de San Juan de Dios y su hospital, el de San Antonio, el de San Jos\u00e9 y<span>\u00a0 <\/span>la llamada Ermita.<o:p><\/o:p><\/font><\/span><span lang=\"ES-TRAD\"><o:p><font face=\"Arial\">\u00a0<\/font><\/o:p><\/span><\/p>\n<p style=\"margin: 0cm 0cm 0pt; text-align: justify\" class=\"MsoNormal\"><span lang=\"ES-TRAD\"><\/span><\/p>\n<p><span lang=\"ES-TRAD\"><font face=\"Arial\">Los Juaninos se hicieron cargo del hospital, a\u00f1adido al templo, tiene este edificio, una arcada alrededor, por tres costados y juntos templo y hospital forman, en la ciudad y<span>\u00a0 <\/span>m\u00e1s concretamente a las afueras de ella, un hermoso conjunto arquitect\u00f3nico.<o:p><\/o:p><\/font><\/span><span lang=\"ES-TRAD\"><o:p><font face=\"Arial\">\u00a0<\/font><\/o:p><\/span><\/p>\n<p style=\"margin: 0cm 0cm 0pt\" class=\"MsoBodyText\"><span style=\"font-size: 11pt; font-family: Arial\" lang=\"ES-TRAD\"><\/span><\/p>\n<p><span style=\"font-size: 11pt; font-family: Arial\" lang=\"ES-TRAD\">Fue construido esta plaza, hospital y templo,<span>\u00a0 <\/span>por el a\u00f1o de 1770 por el cura Manuel de Villegas, tiene tambi\u00e9n su cementerio, lugar muy apreciado por los indios, debido al culto a los antepasados muy arraigado en mesoamerica.<o:p><\/o:p><\/span><span lang=\"ES-TRAD\"><o:p><font face=\"Arial\">\u00a0<\/font><\/o:p><\/span><\/p>\n<p style=\"margin: 0cm 0cm 0pt; text-align: justify\" class=\"MsoNormal\"><strong><span lang=\"ES-TRAD\"><\/span><\/strong><\/p>\n<p><strong><span lang=\"ES-TRAD\"><font face=\"Arial\">Ning\u00fan conocimiento aqu\u00ed<o:p><\/o:p><\/font><\/span><\/strong><\/p>\n<p style=\"margin: 0cm 0cm 0pt; text-align: justify\" class=\"MsoNormal\"><strong><span lang=\"ES-TRAD\"><\/span><\/strong><\/p>\n<p><strong><span lang=\"ES-TRAD\"><font face=\"Arial\">Verdaderamente nada<o:p><\/o:p><\/font><\/span><\/strong><\/p>\n<p style=\"margin: 0cm 0cm 0pt; text-align: justify\" class=\"MsoNormal\"><strong><span lang=\"ES-TRAD\"><\/span><\/strong><\/p>\n<p><strong><span lang=\"ES-TRAD\"><font face=\"Arial\">ni palabra se dec\u00eda acerca de los espa\u00f1oles<o:p><\/o:p><\/font><\/span><\/strong><\/p>\n<p style=\"margin: 0cm 0cm 0pt; text-align: justify\" class=\"MsoNormal\"><strong><span lang=\"ES-TRAD\"><\/span><\/strong><\/p>\n<p><strong><span lang=\"ES-TRAD\"><font face=\"Arial\">antes de que llegaran aqu\u00ed<o:p><\/o:p><\/font><\/span><\/strong><\/p>\n<p style=\"margin: 0cm 0cm 0pt; text-align: justify\" class=\"MsoNormal\"><strong><span lang=\"ES-TRAD\"><\/span><\/strong><\/p>\n<p><strong><span lang=\"ES-TRAD\"><font face=\"Arial\">antes de que se reconociera su reputaci\u00f3n\/<o:p><\/o:p><\/font><\/span><\/strong><\/p>\n<p style=\"margin: 0cm 0cm 0pt; text-align: justify\" class=\"MsoNormal\"><strong><span lang=\"ES-TRAD\"><\/span><\/strong><\/p>\n<p><strong><span lang=\"ES-TRAD\"><font face=\"Arial\">primero reapareci\u00f3 en el cielo un presagio de desgracia<o:p><\/o:p><\/font><\/span><\/strong><\/p>\n<p style=\"margin: 0cm 0cm 0pt; text-align: justify\" class=\"MsoNormal\"><strong><span lang=\"ES-TRAD\"><\/span><\/strong><\/p>\n<p><strong><span lang=\"ES-TRAD\"><font face=\"Arial\">nos asustamos, como si se tratara de una llama&#8230;<o:p><\/o:p><\/font><\/span><\/strong><span lang=\"ES-TRAD\"><o:p><font face=\"Arial\">\u00a0<\/font><\/o:p><\/span><\/p>\n<p style=\"margin: 0cm 0cm 0pt; text-align: justify\" class=\"MsoNormal\"><span lang=\"ES-TRAD\"><\/span><\/p>\n<p style=\"margin: 0cm 0cm 0pt; text-align: justify\" class=\"MsoNormal\"><span lang=\"ES-TRAD\"><\/span><\/p>\n<p><span lang=\"ES-TRAD\"><font face=\"Arial\">\u201cTales fueron los templos y conventos que en todos los estilos en todos los tama\u00f1os y en todas las \u00e9pocas levant\u00f3 la muy rica, unificada y muy cat\u00f3lica Villa de San Miguel El Grande\u201d<o:p><\/o:p><\/font><\/span><\/p>\n","protected":false},"excerpt":{"rendered":"<p>En San Miguel El Grande\u00a0\u00a0\u00a0\u00a0 \u00a0 \u00a0 \u00a0 Templos y conventos \u00a0\u00a0 \u00a0\u00a0\u00a0\u00a0\u00a0\u00a0\u00a0\u00a0\u00a0\u00a0\u00a0\u00a0\u00a0\u00a0\u00a0\u00a0\u00a0\u00a0\u00a0\u00a0\u00a0\u00a0\u00a0\u00a0\u00a0\u00a0\u00a0\u00a0\u00a0\u00a0\u00a0\u00a0 Jos\u00e9 F\u00e9lix Zavala \u00a0\u00a0 Los chichimecas habitantes inmemoriales de esta regi\u00f3n, ten\u00edan sus adoratorios como un jacal hecho de paja muy atusada, cuya hechura solamente a su templo era dedicada y nadie hac\u00eda su casa de aquella manera ni forma.\u00a0 Cuando hab\u00eda [&hellip;]<\/p>\n","protected":false},"author":249,"featured_media":0,"comment_status":"open","ping_status":"closed","sticky":false,"template":"","format":"standard","meta":{"footnotes":""},"categories":[11,9],"tags":[],"class_list":["post-932","post","type-post","status-publish","format-standard","hentry","category-fotografia","category-otros-lugares"],"_links":{"self":[{"href":"http:\/\/eloficiodehistoriar.com.mx\/index.php?rest_route=\/wp\/v2\/posts\/932","targetHints":{"allow":["GET"]}}],"collection":[{"href":"http:\/\/eloficiodehistoriar.com.mx\/index.php?rest_route=\/wp\/v2\/posts"}],"about":[{"href":"http:\/\/eloficiodehistoriar.com.mx\/index.php?rest_route=\/wp\/v2\/types\/post"}],"author":[{"embeddable":true,"href":"http:\/\/eloficiodehistoriar.com.mx\/index.php?rest_route=\/wp\/v2\/users\/249"}],"replies":[{"embeddable":true,"href":"http:\/\/eloficiodehistoriar.com.mx\/index.php?rest_route=%2Fwp%2Fv2%2Fcomments&post=932"}],"version-history":[{"count":1,"href":"http:\/\/eloficiodehistoriar.com.mx\/index.php?rest_route=\/wp\/v2\/posts\/932\/revisions"}],"predecessor-version":[{"id":14321,"href":"http:\/\/eloficiodehistoriar.com.mx\/index.php?rest_route=\/wp\/v2\/posts\/932\/revisions\/14321"}],"wp:attachment":[{"href":"http:\/\/eloficiodehistoriar.com.mx\/index.php?rest_route=%2Fwp%2Fv2%2Fmedia&parent=932"}],"wp:term":[{"taxonomy":"category","embeddable":true,"href":"http:\/\/eloficiodehistoriar.com.mx\/index.php?rest_route=%2Fwp%2Fv2%2Fcategories&post=932"},{"taxonomy":"post_tag","embeddable":true,"href":"http:\/\/eloficiodehistoriar.com.mx\/index.php?rest_route=%2Fwp%2Fv2%2Ftags&post=932"}],"curies":[{"name":"wp","href":"https:\/\/api.w.org\/{rel}","templated":true}]}}