{"id":9351,"date":"2011-07-22T07:01:02","date_gmt":"2011-07-22T13:01:02","guid":{"rendered":"https:\/\/eloficiodehistoriar.com.mx\/?p=9351"},"modified":"2011-07-22T07:01:52","modified_gmt":"2011-07-22T13:01:52","slug":"todo-anada-mal-en-mexico-ante-un-capitalismo-fracasado","status":"publish","type":"post","link":"http:\/\/eloficiodehistoriar.com.mx\/?p=9351","title":{"rendered":"\u00abTodo anda mal\u00bb en M\u00e9xico  ante un capitalismo fracasado"},"content":{"rendered":"<p>\u201cAlgo va mal\u201d<\/p>\n<p>Jos\u00e9 Gil Olmos<\/p>\n<p>An\u00e1lisis<\/p>\n<p>La escena del crimen en Ju\u00e1rez. <\/p>\n<p>(apro)<\/p>\n<p>.- Algo va mal es un libro de Tony Judt que nos zarandea de nuestra pasmosa cotidianidad y, con una mirada transparente, nada pretenciosa, nos muestra y explica las consecuencias del fracaso del sistema econ\u00f3mico neoliberal, sobre todo en una sociedad donde la prioridad es lo material, lo econ\u00f3mico, la individualidad y la mediocre decisi\u00f3n de \u201cdejar hacer, dejar pasar\u201d como regla de oro de la convivencia social.<\/p>\n<p>Judt, jud\u00edo brit\u00e1nico, muri\u00f3 a los 62 a\u00f1os en Estados Unidos por una esclerosis lateral amiotr\u00f3fica que lo dej\u00f3 sin movimiento del cuello hacia abajo. Historiador, escritor y profesor escribi\u00f3 varios libros como Posguerra, Pasado imperfecto, Sobre el olvidado siglo XX y Refugio de la memoria, pero una de sus mejores obras es Algo va mal, escrita a contrapelo de la muerte, en la que realiza una profunda cr\u00edtica al modelo econ\u00f3mico, a la sociedad de mercado, a la derecha conservadora y a la izquierda estancada en sus viejas cr\u00edticas.<\/p>\n<p>Este libro ser\u00e1, sin duda, gu\u00eda de muchos an\u00e1lisis que se hagan de la crisis mundial actual por la profundidad y la claridad de sus razonamientos y la dura cr\u00edtica que hace a todos los grupos de derecha e izquierda que han mal gobernado en los \u00faltimos treinta a\u00f1os.<\/p>\n<p>Aunque su mirada est\u00e1 centrada en Estados Unidos y en Inglaterra, donde lo superficial, lo material, el individualismo, la apat\u00eda y el desinter\u00e9s por la vida pol\u00edtica es lo que cuestiona, lo que Toni Judt dice en Algo va mal podr\u00eda aplicarse en M\u00e9xico, donde por cierto casi todo est\u00e1 mal.<\/p>\n<p>Podr\u00edamos citar tres ejemplos de esto:<\/p>\n<p>\u2013\u201cComo ciudadanos de una sociedad libre tenemos el deber de mirar cr\u00edticamente a nuestro mundo. Si pensamos que algo est\u00e1 mal, debemos actuar en congruencia con ese conocimiento.\u201d<\/p>\n<p>\u2013\u201cSi los ciudadanos activos renuncian a la pol\u00edtica, entonces abandonan su sociedad a manos de funcionarios mediocres y venales\u201d.<\/p>\n<p>\u2013\u201cDebemos hallar la forma de que las autoridades escuchen y respondan a quienes son su base y les paga: nosotros.\u201d<\/p>\n<p>Y una \u00faltima que resulta pertinente en estos momentos en los que en M\u00e9xico se vive una violencia traducida en decenas de miles de muertos y desparecidos y en que se ha vuelto realmente peligroso el activismo social, la defensa de los derechos humanos y la libertad de expresi\u00f3n: \u201cQuienes ostentan el poder tambi\u00e9n han perdido el control, que ahora est\u00e1 en manos de fuerzas que se encuentran fuera de su alcance\u201d.<\/p>\n<p>La crisis del Estado en el pa\u00eds se ha agudizado desde que Miguel de la Madrid y Carlos Salinas de Gortari optaron por el neoliberalismo. Pero la fase de violencia de esta crisis se agrav\u00f3 con la alternancia en el poder, es decir, en la \u00faltima d\u00e9cada con la llegada del PAN a la Presidencia de la Rep\u00fablica.<\/p>\n<p>Aunque este proceso de degradaci\u00f3n de la vida pol\u00edtica nacional se gesta con la dictadura priista, se profundiza con el panismo desde el momento en el que fracasa la transici\u00f3n a la democracia y s\u00f3lo se da una alternancia de partidos en la Presidencia de la Rep\u00fablica. Con Vicente Fox, el PAN nunca se plante\u00f3 romper con las viejas estructuras del poder priista y, con Felipe Calder\u00f3n, se pacta con estos poderes decimon\u00f3nicos y antidemocr\u00e1ticos, siendo el ejemplo m\u00e1s claro el que el michoacano sell\u00f3 con la l\u00edder vitalicia del magisterio, Elba Esther Gordillo.<\/p>\n<p>Con un Estado d\u00e9bil, con los tres poderes de gobierno corrompidos y la econom\u00eda enfocada en el mercado, el fracaso de la transici\u00f3n a la democracia provoc\u00f3 vac\u00edos de poder que fueron llenados por otros poderes f\u00e1cticos:<\/p>\n<p>El narcotr\u00e1fico como un empresa trasnacional, algunos medios de comunicaci\u00f3n \u2013principalmente las televisoras\u2013, y personajes de la pol\u00edtica y la econom\u00eda enriquecidos por negocios l\u00edcitos e il\u00edcitos, como la maestra Gordillo.<\/p>\n<p>Si a esto le sumamos la crisis de la Iglesia cat\u00f3lica por los esc\u00e1ndalos de corrupci\u00f3n y pederastia en su c\u00fapula, la impunidad, la injusticia, el aumento de la pobreza, la falta de empleos y de espacios de educaci\u00f3n, as\u00ed como la ausencia de valores en la sociedad, tenemos frente a nosotros el mejor de los terrenos abonados para el crecimiento del poder del crimen organizado y su concomitante guerra por el territorio, as\u00ed como la gestaci\u00f3n de una espiral de violencia que tiene como saldo 50 mil muertos, 10 mil desaparecidos y otro tanto proporcional de familias afectadas por esta guerra al narcotr\u00e1fico declarada por Calder\u00f3n Hinojosa hace cinco a\u00f1os.<\/p>\n<p>En este contexto podemos decir que mientras en el llamado Primer Mundo algo va mal, como dice Judt, en M\u00e9xico casi todo, sino es que todo, est\u00e1 mal. Lo peor es que la clase gobernante parece no darse cuenta de la emergencia nacional en la que nos encontramos y sigue su propio camino rumbo a las elecciones del 2012, sin tomar en cuenta el clamor de justicia de miles de v\u00edctimas de la guerra y de las demandas de educaci\u00f3n, empleo y bienestar social que reclama la juventud.<\/p>\n<p>\u201cLos que se ganan la vida con su trabajo no quieren lo mismo que los que viven de dividendos e inversiones, los que no necesitan servicios p\u00fablicos no quieren lo mismo que los que dependen de ellos, los que se benefician de la guerra tienen objetivos distintos de los que se oponen a ella\u201d, se\u00f1ala Judt en su obra p\u00f3stuma.<\/p>\n<p>En sus \u00faltimos meses de vida, el historiador brit\u00e1nico dej\u00f3 de moverse, pero su mente segu\u00eda l\u00facida. Una de sus \u00faltimas frases en Algo va mal es una invitaci\u00f3n a todos y, aunque su enfoque estaba centrado en Estados Unidos y Europa, a los mexicanos no nos ir\u00eda mal tomarla en cuenta:<\/p>\n<p>\u201cHa llegado el momento de detenernos a decidir en qu\u00e9 mundo queremos vivir\u201d, advirti\u00f3, y eso es quiz\u00e1 lo que habr\u00eda que pensar ahora que el pa\u00eds vive una de sus peores etapas de violencia, con el poder del crimen organizado a todo galope, una profunda crisis institucional, el descr\u00e9dito y la desconfianza en la pol\u00edtica y en los partidos pol\u00edticos, sin excepci\u00f3n, y las elecciones presidenciales en ciernes.<\/p>\n","protected":false},"excerpt":{"rendered":"<p>\u201cAlgo va mal\u201d Jos\u00e9 Gil Olmos An\u00e1lisis La escena del crimen en Ju\u00e1rez. (apro) .- Algo va mal es un libro de Tony Judt que nos zarandea de nuestra pasmosa cotidianidad y, con una mirada transparente, nada pretenciosa, nos muestra y explica las consecuencias del fracaso del sistema econ\u00f3mico neoliberal, sobre todo en una sociedad [&hellip;]<\/p>\n","protected":false},"author":249,"featured_media":0,"comment_status":"open","ping_status":"closed","sticky":false,"template":"","format":"standard","meta":{"footnotes":""},"categories":[26],"tags":[],"class_list":["post-9351","post","type-post","status-publish","format-standard","hentry","category-mundo"],"_links":{"self":[{"href":"http:\/\/eloficiodehistoriar.com.mx\/index.php?rest_route=\/wp\/v2\/posts\/9351","targetHints":{"allow":["GET"]}}],"collection":[{"href":"http:\/\/eloficiodehistoriar.com.mx\/index.php?rest_route=\/wp\/v2\/posts"}],"about":[{"href":"http:\/\/eloficiodehistoriar.com.mx\/index.php?rest_route=\/wp\/v2\/types\/post"}],"author":[{"embeddable":true,"href":"http:\/\/eloficiodehistoriar.com.mx\/index.php?rest_route=\/wp\/v2\/users\/249"}],"replies":[{"embeddable":true,"href":"http:\/\/eloficiodehistoriar.com.mx\/index.php?rest_route=%2Fwp%2Fv2%2Fcomments&post=9351"}],"version-history":[{"count":2,"href":"http:\/\/eloficiodehistoriar.com.mx\/index.php?rest_route=\/wp\/v2\/posts\/9351\/revisions"}],"predecessor-version":[{"id":9353,"href":"http:\/\/eloficiodehistoriar.com.mx\/index.php?rest_route=\/wp\/v2\/posts\/9351\/revisions\/9353"}],"wp:attachment":[{"href":"http:\/\/eloficiodehistoriar.com.mx\/index.php?rest_route=%2Fwp%2Fv2%2Fmedia&parent=9351"}],"wp:term":[{"taxonomy":"category","embeddable":true,"href":"http:\/\/eloficiodehistoriar.com.mx\/index.php?rest_route=%2Fwp%2Fv2%2Fcategories&post=9351"},{"taxonomy":"post_tag","embeddable":true,"href":"http:\/\/eloficiodehistoriar.com.mx\/index.php?rest_route=%2Fwp%2Fv2%2Ftags&post=9351"}],"curies":[{"name":"wp","href":"https:\/\/api.w.org\/{rel}","templated":true}]}}